{"id":406884,"date":"2020-10-20T18:34:18","date_gmt":"2020-10-20T16:34:18","guid":{"rendered":"https:\/\/hashtag.al\/?p=406884"},"modified":"2020-10-20T18:34:18","modified_gmt":"2020-10-20T16:34:18","slug":"ked-ja-cakton-relatoret-per-vendet-e-lira-ne-gjykaten-kushtetuese-do-vleresojne-kandidatet-per-dy-vendet-vakante","status":"publish","type":"post","link":"https:\/\/www.hashtag.al\/index.php\/2020\/10\/20\/ked-ja-cakton-relatoret-per-vendet-e-lira-ne-gjykaten-kushtetuese-do-vleresojne-kandidatet-per-dy-vendet-vakante\/","title":{"rendered":"KED-ja cakton relator\u00ebt p\u00ebr vendet e lira n\u00eb Gjykat\u00ebn Kushtetuese, do vler\u00ebsojn\u00eb kandidat\u00ebt p\u00ebr dy vendet vakante","gt_translate_keys":[{"key":"rendered","format":"text"}]},"content":{"rendered":"<p><img loading=\"lazy\" decoding=\"async\" class=\"aligncenter size-full wp-image-388009\" src=\"https:\/\/hashtag.al\/wp-content\/uploads\/2020\/07\/KED.png\" alt=\"\" width=\"638\" height=\"345\" srcset=\"https:\/\/www.hashtag.al\/wp-content\/uploads\/2020\/07\/KED.png 638w, https:\/\/www.hashtag.al\/wp-content\/uploads\/2020\/07\/KED-300x162.png 300w\" sizes=\"auto, (max-width: 638px) 100vw, 638px\" \/><\/p>\n<p><span style=\"color: #000000;\">K\u00ebshilli i Em\u00ebrimeve n\u00eb Drejt\u00ebsi n\u00eb mbledhjen e zhvilluar sot ka hedhur nj\u00eb tjet\u00ebr hap drejt em\u00ebrimet t\u00eb an\u00ebtar\u00ebve t\u00eb rinj n\u00eb Gjykat\u00ebn Kushtetuese p\u00ebr ta b\u00ebr\u00eb k\u00ebt\u00eb institucion funksional, q\u00eb \u00ebsht\u00eb kusht p\u00ebr konferenc\u00ebn e par\u00eb nd\u00ebrqeveritare.<\/span><\/p>\n<p><span style=\"color: #000000;\">Sot u hodh shorti p\u00ebr caktimin e relator\u00ebve p\u00ebr ndjekjen e procedurave t\u00eb verifikimit, vler\u00ebsimit, pik\u00ebzimit dhe renditjes s\u00eb kandidat\u00ebve p\u00ebr vendet e lira n\u00eb gjykat\u00ebn Kushtetuese, konkretisht pas largimit t\u00eb Besnik Imerajt dhe Fatos Lulo.<\/span><\/p>\n<p><span style=\"color: #000000;\">&#8221;\u00a0Zhvillimi i procedur\u00ebs s\u00eb shortit p\u00ebr caktimin e an\u00ebtarit relator\u00eb p\u00ebr ndjekjen e pro\u00e7edurave t\u00eb verifikimit, vler\u00ebsimit, pik\u00ebzimit dhe renditjes s\u00eb kandidat\u00ebve per vendin vakant , vakanc\u00eb e parakohshme n\u00eb Gjykat\u00ebn Kushtetuese, shpallur n\u00eb dat\u00ebn 07.02.2018, rishpallur n\u00eb dat\u00ebn 27.09.2019 dhe rishpallur p\u00ebrs\u00ebri nga Presidenti i Republik\u00ebs me Dekretin nr. 11742 dat\u00eb 24.09.2020, p\u00ebr shkak t\u00eb mbarimit parakohe t\u00eb mandatit t\u00eb gjyqtarit Besnik Imeraj.<\/span><\/p>\n<p><span style=\"color: #000000;\">Gjithashtu, po sot \u00ebsht\u00eb hedhur shorti edhe p\u00ebr caktimin e anetarit relator per ndjekjen e procedurave te verifikimit, vler\u00ebsimit, pik\u00ebzimit dhe renditjes s\u00eb kandidat\u00ebve per vendin vakant, vakanc\u00eb e parakohshme n\u00eb Gjykat\u00ebn Kushtetuese, shpallur n\u00eb dat\u00ebn 28.08.2018, rishpallur n\u00eb dat\u00ebn 21.08.2019 dhe rishpallur p\u00ebrs\u00ebri nga Kuvendi i Republik\u00ebs me dat\u00eb 24.09.2020, p\u00ebr shkak t\u00eb mbarimit parakohe t\u00eb mandatit t\u00eb gjyqtarit Fatos Lulo&#8221;, thuhet n\u00eb njoftimin e KED.<\/span><\/p>\n<p><span style=\"color: #000000;\">Pas organizimit t\u00eb k\u00ebtij shorti, rezultatet jan\u00eb si m\u00eb posht\u00eb vijon:<\/span><\/p>\n<p><span style=\"color: #000000;\">Vendi vakant n\u00eb Gjykat\u00ebn Kushtetuese pas largimit t\u00eb Imerajt;<\/span><\/p>\n<p><span style=\"color: #000000;\">1.Mandat i shpallur nga Presidenti i Republik\u00ebs n\u00eb dat\u00ebn 07.02.2018\/27.09.2019\/24.09.2020<\/span><\/p>\n<p><span style=\"color: #000000;\">Relatore an\u00ebtare e KED: Zj. Vitore Tusha<\/span><\/p>\n<p><span style=\"color: #000000;\">K\u00ebshilltar: Sajmir Nazifi<\/span><\/p>\n<p><span style=\"color: #000000;\">Kandidati: Orkida Totojani<\/span><\/p>\n<p><span style=\"color: #000000;\">Altin Binaj<\/span><\/p>\n<p><span style=\"color: #000000;\">Aldona Sylaj<\/span><\/p>\n<p><span style=\"color: #000000;\">K\u00ebshilltar: Besmir Rapaj<\/span><\/p>\n<p><span style=\"color: #000000;\">Kandidati: Eugen Papandile<\/span><\/p>\n<p><span style=\"color: #000000;\">Ardita Buna Alsula<\/span><\/p>\n<p><span style=\"color: #000000;\">K\u00ebshilltar: Aulona Bodo<\/span><\/p>\n<p><span style=\"color: #000000;\">Kandidati: Shaqir Hasanaj<\/span><\/p>\n<p><span style=\"color: #000000;\">Ilir Hasnedari<\/span><\/p>\n<p><span style=\"color: #000000;\">Klajdi Mone<\/span><\/p>\n<p><span style=\"color: #000000;\">K\u00ebshilltar: Laureta Nezaj<\/span><\/p>\n<p><span style=\"color: #000000;\">Kandidati: P\u00ebrparim Kalo<\/span><\/p>\n<p><span style=\"color: #000000;\">Aleksand\u00ebr Toma<\/span><\/p>\n<p><span style=\"color: #000000;\">Vendi vakant n\u00eb Gjykat\u00ebn Kushtetuese pas largimit t\u00eb Lulos;<\/span><\/p>\n<p><span style=\"color: #000000;\">2.Mandat i shpallur nga Kuvendi i Republik\u00ebs n\u00eb dat\u00ebn 28.08.2018\/21.08.2019 \/24.09.2020<\/span><\/p>\n<p><span style=\"color: #000000;\">Relatore an\u00ebtare e KED: Zj. Saida Dollani<\/span><\/p>\n<p><span style=\"color: #000000;\">K\u00ebshilltar: Laureta Nezaj<\/span><\/p>\n<p><span style=\"color: #000000;\">Kandidati: Ardita Buna Alsula<\/span><\/p>\n<p><span style=\"color: #000000;\">K\u00ebshilltar: Sajmir Nazifi<\/span><\/p>\n<p><span style=\"color: #000000;\">Kandidati: Altin Binaj<\/span><\/p>\n<p><span style=\"color: #000000;\">K\u00ebshilltar: Besmir Rapaj<\/span><\/p>\n<p><span style=\"color: #000000;\">Kandidati: Ilir Hasnedari<\/span><\/p>\n<p><span style=\"color: #000000;\">Me nisjen e k\u00ebsaj faze, KED ka marr\u00eb t\u00eb gjitha masat e duhura p\u00ebr t\u00eb realizuar nj\u00eb proces t\u00eb rregullt ligjor, efektiv dhe t\u00eb shpejt\u00eb, n\u00ebp\u00ebrmjet kryerjes s\u00eb nj\u00eb hetimi dhe verifikimi t\u00eb thell\u00eb e t\u00eb kujdessh\u00ebm p\u00ebr secilin nga kandidat\u00ebt konkurues p\u00ebr vendet vakante.<\/span><\/p>\n<p><span style=\"color: #000000;\">Megjithat\u00eb,\u00a0 n\u00eb njoftimin e KED thuhet se pavar\u00ebsisht nga angazhimi maksimal i k\u00ebtij k\u00ebshilli, thell\u00ebsia e procesit t\u00eb verifikimit, besueshm\u00ebria, integriteti dhe shpejt\u00ebsia e tij varet gjithashtu edhe nga kontrolli dhe informacionet q\u00eb duhet t\u00eb d\u00ebrgohen nga institucionet publike si: Komisioni i Pavarur i Kualifikimit, Kolegji i Posa\u00e7\u00ebm i Apelimit, Inspektorati i Lart\u00eb i Deklarimit dhe Kontrollit t\u00eb Pasurive dhe Konfliktit t\u00eb Interesave, Prokuroria e P\u00ebrgjithshme, Autoriteti i Dosjeve, etj., si dhe subjektet private, t\u00eb cilat sipas dispozitave ligjore, duhet t\u2019i kthejn\u00eb p\u00ebrgjigjet n\u00eb koh\u00ebn m\u00eb t\u00eb shpejt\u00eb t\u00eb mundshme, me informacione t\u00eb plota dhe t\u00eb sakta n\u00eb sh\u00ebrbim t\u00eb realizimit me sukses t\u00eb misionit kushtetues e ligjor t\u00eb KED.<\/span><\/p>\n<p>&nbsp;<\/p>\n","protected":false,"gt_translate_keys":[{"key":"rendered","format":"html"}]},"excerpt":{"rendered":"<p>K\u00ebshilli i Em\u00ebrimeve n\u00eb Drejt\u00ebsi n\u00eb mbledhjen e zhvilluar sot ka hedhur nj\u00eb tjet\u00ebr hap drejt em\u00ebrimet t\u00eb an\u00ebtar\u00ebve t\u00eb rinj n\u00eb Gjykat\u00ebn Kushtetuese p\u00ebr ta b\u00ebr\u00eb k\u00ebt\u00eb institucion funksional, q\u00eb \u00ebsht\u00eb kusht p\u00ebr konferenc\u00ebn e par\u00eb nd\u00ebrqeveritare. Sot u hodh shorti p\u00ebr caktimin e relator\u00ebve p\u00ebr ndjekjen e procedurave t\u00eb verifikimit, vler\u00ebsimit, pik\u00ebzimit dhe [&hellip;]<\/p>\n","protected":false,"gt_translate_keys":[{"key":"rendered","format":"html"}]},"author":32,"featured_media":388009,"comment_status":"open","ping_status":"open","sticky":false,"template":"","format":"standard","meta":{"footnotes":""},"categories":[65,13],"tags":[],"class_list":["post-406884","post","type-post","status-publish","format-standard","has-post-thumbnail","hentry","category-lajme","category-te-fundit"],"gt_translate_keys":[{"key":"link","format":"url"}],"_links":{"self":[{"href":"https:\/\/www.hashtag.al\/index.php\/wp-json\/wp\/v2\/posts\/406884","targetHints":{"allow":["GET"]}}],"collection":[{"href":"https:\/\/www.hashtag.al\/index.php\/wp-json\/wp\/v2\/posts"}],"about":[{"href":"https:\/\/www.hashtag.al\/index.php\/wp-json\/wp\/v2\/types\/post"}],"author":[{"embeddable":true,"href":"https:\/\/www.hashtag.al\/index.php\/wp-json\/wp\/v2\/users\/32"}],"replies":[{"embeddable":true,"href":"https:\/\/www.hashtag.al\/index.php\/wp-json\/wp\/v2\/comments?post=406884"}],"version-history":[{"count":0,"href":"https:\/\/www.hashtag.al\/index.php\/wp-json\/wp\/v2\/posts\/406884\/revisions"}],"wp:featuredmedia":[{"embeddable":true,"href":"https:\/\/www.hashtag.al\/index.php\/wp-json\/wp\/v2\/media\/388009"}],"wp:attachment":[{"href":"https:\/\/www.hashtag.al\/index.php\/wp-json\/wp\/v2\/media?parent=406884"}],"wp:term":[{"taxonomy":"category","embeddable":true,"href":"https:\/\/www.hashtag.al\/index.php\/wp-json\/wp\/v2\/categories?post=406884"},{"taxonomy":"post_tag","embeddable":true,"href":"https:\/\/www.hashtag.al\/index.php\/wp-json\/wp\/v2\/tags?post=406884"}],"curies":[{"name":"wp","href":"https:\/\/api.w.org\/{rel}","templated":true}]}}