{"id":406866,"date":"2020-10-20T17:06:23","date_gmt":"2020-10-20T15:06:23","guid":{"rendered":"https:\/\/hashtag.al\/?p=406866"},"modified":"2020-10-20T17:30:12","modified_gmt":"2020-10-20T15:30:12","slug":"meta-pret-dendias-in-ceshtja-e-detit-sipas-konventes-se-okb-se-e-vendimit-te-gjykates-kushtetuese-te-shqiperise","status":"publish","type":"post","link":"https:\/\/www.hashtag.al\/index.php\/2020\/10\/20\/meta-pret-dendias-in-ceshtja-e-detit-sipas-konventes-se-okb-se-e-vendimit-te-gjykates-kushtetuese-te-shqiperise\/","title":{"rendered":"Meta pret Dendias-in: \u00c7\u00ebshtja e detit sipas OKB-s\u00eb e vendimit t\u00eb Gjykat\u00ebs Kushtetuese t\u00eb Shqip\u00ebris\u00eb","gt_translate_keys":[{"key":"rendered","format":"text"}]},"content":{"rendered":"<p><img loading=\"lazy\" decoding=\"async\" class=\"aligncenter size-full wp-image-406867\" src=\"https:\/\/hashtag.al\/wp-content\/uploads\/2020\/10\/metadendias.jpeg\" alt=\"\" width=\"675\" height=\"450\" srcset=\"https:\/\/www.hashtag.al\/wp-content\/uploads\/2020\/10\/metadendias.jpeg 675w, https:\/\/www.hashtag.al\/wp-content\/uploads\/2020\/10\/metadendias-300x200.jpeg 300w\" sizes=\"auto, (max-width: 675px) 100vw, 675px\" \/><\/p>\n<p><span style=\"color: #000000;\">Pas takimit me kryeministrin Rama, ministri i Jasht\u00ebm i Greqis\u00eb, Dendias, \u00ebsht\u00eb pritur nga presidenti Meta. <\/span><\/p>\n<p><span style=\"color: #000000;\">Kreu i shtetit vler\u00ebsoi marr\u00ebdh\u00ebniet Shqip\u00ebri-Greqi si nd\u00ebr prioritetet kryesore t\u00eb politik\u00ebs s\u00eb jashtme t\u00eb Shqip\u00ebris\u00eb dhe theksoi se k\u00ebto marr\u00ebdh\u00ebnie duhet t\u00eb vazhdojn\u00eb t\u00eb zhvillohen n\u00eb frym\u00ebn e fqinj\u00ebsis\u00eb s\u00eb mir\u00eb, t\u00eb lidhura nga interesat strategjike, partneriteti i ngusht\u00eb n\u00eb NATO, perspektiva e p\u00ebrbashk\u00ebt europiane dhe interesat ekonomike t\u00eb t\u00eb dy vendeve.<\/span><\/p>\n<p><span style=\"color: #000000;\">Meta e fal\u00ebnderoi ministrin Dendias p\u00ebr solidaritetin dhe mb\u00ebshtetjen e Greqis\u00eb n\u00eb rastin e t\u00ebrmetit t\u00eb 26 n\u00ebntorit 2019, si dhe p\u00ebr bashk\u00ebpunimin n\u00eb lidhje me situat\u00ebn e krijuar nga pandemia Covid-19.<\/span><\/p>\n<p><span style=\"color: #000000;\">N\u00eb lidhje me \u00e7\u00ebshtjen e delimitimit t\u00eb hap\u00ebsir\u00ebs detare nd\u00ebrmjet dy vendeve, presidenti i Republik\u00ebs theksoi se ai ka inkurajuar dhe do t\u00eb inkurajoj\u00eb q\u00eb ajo t\u00eb trajtohet p\u00ebrmes nj\u00eb dialogu t\u00eb sinqert\u00eb dhe respekti reciprok, duke synuar nj\u00eb zgjidhje t\u00eb p\u00ebrhershme dhe t\u00eb q\u00ebndrueshme.<\/span><\/p>\n<p><span style=\"color: #000000;\">\u00a0<em>\u201cMarr\u00ebveshja p\u00ebr k\u00ebt\u00eb \u00e7\u00ebshtje t\u00eb r\u00ebnd\u00ebsishme duhet t\u00eb jet\u00eb n\u00eb p\u00ebrputhje me Konvent\u00ebn e Kombeve t\u00eb Bashkuara mbi Ligjin e Detit, me legjislacionin e t\u00eb dy vendeve dhe Vendimin e Gjykat\u00ebs Kushtetuese t\u00eb Republik\u00ebs s\u00eb Shqip\u00ebris\u00eb.\u201d<\/em> &#8211; theksoi Meta.<\/span><\/p>\n","protected":false,"gt_translate_keys":[{"key":"rendered","format":"html"}]},"excerpt":{"rendered":"<p>Pas takimit me kryeministrin Rama, ministri i Jasht\u00ebm i Greqis\u00eb, Dendias, \u00ebsht\u00eb pritur nga presidenti Meta. Kreu i shtetit vler\u00ebsoi marr\u00ebdh\u00ebniet Shqip\u00ebri-Greqi si nd\u00ebr prioritetet kryesore t\u00eb politik\u00ebs s\u00eb jashtme t\u00eb Shqip\u00ebris\u00eb dhe theksoi se k\u00ebto marr\u00ebdh\u00ebnie duhet t\u00eb vazhdojn\u00eb t\u00eb zhvillohen n\u00eb frym\u00ebn e fqinj\u00ebsis\u00eb s\u00eb mir\u00eb, t\u00eb lidhura nga interesat strategjike, partneriteti i [&hellip;]<\/p>\n","protected":false,"gt_translate_keys":[{"key":"rendered","format":"html"}]},"author":51,"featured_media":406867,"comment_status":"open","ping_status":"open","sticky":false,"template":"","format":"standard","meta":{"footnotes":""},"categories":[65,13],"tags":[],"class_list":["post-406866","post","type-post","status-publish","format-standard","has-post-thumbnail","hentry","category-lajme","category-te-fundit"],"gt_translate_keys":[{"key":"link","format":"url"}],"_links":{"self":[{"href":"https:\/\/www.hashtag.al\/index.php\/wp-json\/wp\/v2\/posts\/406866","targetHints":{"allow":["GET"]}}],"collection":[{"href":"https:\/\/www.hashtag.al\/index.php\/wp-json\/wp\/v2\/posts"}],"about":[{"href":"https:\/\/www.hashtag.al\/index.php\/wp-json\/wp\/v2\/types\/post"}],"author":[{"embeddable":true,"href":"https:\/\/www.hashtag.al\/index.php\/wp-json\/wp\/v2\/users\/51"}],"replies":[{"embeddable":true,"href":"https:\/\/www.hashtag.al\/index.php\/wp-json\/wp\/v2\/comments?post=406866"}],"version-history":[{"count":0,"href":"https:\/\/www.hashtag.al\/index.php\/wp-json\/wp\/v2\/posts\/406866\/revisions"}],"wp:featuredmedia":[{"embeddable":true,"href":"https:\/\/www.hashtag.al\/index.php\/wp-json\/wp\/v2\/media\/406867"}],"wp:attachment":[{"href":"https:\/\/www.hashtag.al\/index.php\/wp-json\/wp\/v2\/media?parent=406866"}],"wp:term":[{"taxonomy":"category","embeddable":true,"href":"https:\/\/www.hashtag.al\/index.php\/wp-json\/wp\/v2\/categories?post=406866"},{"taxonomy":"post_tag","embeddable":true,"href":"https:\/\/www.hashtag.al\/index.php\/wp-json\/wp\/v2\/tags?post=406866"}],"curies":[{"name":"wp","href":"https:\/\/api.w.org\/{rel}","templated":true}]}}