{"id":406775,"date":"2020-10-20T11:41:07","date_gmt":"2020-10-20T09:41:07","guid":{"rendered":"https:\/\/hashtag.al\/?p=406775"},"modified":"2020-10-20T11:52:46","modified_gmt":"2020-10-20T09:52:46","slug":"rama-ben-moral-per-maskat-por-e-heq-dhe-vete","status":"publish","type":"post","link":"https:\/\/www.hashtag.al\/index.php\/2020\/10\/20\/rama-ben-moral-per-maskat-por-e-heq-dhe-vete\/","title":{"rendered":"Rama b\u00ebn moral p\u00ebr maskat por e heq dhe vet\u00eb","gt_translate_keys":[{"key":"rendered","format":"text"}]},"content":{"rendered":"<p><span style=\"color: #000000;\"><a style=\"color: #000000;\" href=\"https:\/\/hashtag.al\/wp-content\/uploads\/2020\/10\/EDI-RAMA-3.jpg\"><img loading=\"lazy\" decoding=\"async\" class=\"aligncenter size-full wp-image-406776\" src=\"https:\/\/hashtag.al\/wp-content\/uploads\/2020\/10\/EDI-RAMA-3.jpg\" alt=\"\" width=\"3264\" height=\"1632\" srcset=\"https:\/\/www.hashtag.al\/wp-content\/uploads\/2020\/10\/EDI-RAMA-3.jpg 3264w, https:\/\/www.hashtag.al\/wp-content\/uploads\/2020\/10\/EDI-RAMA-3-300x150.jpg 300w, https:\/\/www.hashtag.al\/wp-content\/uploads\/2020\/10\/EDI-RAMA-3-768x384.jpg 768w, https:\/\/www.hashtag.al\/wp-content\/uploads\/2020\/10\/EDI-RAMA-3-1024x512.jpg 1024w\" sizes=\"auto, (max-width: 3264px) 100vw, 3264px\" \/><\/a><\/span><\/p>\n<p><span style=\"color: #000000;\">Kreu i qeveris\u00eb Edi Rama ka mbledhur sot Task Forc\u00ebn ku po flet p\u00ebr masat e qeveris\u00eb kund\u00ebr Covidit.<\/span><\/p>\n<p><span style=\"color: #000000;\">Ai tha q\u00eb mbyllja e dyt\u00eb \u00ebsht\u00eb e mundshme, n\u00eb rast se shtohen t\u00eb infektuarit me shifra shum\u00eb t\u00eb larta.<\/span><\/p>\n<p><span style=\"color: #000000;\">Nd\u00ebrsa u b\u00ebnte kritika qytetetar\u00ebve p\u00ebr mosmbajtjen e mask\u00ebs, Rama vet\u00eb e hoqi at\u00eb nd\u00ebrkoh\u00eb q\u00eb n\u00eb fillim e mbante.<\/span><\/p>\n<p><span style=\"color: #000000;\"><em>&#8220;Un\u00eb personalisht kur dal dhe v\u00eb k\u00ebt\u00eb nuk ndihem as i lumtur dhe as i \u00e7liruar dhe nuk \u00eb v\u00eb k\u00ebt\u00eb nga frika se do m\u00eb ndaloj\u00eb policia n\u00eb rrug\u00eb, por e v\u00eb se \u00ebsht\u00eb detyrim fillestar, elementar, thelb\u00ebsor, njer\u00ebzor dhe qytetar p\u00ebr t\u00eb mos u b\u00ebr\u00eb shkak q\u00eb t\u00eb tjer\u00ebt t\u00eb marrin infeksionin n\u00eb rsst se e marr un\u00eb por edhe p\u00ebr t\u00eb kontribuar q\u00eb t\u00eb b\u00ebjm\u00eb di\u00e7ka t\u00eb gjith\u00eb s\u00eb bashku.&#8221;<\/em>&#8211; tha Rama.<\/span><\/p>\n<p><span style=\"color: #000000;\">Pasi p\u00ebrs\u00ebriti q\u00ebndrimin e qeveris\u00eb se rimbyllja nuk \u00ebsht\u00eb opsion u b\u00ebri thirrje qytetar\u00ebve q\u00eb t\u00eb zbatojn\u00eb masat e thjeshta.<\/span><\/p>\n<p><span style=\"color: #000000;\"><em>\u00a0\u201cUn\u00eb dhe ministrja jemi me fat, pasi skuadra jon\u00eb e ekspert\u00ebve \u00ebsht\u00eb e nivelit t\u00eb lart\u00eb nd\u00ebrkomb\u00ebtar, dhe jemi adaptuar si\u00e7 jan\u00eb adaptuar t\u00eb gjith\u00eb. Sot q\u00eb flasim, vendosja e detyruar e mask\u00ebs vijon q\u00eb t\u00eb krijoj\u00eb polemika n\u00eb Europ\u00eb dhe n\u00eb Amerik\u00eb.<\/em><\/span><\/p>\n<p><span style=\"color: #000000;\"><em>Ne nuk duam t\u00eb mbyllemi, nuk duam t\u2019iu themi njer\u00ebzve q\u00eb shkojn\u00eb n\u00eb pun\u00eb, rrini n\u00eb sht\u00ebpi. Nuk duam t\u2019iu themi atyre q\u00eb l\u00ebvizin, q\u00eb t\u00eb mos l\u00ebvizin m\u00eb, nuk duam q\u00eb t\u00eb mbyllim shkollat, nuk duam t\u2019iu themi student\u00ebve q\u00eb edhe k\u00ebt\u00eb vit t\u00eb rrim\u00eb n\u00eb sht\u00ebpi.<\/em><\/span><\/p>\n<p><span style=\"color: #000000;\"><em>Nuk duam po si mund t\u2019i bashkojm\u00eb k\u00ebto t\u00eb dyja, d\u00ebshir\u00ebn p\u00ebr mos t\u2019u mbyllur, dhe mund\u00ebsin\u00eb e mbytjes nga infeksionet.\u00a0 <\/em>Mbytja mund t\u00eb vij\u00eb n\u00eb pak jav\u00eb n\u00ebse nuk mbrohemi. E duan q\u00eb Covidin ta vras\u00eb shteti me \u00e7ifte.<\/span><\/p>\n<p><span style=\"color: #000000;\"><em>Duan t\u00eb jetojn\u00eb syhapur dhe t\u00eb d\u00ebgjojn\u00eb muzik\u00eb dhe jo z\u00ebrin e arsyes. Dhe ku ia mbyll muzik\u00ebn d\u00ebgjojn\u00eb ca q\u00eb b\u00ebjn\u00eb konspiracion q\u00eb Bill Gates do t\u2019iu fus\u00eb \u00e7ipa n\u00eb trup. Nuk po i k\u00ebrkohet njeriut t\u00eb plagoset p\u00ebr atdheun, por t\u00eb mos dal\u00eb nga sht\u00ebpia pa v\u00ebn\u00eb mask\u00ebn, t\u00eb ruaj\u00eb distanc\u00ebn dhe t\u00eb mos e provokoj\u00eb k\u00ebt\u00eb armik t\u00eb p\u00ebrbashk\u00ebt\u201d<\/em><em>,<\/em> deklaroi Rama.<\/span><\/p>\n<p><span style=\"color: #000000;\">P\u00ebr shmangien e nj\u00eb mbyllje t\u00eb dyt\u00eb t\u00eb vendit, qeveria ashp\u00ebrsoi masat anti-covid duke e b\u00ebr\u00eb t\u00eb detyrueshme mbajtjen e mask\u00ebs edhe n\u00eb rrug\u00eb. N\u00eb rast t\u00eb moszbatimit t\u00eb k\u00ebtyre masave, parashikohen gjoba p\u00ebr qytetar\u00ebt.<\/span><\/p>\n<p><span style=\"color: #000000;\">Rama tha se kjo po b\u00ebhet p\u00ebr t\u00eb shmangur nj\u00eb mbyllje t\u00eb dyt\u00eb q\u00eb vendi yn\u00eb nuk e p\u00ebrballon dot.<\/span><\/p>\n","protected":false,"gt_translate_keys":[{"key":"rendered","format":"html"}]},"excerpt":{"rendered":"<p>Kreu i qeveris\u00eb Edi Rama ka mbledhur sot Task Forc\u00ebn ku po flet p\u00ebr masat e qeveris\u00eb kund\u00ebr Covidit. Ai tha q\u00eb mbyllja e dyt\u00eb \u00ebsht\u00eb e mundshme, n\u00eb rast se shtohen t\u00eb infektuarit me shifra shum\u00eb t\u00eb larta. Nd\u00ebrsa u b\u00ebnte kritika qytetetar\u00ebve p\u00ebr mosmbajtjen e mask\u00ebs, Rama vet\u00eb e hoqi at\u00eb nd\u00ebrkoh\u00eb q\u00eb [&hellip;]<\/p>\n","protected":false,"gt_translate_keys":[{"key":"rendered","format":"html"}]},"author":30,"featured_media":406776,"comment_status":"open","ping_status":"open","sticky":false,"template":"","format":"standard","meta":{"footnotes":""},"categories":[65,13],"tags":[],"class_list":["post-406775","post","type-post","status-publish","format-standard","has-post-thumbnail","hentry","category-lajme","category-te-fundit"],"gt_translate_keys":[{"key":"link","format":"url"}],"_links":{"self":[{"href":"https:\/\/www.hashtag.al\/index.php\/wp-json\/wp\/v2\/posts\/406775","targetHints":{"allow":["GET"]}}],"collection":[{"href":"https:\/\/www.hashtag.al\/index.php\/wp-json\/wp\/v2\/posts"}],"about":[{"href":"https:\/\/www.hashtag.al\/index.php\/wp-json\/wp\/v2\/types\/post"}],"author":[{"embeddable":true,"href":"https:\/\/www.hashtag.al\/index.php\/wp-json\/wp\/v2\/users\/30"}],"replies":[{"embeddable":true,"href":"https:\/\/www.hashtag.al\/index.php\/wp-json\/wp\/v2\/comments?post=406775"}],"version-history":[{"count":0,"href":"https:\/\/www.hashtag.al\/index.php\/wp-json\/wp\/v2\/posts\/406775\/revisions"}],"wp:featuredmedia":[{"embeddable":true,"href":"https:\/\/www.hashtag.al\/index.php\/wp-json\/wp\/v2\/media\/406776"}],"wp:attachment":[{"href":"https:\/\/www.hashtag.al\/index.php\/wp-json\/wp\/v2\/media?parent=406775"}],"wp:term":[{"taxonomy":"category","embeddable":true,"href":"https:\/\/www.hashtag.al\/index.php\/wp-json\/wp\/v2\/categories?post=406775"},{"taxonomy":"post_tag","embeddable":true,"href":"https:\/\/www.hashtag.al\/index.php\/wp-json\/wp\/v2\/tags?post=406775"}],"curies":[{"name":"wp","href":"https:\/\/api.w.org\/{rel}","templated":true}]}}