{"id":406766,"date":"2020-10-20T11:27:59","date_gmt":"2020-10-20T09:27:59","guid":{"rendered":"https:\/\/hashtag.al\/?p=406766"},"modified":"2020-10-20T12:34:52","modified_gmt":"2020-10-20T10:34:52","slug":"protestuesit-perplasen-me-policine-para-ministrise-se-jashtme","status":"publish","type":"post","link":"https:\/\/www.hashtag.al\/index.php\/2020\/10\/20\/protestuesit-perplasen-me-policine-para-ministrise-se-jashtme\/","title":{"rendered":"Protestuesit p\u00ebrplasen me policin\u00eb para Ministris\u00eb s\u00eb Jashtme","gt_translate_keys":[{"key":"rendered","format":"text"}]},"content":{"rendered":"<p><span style=\"color: #000000;\"><a style=\"color: #000000;\" href=\"https:\/\/hashtag.al\/wp-content\/uploads\/2020\/10\/protestaa.jpg\"><img loading=\"lazy\" decoding=\"async\" class=\"aligncenter size-full wp-image-406770\" src=\"https:\/\/hashtag.al\/wp-content\/uploads\/2020\/10\/protestaa.jpg\" alt=\"\" width=\"923\" height=\"456\" srcset=\"https:\/\/www.hashtag.al\/wp-content\/uploads\/2020\/10\/protestaa.jpg 923w, https:\/\/www.hashtag.al\/wp-content\/uploads\/2020\/10\/protestaa-300x148.jpg 300w, https:\/\/www.hashtag.al\/wp-content\/uploads\/2020\/10\/protestaa-768x379.jpg 768w\" sizes=\"auto, (max-width: 923px) 100vw, 923px\" \/><\/a><\/span><\/p>\n<p><span style=\"color: #000000;\">Tensione n\u00eb protest\u00ebn q\u00eb po zhvillohet p\u00ebrball\u00eb Ministris\u00eb s\u00eb Jashtme nga aktivist\u00ebt e PDIU-s\u00eb.<\/span><\/p>\n<p><span style=\"color: #000000;\">Protestuesit jan\u00eb p\u00ebrplasur me efektiv\u00ebt e policis\u00eb, q\u00eb k\u00ebrkojn\u00eb t\u00eb shp\u00ebrndajn\u00eb turm\u00ebn e cila nuk ka leje p\u00ebr k\u00ebt\u00eb tubim.<\/span><\/p>\n<p><span style=\"color: #000000;\">Deri m\u00eb tani policia ka shoq\u00ebruar n\u00eb komisariat disa persona.<\/span><\/p>\n<p><span style=\"color: #000000;\">Kjo protest\u00eb u thirr p\u00ebr shkak t\u00eb takimit q\u00eb pritet t\u00eb mbahet n\u00eb Tiran\u00eb mes ministrit t\u00eb Jasht\u00ebm Grek Niko Dendias dhe kryeministrit Edi Rama.<\/span><\/p>\n<p><span style=\"color: #000000;\"><a style=\"color: #000000;\" href=\"https:\/\/hashtag.al\/wp-content\/uploads\/2020\/10\/PDIU-protesta-ministri-i-jashtem-Dendias.jpg\"><img loading=\"lazy\" decoding=\"async\" class=\"aligncenter size-full wp-image-406772\" src=\"https:\/\/hashtag.al\/wp-content\/uploads\/2020\/10\/PDIU-protesta-ministri-i-jashtem-Dendias.jpg\" alt=\"\" width=\"1500\" height=\"787\" srcset=\"https:\/\/www.hashtag.al\/wp-content\/uploads\/2020\/10\/PDIU-protesta-ministri-i-jashtem-Dendias.jpg 1500w, https:\/\/www.hashtag.al\/wp-content\/uploads\/2020\/10\/PDIU-protesta-ministri-i-jashtem-Dendias-300x157.jpg 300w, https:\/\/www.hashtag.al\/wp-content\/uploads\/2020\/10\/PDIU-protesta-ministri-i-jashtem-Dendias-768x403.jpg 768w, https:\/\/www.hashtag.al\/wp-content\/uploads\/2020\/10\/PDIU-protesta-ministri-i-jashtem-Dendias-1024x537.jpg 1024w\" sizes=\"auto, (max-width: 1500px) 100vw, 1500px\" \/><\/a><\/span><\/p>\n<p><span style=\"color: #000000;\">Q\u00ebllimi i k\u00ebsaj proteste sipas PDIU-s\u00eb \u00ebsht\u00eb p\u00ebr zgjidhjen e \u00e7\u00ebshtjes \u00c7ame, heqjen e ligjit t\u00eb luft\u00ebs si dhe p\u00ebr \u00e7\u00ebshtjen e detit.<\/span><\/p>\n<p><span style=\"color: #000000;\">Kreu i PDIU-s\u00eb Shp\u00ebtim Idrizi, tha se do i vijojn\u00eb protestat lidhur me k\u00ebt\u00eb \u00e7\u00ebshtje.<\/span><\/p>\n<p><span style=\"color: #000000;\"><em>\u00a0\u201cDo vazhdojm\u00eb t\u00eb protestojm\u00eb dhe i b\u00ebj thirrje t\u00eb gjith\u00eb shqiptar\u00ebve. S\u2019mund t\u00eb lejojm\u00eb q\u00eb idjot\u00ebt e dobish\u00ebm t\u00eb Athin\u00ebs n\u00eb Shqip\u00ebri dhe eunuk\u00ebt q\u00eb rrin\u00eb n\u00eb zyrat e shtetit shqiptar t\u00eb vazhdojn\u00eb me deviz\u00ebn e Greqis\u00eb dhe Serbis\u00eb. \u00c7far\u00eb \u00ebsht\u00eb e atyre \u00ebsht\u00eb e atyre, \u00e7far\u00eb \u00ebsht\u00eb e Shqip\u00ebris\u00eb \u00ebsht\u00eb e diskutueshme. Boll m\u00eb kjo s\u2019mund t\u00eb jet\u00eb m\u00eb k\u00ebshtu\u201d-<\/em> tha Idrizi.<\/span><\/p>\n<p><span style=\"color: #000000;\"> <a style=\"color: #000000;\" href=\"https:\/\/hashtag.al\/wp-content\/uploads\/2020\/10\/PDIU.jpg\"><img loading=\"lazy\" decoding=\"async\" class=\"aligncenter wp-image-406769\" src=\"https:\/\/hashtag.al\/wp-content\/uploads\/2020\/10\/PDIU.jpg\" alt=\"\" width=\"600\" height=\"478\" \/><\/a> <a style=\"color: #000000;\" href=\"https:\/\/hashtag.al\/wp-content\/uploads\/2020\/10\/c.jpg\"><img loading=\"lazy\" decoding=\"async\" class=\"aligncenter size-full wp-image-406767\" src=\"https:\/\/hashtag.al\/wp-content\/uploads\/2020\/10\/c.jpg\" alt=\"\" width=\"923\" height=\"513\" srcset=\"https:\/\/www.hashtag.al\/wp-content\/uploads\/2020\/10\/c.jpg 923w, https:\/\/www.hashtag.al\/wp-content\/uploads\/2020\/10\/c-300x167.jpg 300w, https:\/\/www.hashtag.al\/wp-content\/uploads\/2020\/10\/c-768x427.jpg 768w\" sizes=\"auto, (max-width: 923px) 100vw, 923px\" \/><\/a><\/span><\/p>\n","protected":false,"gt_translate_keys":[{"key":"rendered","format":"html"}]},"excerpt":{"rendered":"<p>Tensione n\u00eb protest\u00ebn q\u00eb po zhvillohet p\u00ebrball\u00eb Ministris\u00eb s\u00eb Jashtme nga aktivist\u00ebt e PDIU-s\u00eb. Protestuesit jan\u00eb p\u00ebrplasur me efektiv\u00ebt e policis\u00eb, q\u00eb k\u00ebrkojn\u00eb t\u00eb shp\u00ebrndajn\u00eb turm\u00ebn e cila nuk ka leje p\u00ebr k\u00ebt\u00eb tubim. Deri m\u00eb tani policia ka shoq\u00ebruar n\u00eb komisariat disa persona. Kjo protest\u00eb u thirr p\u00ebr shkak t\u00eb takimit q\u00eb pritet t\u00eb [&hellip;]<\/p>\n","protected":false,"gt_translate_keys":[{"key":"rendered","format":"html"}]},"author":30,"featured_media":406770,"comment_status":"open","ping_status":"open","sticky":false,"template":"","format":"standard","meta":{"footnotes":""},"categories":[65,13],"tags":[],"class_list":["post-406766","post","type-post","status-publish","format-standard","has-post-thumbnail","hentry","category-lajme","category-te-fundit"],"gt_translate_keys":[{"key":"link","format":"url"}],"_links":{"self":[{"href":"https:\/\/www.hashtag.al\/index.php\/wp-json\/wp\/v2\/posts\/406766","targetHints":{"allow":["GET"]}}],"collection":[{"href":"https:\/\/www.hashtag.al\/index.php\/wp-json\/wp\/v2\/posts"}],"about":[{"href":"https:\/\/www.hashtag.al\/index.php\/wp-json\/wp\/v2\/types\/post"}],"author":[{"embeddable":true,"href":"https:\/\/www.hashtag.al\/index.php\/wp-json\/wp\/v2\/users\/30"}],"replies":[{"embeddable":true,"href":"https:\/\/www.hashtag.al\/index.php\/wp-json\/wp\/v2\/comments?post=406766"}],"version-history":[{"count":0,"href":"https:\/\/www.hashtag.al\/index.php\/wp-json\/wp\/v2\/posts\/406766\/revisions"}],"wp:featuredmedia":[{"embeddable":true,"href":"https:\/\/www.hashtag.al\/index.php\/wp-json\/wp\/v2\/media\/406770"}],"wp:attachment":[{"href":"https:\/\/www.hashtag.al\/index.php\/wp-json\/wp\/v2\/media?parent=406766"}],"wp:term":[{"taxonomy":"category","embeddable":true,"href":"https:\/\/www.hashtag.al\/index.php\/wp-json\/wp\/v2\/categories?post=406766"},{"taxonomy":"post_tag","embeddable":true,"href":"https:\/\/www.hashtag.al\/index.php\/wp-json\/wp\/v2\/tags?post=406766"}],"curies":[{"name":"wp","href":"https:\/\/api.w.org\/{rel}","templated":true}]}}