{"id":406603,"date":"2020-10-19T14:09:12","date_gmt":"2020-10-19T12:09:12","guid":{"rendered":"https:\/\/hashtag.al\/?p=406603"},"modified":"2020-10-19T14:09:12","modified_gmt":"2020-10-19T12:09:12","slug":"kusheriri-im-kryeprokuror-ta-izoloje-meta-i-pergjigjet-deputetit-socialist-zero-shans","status":"publish","type":"post","link":"https:\/\/www.hashtag.al\/index.php\/2020\/10\/19\/kusheriri-im-kryeprokuror-ta-izoloje-meta-i-pergjigjet-deputetit-socialist-zero-shans\/","title":{"rendered":"&#8220;Kush\u00ebriri im kryeprokuror ta izoloj\u00eb&#8221; &#8211; Meta i p\u00ebrgjigjet deputetit socialist: Zero shans","gt_translate_keys":[{"key":"rendered","format":"text"}]},"content":{"rendered":"<p><img loading=\"lazy\" decoding=\"async\" class=\"aligncenter size-full wp-image-406604\" src=\"https:\/\/hashtag.al\/wp-content\/uploads\/2020\/10\/meta2.png\" alt=\"\" width=\"677\" height=\"415\" srcset=\"https:\/\/www.hashtag.al\/wp-content\/uploads\/2020\/10\/meta2.png 677w, https:\/\/www.hashtag.al\/wp-content\/uploads\/2020\/10\/meta2-300x184.png 300w\" sizes=\"auto, (max-width: 677px) 100vw, 677px\" \/><\/p>\n<p><span style=\"color: #000000;\">Presidenti Meta i \u00ebsht\u00eb p\u00ebrgjigjur thirrjes s\u00eb b\u00ebr\u00eb kryeprokuorit \u00c7ela nga deputeti socialist, Bujar \u00c7ela p\u00ebr izolimin e kreut t\u00eb shtetit. <\/span><\/p>\n<p><span style=\"color: #000000;\">Gjat\u00eb nj\u00eb bashk\u00ebbisedimi me gazetar\u00ebt, Meta tha se nuk asnj\u00eb mund\u00ebsi q\u00eb kjo t\u00eb ndodh\u00eb. Presidenti theksoi se q\u00ebllimi i v\u00ebrtet\u00eb i atij q\u00eb e quajti grup i strukturuar kriminal q\u00eb ka uzurpuar PS-n\u00eb \u00ebsht\u00eb izolimi i vendit.<\/span><\/p>\n<p><span style=\"color: #000000;\"><em>\u201cT&#8217;u b\u00ebjn\u00eb thirrje t\u00eb gjith\u00eb prokuror\u00ebve dhe polic\u00ebve dhe t\u00eb shohim se kush do t\u00eb izoloj\u00eb presidentin. Zero shans, q\u00ebllimi i v\u00ebrtet\u00eb \u00ebsht\u00eb izolimi q\u00eb ky grup i strukturuar kriminal q\u00eb ka uzurpuar PS dhe Kuvendin, ka si q\u00ebllim izolimin e vendit. Presidentin k\u00ebtu e kan\u00eb, madje dhe po t\u00eb duan t\u00eb guxojn\u00eb t\u00eb vijn\u00eb. Q\u00ebllimi i v\u00ebrtet\u00eb \u00ebsht\u00eb izolimi i Shqip\u00ebris\u00eb. N\u00eb 2006, Sali Berisha pas rotacionit, shpartalloi bandat, goditi kriminalitetin dhe mbylli marr\u00ebveshjen e stabilizim asociimi me BE dhe e fal\u00ebnderoj. Kjo marr\u00ebveshje do ishte n\u00ebnshkruar n\u00ebse PS-ja nuk do t\u00eb b\u00ebnte ato loj\u00ebra p\u00ebr hir t\u00eb shtetit.&#8221;<\/em> &#8211; tha Meta.<\/span><\/p>\n<p><span style=\"color: #000000;\">Lidhur me deklarat\u00ebn e ambasadores amerikane p\u00ebr b\u00ebrjen funksionale t\u00eb Gjykat\u00ebs Kushtetuese para fundit t\u00eb vitit, Meta tha se n\u00ebse do ishin d\u00ebgjuar reagimet e denoncimet e tij, vendi nuk kishte mbetur asnj\u00eb dit\u00eb pas nj\u00eb Gjykat\u00eb Kushtetuese funksionale.<\/span><\/p>\n<p><span style=\"color: #000000;\"><em>\u201cN\u00ebse aktor\u00ebt nd\u00ebrkomb\u00ebtar\u00eb do i kishin marr\u00eb parasysh reagimet e presidentit, q\u00eb n\u00eb koh\u00ebn kur kam qen\u00eb kreu i parlamentit, Shqip\u00ebria nuk do kishte mbetur asnj\u00eb \u00e7ast pa nj\u00eb Gjykat\u00eb Kushtetuese funksionale. \u00c7\u00ebshtja e incinerator\u00ebve po hetohet nga prokuroria dhe nga disa media q\u00eb e kan\u00eb denoncuar. \u00c7do qindark\u00eb publike duhet t\u00eb p\u00ebrqendrohet p\u00ebr t\u00eb p\u00ebrballuar situat\u00ebn pandemike n\u00eb t\u00eb cil\u00ebn ndodhet vendi, duke mb\u00ebshtetur personelin mjek\u00ebsor dhe familjet n\u00eb nevoj\u00eb.\u201d<\/em> \u2013 tha Meta.<\/span><\/p>\n","protected":false,"gt_translate_keys":[{"key":"rendered","format":"html"}]},"excerpt":{"rendered":"<p>Presidenti Meta i \u00ebsht\u00eb p\u00ebrgjigjur thirrjes s\u00eb b\u00ebr\u00eb kryeprokuorit \u00c7ela nga deputeti socialist, Bujar \u00c7ela p\u00ebr izolimin e kreut t\u00eb shtetit. Gjat\u00eb nj\u00eb bashk\u00ebbisedimi me gazetar\u00ebt, Meta tha se nuk asnj\u00eb mund\u00ebsi q\u00eb kjo t\u00eb ndodh\u00eb. Presidenti theksoi se q\u00ebllimi i v\u00ebrtet\u00eb i atij q\u00eb e quajti grup i strukturuar kriminal q\u00eb ka uzurpuar PS-n\u00eb [&hellip;]<\/p>\n","protected":false,"gt_translate_keys":[{"key":"rendered","format":"html"}]},"author":51,"featured_media":406604,"comment_status":"open","ping_status":"open","sticky":false,"template":"","format":"standard","meta":{"footnotes":""},"categories":[65,13],"tags":[],"class_list":["post-406603","post","type-post","status-publish","format-standard","has-post-thumbnail","hentry","category-lajme","category-te-fundit"],"gt_translate_keys":[{"key":"link","format":"url"}],"_links":{"self":[{"href":"https:\/\/www.hashtag.al\/index.php\/wp-json\/wp\/v2\/posts\/406603","targetHints":{"allow":["GET"]}}],"collection":[{"href":"https:\/\/www.hashtag.al\/index.php\/wp-json\/wp\/v2\/posts"}],"about":[{"href":"https:\/\/www.hashtag.al\/index.php\/wp-json\/wp\/v2\/types\/post"}],"author":[{"embeddable":true,"href":"https:\/\/www.hashtag.al\/index.php\/wp-json\/wp\/v2\/users\/51"}],"replies":[{"embeddable":true,"href":"https:\/\/www.hashtag.al\/index.php\/wp-json\/wp\/v2\/comments?post=406603"}],"version-history":[{"count":0,"href":"https:\/\/www.hashtag.al\/index.php\/wp-json\/wp\/v2\/posts\/406603\/revisions"}],"wp:featuredmedia":[{"embeddable":true,"href":"https:\/\/www.hashtag.al\/index.php\/wp-json\/wp\/v2\/media\/406604"}],"wp:attachment":[{"href":"https:\/\/www.hashtag.al\/index.php\/wp-json\/wp\/v2\/media?parent=406603"}],"wp:term":[{"taxonomy":"category","embeddable":true,"href":"https:\/\/www.hashtag.al\/index.php\/wp-json\/wp\/v2\/categories?post=406603"},{"taxonomy":"post_tag","embeddable":true,"href":"https:\/\/www.hashtag.al\/index.php\/wp-json\/wp\/v2\/tags?post=406603"}],"curies":[{"name":"wp","href":"https:\/\/api.w.org\/{rel}","templated":true}]}}