{"id":406149,"date":"2020-10-17T08:00:54","date_gmt":"2020-10-17T06:00:54","guid":{"rendered":"https:\/\/hashtag.al\/?p=406149"},"modified":"2020-10-16T22:53:16","modified_gmt":"2020-10-16T20:53:16","slug":"zoran-zaev-kunder-mbylljes-se-dyte-ne-maqedonine-e-veriut","status":"publish","type":"post","link":"https:\/\/www.hashtag.al\/index.php\/2020\/10\/17\/zoran-zaev-kunder-mbylljes-se-dyte-ne-maqedonine-e-veriut\/","title":{"rendered":"Zoran Zaev kund\u00ebr mbylljes s\u00eb dyt\u00eb n\u00eb Maqedonin\u00eb e Veriut","gt_translate_keys":[{"key":"rendered","format":"text"}]},"content":{"rendered":"<p><a href=\"https:\/\/hashtag.al\/wp-content\/uploads\/2020\/10\/Zoran-Zaev.jpg\"><img loading=\"lazy\" decoding=\"async\" class=\"aligncenter size-full wp-image-406150\" src=\"https:\/\/hashtag.al\/wp-content\/uploads\/2020\/10\/Zoran-Zaev.jpg\" alt=\"\" width=\"696\" height=\"391\" srcset=\"https:\/\/www.hashtag.al\/wp-content\/uploads\/2020\/10\/Zoran-Zaev.jpg 696w, https:\/\/www.hashtag.al\/wp-content\/uploads\/2020\/10\/Zoran-Zaev-300x169.jpg 300w\" sizes=\"auto, (max-width: 696px) 100vw, 696px\" \/><\/a><\/p>\n<p><span style=\"color: #000000;\">Kryeministri i Maqedonis\u00eb s\u00eb Veriut Zoran Zaev \u00ebsht\u00eb shprehur kund\u00ebr nj\u00eb mbylljeje tjet\u00ebr t\u00eb shtetit n\u00eb mbrojtje t\u00eb COVID-19.<\/span><\/p>\n<p><span style=\"color: #000000;\">Si\u00e7 shkruajn\u00eb mediat n\u00eb Maqedonin\u00eb e Veriut, Zaev tha se ora policore dhe karantina do t\u00eb jen\u00eb opsionet e fundit ndaj val\u00ebs s\u00eb re t\u00eb pandemis\u00eb, nd\u00ebrsa u b\u00ebri thirrje qytetar\u00ebve t\u2019i respektojn\u00eb masat mbrojt\u00ebse n\u00eb m\u00ebnyr\u00eb q\u00eb t\u00eb mos p\u00ebrkeq\u00ebsohet situata p\u00ebr skenarin m\u00eb t\u00eb keq sh\u00ebndet\u00ebsor dhe ekonomik.<\/span><\/p>\n<p><span style=\"color: #000000;\"><em>\u201cT\u00eb gjitha sugjerimet e reja t\u00eb KSI-s\u00eb do t\u2019i respektojm\u00eb, por un\u00eb personalisht nuk jam mb\u00ebshtet\u00ebs i nj\u00eb \u2018lock down\u2019 apo t\u00eb mbylljes s\u00eb plot\u00eb. Nuk p\u00ebrkrah as or\u00ebn policore, por mb\u00ebshtes \u00e7do nism\u00eb t\u00eb parandalimit t\u00eb p\u00ebrhapjes s\u00eb mundshme t\u00eb infektimeve. Qeveria ka mekanizma, nuk \u00ebsht\u00eb vet\u00ebm gjendja e jasht\u00ebzakonshme apo ligji. Kemi mund\u00ebsi t\u00eb shpallim gjendje krize sipas ligjit p\u00ebrkat\u00ebs t\u00eb mikro-regjioneve, regjioneve apo t\u00eb gjith\u00eb shtetit\u201d<\/em>-tha Zoran Zaev, citon <span style=\"color: #0000ff;\"><a style=\"color: #0000ff;\" href=\"https:\/\/alsat-m.tv\/pandemia-covid-19-zaev-perjashton-mbylljen-e-shtetit\/\">Alsat<\/a><\/span>.<\/span><\/p>\n<p><span style=\"color: #000000;\">Kjo deklarat\u00eb vjen n\u00eb nj\u00eb koh\u00eb kur Komisioni i S\u00ebmundjeve Infektive diskutoi p\u00ebr masa t\u00eb reja shtr\u00ebnguese kund\u00ebr Covid-19. \u00cbsht\u00eb shqyrtuar mund\u00ebsia e kufizimit t\u00eb kapaciteteve n\u00eb transportin publik dhe kufizimi i pun\u00ebs s\u00eb operator\u00ebve ekonomik. Ministri i Sh\u00ebndet\u00ebsis\u00eb, Venko Filip\u00e7e thot\u00eb se gjat\u00eb fundjav\u00ebs do t\u00eb analizohet pasqyra epidemiologjike n\u00eb vend dhe n\u00eb rast se trendi i rritjes s\u00eb rasteve t\u00eb reja vazhdon, fuqizimi i masave do t\u00eb propozohet nga dita e h\u00ebn\u00eb.<\/span><\/p>\n","protected":false,"gt_translate_keys":[{"key":"rendered","format":"html"}]},"excerpt":{"rendered":"<p>Kryeministri i Maqedonis\u00eb s\u00eb Veriut Zoran Zaev \u00ebsht\u00eb shprehur kund\u00ebr nj\u00eb mbylljeje tjet\u00ebr t\u00eb shtetit n\u00eb mbrojtje t\u00eb COVID-19. Si\u00e7 shkruajn\u00eb mediat n\u00eb Maqedonin\u00eb e Veriut, Zaev tha se ora policore dhe karantina do t\u00eb jen\u00eb opsionet e fundit ndaj val\u00ebs s\u00eb re t\u00eb pandemis\u00eb, nd\u00ebrsa u b\u00ebri thirrje qytetar\u00ebve t\u2019i respektojn\u00eb masat mbrojt\u00ebse n\u00eb [&hellip;]<\/p>\n","protected":false,"gt_translate_keys":[{"key":"rendered","format":"html"}]},"author":30,"featured_media":406150,"comment_status":"open","ping_status":"open","sticky":false,"template":"","format":"standard","meta":{"footnotes":""},"categories":[149],"tags":[],"class_list":["post-406149","post","type-post","status-publish","format-standard","has-post-thumbnail","hentry","category-kosoverajon"],"gt_translate_keys":[{"key":"link","format":"url"}],"_links":{"self":[{"href":"https:\/\/www.hashtag.al\/index.php\/wp-json\/wp\/v2\/posts\/406149","targetHints":{"allow":["GET"]}}],"collection":[{"href":"https:\/\/www.hashtag.al\/index.php\/wp-json\/wp\/v2\/posts"}],"about":[{"href":"https:\/\/www.hashtag.al\/index.php\/wp-json\/wp\/v2\/types\/post"}],"author":[{"embeddable":true,"href":"https:\/\/www.hashtag.al\/index.php\/wp-json\/wp\/v2\/users\/30"}],"replies":[{"embeddable":true,"href":"https:\/\/www.hashtag.al\/index.php\/wp-json\/wp\/v2\/comments?post=406149"}],"version-history":[{"count":0,"href":"https:\/\/www.hashtag.al\/index.php\/wp-json\/wp\/v2\/posts\/406149\/revisions"}],"wp:featuredmedia":[{"embeddable":true,"href":"https:\/\/www.hashtag.al\/index.php\/wp-json\/wp\/v2\/media\/406150"}],"wp:attachment":[{"href":"https:\/\/www.hashtag.al\/index.php\/wp-json\/wp\/v2\/media?parent=406149"}],"wp:term":[{"taxonomy":"category","embeddable":true,"href":"https:\/\/www.hashtag.al\/index.php\/wp-json\/wp\/v2\/categories?post=406149"},{"taxonomy":"post_tag","embeddable":true,"href":"https:\/\/www.hashtag.al\/index.php\/wp-json\/wp\/v2\/tags?post=406149"}],"curies":[{"name":"wp","href":"https:\/\/api.w.org\/{rel}","templated":true}]}}