{"id":406068,"date":"2020-10-16T16:16:57","date_gmt":"2020-10-16T14:16:57","guid":{"rendered":"https:\/\/hashtag.al\/?p=406068"},"modified":"2020-10-16T16:19:54","modified_gmt":"2020-10-16T14:19:54","slug":"ministria-e-shendetesise-jep-shifrat-rekord-4-te-vdekur-dhe-289-raste-te-reja-me-koronavirus-ne-24-oret-e-fundit","status":"publish","type":"post","link":"https:\/\/www.hashtag.al\/index.php\/2020\/10\/16\/ministria-e-shendetesise-jep-shifrat-rekord-4-te-vdekur-dhe-289-raste-te-reja-me-koronavirus-ne-24-oret-e-fundit\/","title":{"rendered":"Ministria e Sh\u00ebndet\u00ebsis\u00eb jep shifrat rekord: 4 t\u00eb vdekur dhe 289 raste t\u00eb reja me koronavirus n\u00eb 24 or\u00ebt e fundit","gt_translate_keys":[{"key":"rendered","format":"text"}]},"content":{"rendered":"<p><a href=\"https:\/\/hashtag.al\/wp-content\/uploads\/2020\/09\/infektivi.jpg\"><img loading=\"lazy\" decoding=\"async\" class=\"aligncenter size-full wp-image-397025\" src=\"https:\/\/hashtag.al\/wp-content\/uploads\/2020\/09\/infektivi.jpg\" alt=\"\" width=\"1280\" height=\"947\" srcset=\"https:\/\/www.hashtag.al\/wp-content\/uploads\/2020\/09\/infektivi.jpg 1280w, https:\/\/www.hashtag.al\/wp-content\/uploads\/2020\/09\/infektivi-300x222.jpg 300w, https:\/\/www.hashtag.al\/wp-content\/uploads\/2020\/09\/infektivi-768x568.jpg 768w, https:\/\/www.hashtag.al\/wp-content\/uploads\/2020\/09\/infektivi-1024x758.jpg 1024w\" sizes=\"auto, (max-width: 1280px) 100vw, 1280px\" \/><\/a><\/p>\n<p><span style=\"color: #000000;\">Kjo e premte ka sh\u00ebnuar nj\u00eb tjet\u00ebr rekord t\u00eb ri n\u00eb shifrat e t\u00eb infektuarve me koronavirus n\u00eb vendin ton\u00eb.<\/span><\/p>\n<p><span style=\"color: #000000;\">Ministria e Sh\u00ebndet\u00ebsis\u00eb ka lajm\u00ebruar se n\u00eb 24 or\u00ebt e fundit jan\u00eb regjistruar 289 raste t\u00eb reja me Covid-19 si dhe 4 humbje jete. <\/span><\/p>\n<p><span style=\"color: #000000;\">Viktimat jan\u00eb nj\u00eb 37-vje\u00e7ar nga Kor\u00e7a pa s\u00ebmundje bashk\u00ebshoq\u00ebruese, nj\u00eb 52-vje\u00e7are nga Mirdita, nj\u00eb 81-vje\u00e7ar nga Tirana dhe nj\u00eb 85-vje\u00e7ar nga Fier.<\/span><\/p>\n<p><span style=\"color: #000000;\">Sipas t\u00eb dh\u00ebnave t\u00eb b\u00ebra publike nga Ministria e Sh\u00ebndet\u00ebsis\u00eb, numri i testimeve arriti n\u00eb 1402 n\u00eb 24 or\u00ebt e fundit.\u00a0<\/span><\/p>\n<p><span style=\"color: #000000;\">Gjat\u00eb k\u00ebsaj kohe jan\u00eb sh\u00ebruar dhe 93 qytetar\u00eb, duke e \u00e7uar n\u00eb 9957 numrin e t\u00eb sh\u00ebruarve n\u00eb vend q\u00eb prej fillimit t\u00eb epidemis\u00eb.<\/span><\/p>\n<p><strong><span style=\"color: #000000;\">NJOFTIMI I MSH-s\u00eb<\/span><\/strong><\/p>\n<p><span style=\"color: #000000;\">Ju informojm\u00eb lidhur me situat\u00ebn epidemiologjike n\u00eb 24 or\u00ebt e fundit t\u00eb COVID19 n\u00eb Shqip\u00ebri: Jan\u00eb kryer 1402 testime n\u00eb 24 or\u00ebt e fundit, nga t\u00eb cil\u00ebt kan\u00eb rezultuar pozitiv\u00eb 289 qytetar\u00eb t\u00eb prekur nga virusi SARS-COV2.<\/span><br \/>\n<span style=\"color: #000000;\">Jan\u00eb sh\u00ebruar 93 qytetar\u00eb, duke e \u00e7uar n\u00eb 9957 numrin e t\u00eb sh\u00ebruarve n\u00eb vend q\u00eb prej fillimit t\u00eb epidemis\u00eb.<\/span><br \/>\n<span style=\"color: #000000;\">Rastet pozitive t\u00eb konfirmuara n\u00eb 24 or\u00ebt e fundit jan\u00eb identifikuar n\u00eb k\u00ebto bashki:<\/span><br \/>\n<span style=\"color: #000000;\">113 raste n\u00eb Tiran\u00eb,<\/span><br \/>\n<span style=\"color: #000000;\">34 raste n\u00eb Fier,<\/span><br \/>\n<span style=\"color: #000000;\">23 raste n\u00eb Durr\u00ebs,<\/span><br \/>\n<span style=\"color: #000000;\">19 raste n\u00eb Vlor\u00eb,<\/span><br \/>\n<span style=\"color: #000000;\">16 raste n\u00eb Kor\u00e7\u00eb,<\/span><br \/>\n<span style=\"color: #000000;\">12 raste n\u00eb Shkod\u00ebr, Elbasan,<\/span><br \/>\n<span style=\"color: #000000;\">10 raste n\u00eb Kruj\u00eb,<\/span><br \/>\n<span style=\"color: #000000;\">9 raste n\u00eb Lezh\u00eb,<\/span><br \/>\n<span style=\"color: #000000;\">6 raste n\u00eb Berat,<\/span><br \/>\n<span style=\"color: #000000;\">5 raste n\u00eb Kurbin, Pogradec, Dib\u00ebr,<\/span><br \/>\n<span style=\"color: #000000;\">4 raste n\u00eb Ku\u00e7ov\u00eb,<\/span><br \/>\n<span style=\"color: #000000;\">3 raste n\u00eb Patos,<\/span><br \/>\n<span style=\"color: #000000;\">2 raste n\u00eb Kavaj\u00eb, Lushnje, Mal\u00ebsi e Madhe, Klos,<\/span><br \/>\n<span style=\"color: #000000;\">1 rast n\u00eb Mallakast\u00ebr, Librazhd, Delvin\u00eb, Tepelen\u00eb, Peqin.<\/span><\/p>\n<p><span style=\"color: #000000;\">Aktualisht n\u00eb spitalin Infektiv dhe \u201cShefqet Ndroqi\u201d po trajtohen 255 pacient\u00eb, 21 n\u00eb terapi intensive nga t\u00eb cil\u00ebt 4 pacient\u00eb jan\u00eb t\u00eb intubuar.<\/span><\/p>\n<p><span style=\"color: #000000;\">N\u00eb 24 or\u00ebt e fundit, me gjith\u00eb p\u00ebrpjekjet e mjek\u00ebve, fatkeq\u00ebsisht e kan\u00eb humbur betej\u00ebn me COVID19, nj\u00eb i ri 37 vje\u00e7ar nga Kor\u00e7a pa s\u00ebmundje bashk\u00ebshoq\u00ebruese, nj\u00eb 52 vje\u00e7are nga Mirdita, nj\u00eb 81 vje\u00e7ar nga Tirana dhe nj\u00eb 85 vje\u00e7ar nga Fier.<\/span><\/p>\n<p><span style=\"color: #000000;\">Ministria e Sh\u00ebndet\u00ebsis\u00eb dhe Mbrojtjes Sociale u shpreh ngush\u00ebllimet familjar\u00ebve duke u rikujtuar qytetar\u00ebve se mbajtja e detyrueshme e mask\u00ebs edhe n\u00eb ambientet jasht\u00eb sht\u00ebpise duhet t\u00eb shoq\u00ebrohet patjet\u00ebr me ruajtjen e distanc\u00ebs fizike prej t\u00eb pakt\u00ebn 1.5 met\u00ebr, dhe kujdesin e vazhduesh\u00ebm t\u00eb higjien\u00ebs personale.<\/span><\/p>\n<p><span style=\"color: #000000;\">Kontaktoni me mjekun e familjes ose telefononi Urgjenc\u00ebn Komb\u00ebtare n\u00eb numrin 127 n\u00ebse dyshoni se ju apo nj\u00eb i af\u00ebrmi juaj \u00ebsht\u00eb i prekur nga COVID19.<\/span><br \/>\n<span style=\"color: #000000;\">Telefononi n\u00eb linj\u00ebn e gjelb\u00ebr falas 0800 40 40 p\u00ebr t\u00eb kontaktuar mjekun e familjes, p\u00ebr sherbim psikologjik te specializuar dhe t\u00eb sigurt si dhe p\u00ebr \u00e7do informacion tjet\u00ebr rreth COVID19.<\/span><\/p>\n<p><span style=\"color: #000000;\">COVID-19 \u2013 Statistika (16 Tetor 2020)<\/span><br \/>\n<span style=\"color: #000000;\">Raste t\u00eb reja ditore 289<\/span><br \/>\n<span style=\"color: #000000;\">T\u00eb sh\u00ebruar ne 24 or\u00eb 93<\/span><br \/>\n<span style=\"color: #000000;\">Humbje jete n\u00eb 24 or\u00eb 4<\/span><br \/>\n<span style=\"color: #000000;\">Testime ditore 1402<\/span><\/p>\n<p><span style=\"color: #000000;\">Testime totale 104,804<\/span><br \/>\n<span style=\"color: #000000;\">Raste pozitive 16501<\/span><br \/>\n<span style=\"color: #000000;\">Raste t\u00eb sh\u00ebruara 9957<\/span><br \/>\n<span style=\"color: #000000;\">Raste Aktive 6101<\/span><br \/>\n<span style=\"color: #000000;\">Humbje jete 443<\/span><\/p>\n<p><span style=\"color: #000000;\">Shp\u00ebrndarja gjeografike e rasteve aktive sipas qarqeve:<\/span><br \/>\n<span style=\"color: #000000;\">Tiran\u00eb 3001<\/span><br \/>\n<span style=\"color: #000000;\">Durr\u00ebs 648<\/span><br \/>\n<span style=\"color: #000000;\">Shkod\u00ebr 450<\/span><br \/>\n<span style=\"color: #000000;\">Fier 364<\/span><br \/>\n<span style=\"color: #000000;\">Kor\u00e7\u00eb 342<\/span><br \/>\n<span style=\"color: #000000;\">Lezh\u00eb 311<\/span><br \/>\n<span style=\"color: #000000;\">Elbasan 265<\/span><br \/>\n<span style=\"color: #000000;\">Vlor\u00eb 224<\/span><br \/>\n<span style=\"color: #000000;\">Berat 182<\/span><br \/>\n<span style=\"color: #000000;\">Kuk\u00ebs 165<\/span><br \/>\n<span style=\"color: #000000;\">Dib\u00ebr 84<\/span><br \/>\n<span style=\"color: #000000;\">Gjirokast\u00ebr 65<\/span><\/p>\n<p>&nbsp;<\/p>\n","protected":false,"gt_translate_keys":[{"key":"rendered","format":"html"}]},"excerpt":{"rendered":"<p>Kjo e premte ka sh\u00ebnuar nj\u00eb tjet\u00ebr rekord t\u00eb ri n\u00eb shifrat e t\u00eb infektuarve me koronavirus n\u00eb vendin ton\u00eb. Ministria e Sh\u00ebndet\u00ebsis\u00eb ka lajm\u00ebruar se n\u00eb 24 or\u00ebt e fundit jan\u00eb regjistruar 289 raste t\u00eb reja me Covid-19 si dhe 4 humbje jete. Viktimat jan\u00eb nj\u00eb 37-vje\u00e7ar nga Kor\u00e7a pa s\u00ebmundje bashk\u00ebshoq\u00ebruese, nj\u00eb 52-vje\u00e7are [&hellip;]<\/p>\n","protected":false,"gt_translate_keys":[{"key":"rendered","format":"html"}]},"author":30,"featured_media":397025,"comment_status":"open","ping_status":"open","sticky":false,"template":"","format":"standard","meta":{"footnotes":""},"categories":[65,13],"tags":[],"class_list":["post-406068","post","type-post","status-publish","format-standard","has-post-thumbnail","hentry","category-lajme","category-te-fundit"],"gt_translate_keys":[{"key":"link","format":"url"}],"_links":{"self":[{"href":"https:\/\/www.hashtag.al\/index.php\/wp-json\/wp\/v2\/posts\/406068","targetHints":{"allow":["GET"]}}],"collection":[{"href":"https:\/\/www.hashtag.al\/index.php\/wp-json\/wp\/v2\/posts"}],"about":[{"href":"https:\/\/www.hashtag.al\/index.php\/wp-json\/wp\/v2\/types\/post"}],"author":[{"embeddable":true,"href":"https:\/\/www.hashtag.al\/index.php\/wp-json\/wp\/v2\/users\/30"}],"replies":[{"embeddable":true,"href":"https:\/\/www.hashtag.al\/index.php\/wp-json\/wp\/v2\/comments?post=406068"}],"version-history":[{"count":0,"href":"https:\/\/www.hashtag.al\/index.php\/wp-json\/wp\/v2\/posts\/406068\/revisions"}],"wp:featuredmedia":[{"embeddable":true,"href":"https:\/\/www.hashtag.al\/index.php\/wp-json\/wp\/v2\/media\/397025"}],"wp:attachment":[{"href":"https:\/\/www.hashtag.al\/index.php\/wp-json\/wp\/v2\/media?parent=406068"}],"wp:term":[{"taxonomy":"category","embeddable":true,"href":"https:\/\/www.hashtag.al\/index.php\/wp-json\/wp\/v2\/categories?post=406068"},{"taxonomy":"post_tag","embeddable":true,"href":"https:\/\/www.hashtag.al\/index.php\/wp-json\/wp\/v2\/tags?post=406068"}],"curies":[{"name":"wp","href":"https:\/\/api.w.org\/{rel}","templated":true}]}}