{"id":405513,"date":"2020-10-13T19:45:33","date_gmt":"2020-10-13T17:45:33","guid":{"rendered":"https:\/\/hashtag.al\/?p=405513"},"modified":"2020-10-13T19:45:33","modified_gmt":"2020-10-13T17:45:33","slug":"ish-ministri-panariti-premtimet-e-rames-per-bujqesine-nuk-mund-te-realizohen","status":"publish","type":"post","link":"https:\/\/www.hashtag.al\/index.php\/2020\/10\/13\/ish-ministri-panariti-premtimet-e-rames-per-bujqesine-nuk-mund-te-realizohen\/","title":{"rendered":"Ish-ministri Panariti: Premtimet e Ram\u00ebs p\u00ebr bujq\u00ebsin\u00eb nuk mund t\u00eb realizohen","gt_translate_keys":[{"key":"rendered","format":"text"}]},"content":{"rendered":"<p><img loading=\"lazy\" decoding=\"async\" class=\"aligncenter size-full wp-image-405514\" src=\"https:\/\/hashtag.al\/wp-content\/uploads\/2020\/10\/panariti.jpg\" alt=\"\" width=\"900\" height=\"621\" srcset=\"https:\/\/www.hashtag.al\/wp-content\/uploads\/2020\/10\/panariti.jpg 900w, https:\/\/www.hashtag.al\/wp-content\/uploads\/2020\/10\/panariti-300x207.jpg 300w, https:\/\/www.hashtag.al\/wp-content\/uploads\/2020\/10\/panariti-768x530.jpg 768w\" sizes=\"auto, (max-width: 900px) 100vw, 900px\" \/><\/p>\n<p><span style=\"color: #000000;\">Ish-ministri i Bujq\u00ebsis\u00eb, Edmond Panariti komentoi n\u00eb nj\u00eb intervist\u00eb p\u00ebr Syri Tv premtimin e Kryeministrit Edi Rama p\u00ebr t\u2019i dh\u00ebn\u00eb fermer\u00ebve naft\u00ebn pa akciz\u00eb dhe taks\u00eb karboni.<\/span><\/p>\n<p><span style=\"color: #000000;\">Sipas Panaritit ky \u00ebsht\u00eb nj\u00eb premtim q\u00eb b\u00ebhet s\u00ebrish nga Rama pasi e ka b\u00ebr\u00eb edhe 7 vite m\u00eb par\u00eb.<\/span><\/p>\n<p><span style=\"color: #000000;\">\u201c<em>Kemi shtat\u00eb vite n\u00eb pushtet ku nuk \u00ebsht\u00eb b\u00ebr\u00eb asnj\u00eb p\u00ebr\u00e7apje p\u00ebr t\u00eb leht\u00ebsuar fermerin nga barra e r\u00ebnd\u00eb. Sot e k\u00ebsaj dite, kur kjo qeveri ndodhet n\u00eb skadenc\u00eb t\u00eb mandatit, fermeri e blen naft\u00ebn sa e blen nj\u00eb qytetar n\u00eb Zvic\u00ebr apo Gjermani.<\/em><\/span><\/p>\n<p><span style=\"color: #000000;\"><em>Pastaj ka edhe konfuzion, her\u00eb thuhet naft\u00eb falas, her\u00eb thuhet naft\u00eb pa akciz\u00eb, her\u00eb thuhet pa taks\u00eb karboni. K\u00ebtu ngarkohet fermeri me taks\u00eb qarkullimi, qarkullon traktori?!\u201d<\/em>\u00a0tha ai.<\/span><\/p>\n<p><span style=\"color: #000000;\">Panariti tha se kjo \u00ebsht\u00eb nj\u00eb nism\u00eb elektorale, e cila nuk do t\u00eb zbatohet. Sipas tij, n\u00ebse qeveria e ka seriozisht, t\u00eb jap\u00eb parat\u00eb n\u00eb duart e fermer\u00ebve.<\/span><\/p>\n<p><span style=\"color: #000000;\">\u201c<em>Sepse nafta mund t\u00eb rishitet n\u00eb tregun e zi. Nismat populiste q\u00eb do marr\u00ebsh naft\u00ebn me ngjyr\u00eb, jan\u00eb nisma antitreg. Qeveria nuk \u00ebsht\u00eb distributore nafte. Duke b\u00ebr\u00eb aplikime online, diferencime etj, k\u00ebto jan\u00eb strategji p\u00ebr t\u00eb b\u00ebr\u00eb sikur jep, kur nuk jep asgj\u00eb.<\/em><\/span><\/p>\n<p><span style=\"color: #000000;\"><em>Nuk do realizohet kjo nism\u00eb sepse nuk ka m\u00eb koh\u00eb. Kjo \u00ebsht\u00eb qeveri q\u00eb e ka afatin e ezauruar<\/em>\u201d-\u00a0tha Panariti.<\/span><\/p>\n","protected":false,"gt_translate_keys":[{"key":"rendered","format":"html"}]},"excerpt":{"rendered":"<p>Ish-ministri i Bujq\u00ebsis\u00eb, Edmond Panariti komentoi n\u00eb nj\u00eb intervist\u00eb p\u00ebr Syri Tv premtimin e Kryeministrit Edi Rama p\u00ebr t\u2019i dh\u00ebn\u00eb fermer\u00ebve naft\u00ebn pa akciz\u00eb dhe taks\u00eb karboni. Sipas Panaritit ky \u00ebsht\u00eb nj\u00eb premtim q\u00eb b\u00ebhet s\u00ebrish nga Rama pasi e ka b\u00ebr\u00eb edhe 7 vite m\u00eb par\u00eb. \u201cKemi shtat\u00eb vite n\u00eb pushtet ku nuk \u00ebsht\u00eb [&hellip;]<\/p>\n","protected":false,"gt_translate_keys":[{"key":"rendered","format":"html"}]},"author":32,"featured_media":405514,"comment_status":"open","ping_status":"open","sticky":false,"template":"","format":"standard","meta":{"footnotes":""},"categories":[65,13],"tags":[],"class_list":["post-405513","post","type-post","status-publish","format-standard","has-post-thumbnail","hentry","category-lajme","category-te-fundit"],"gt_translate_keys":[{"key":"link","format":"url"}],"_links":{"self":[{"href":"https:\/\/www.hashtag.al\/index.php\/wp-json\/wp\/v2\/posts\/405513","targetHints":{"allow":["GET"]}}],"collection":[{"href":"https:\/\/www.hashtag.al\/index.php\/wp-json\/wp\/v2\/posts"}],"about":[{"href":"https:\/\/www.hashtag.al\/index.php\/wp-json\/wp\/v2\/types\/post"}],"author":[{"embeddable":true,"href":"https:\/\/www.hashtag.al\/index.php\/wp-json\/wp\/v2\/users\/32"}],"replies":[{"embeddable":true,"href":"https:\/\/www.hashtag.al\/index.php\/wp-json\/wp\/v2\/comments?post=405513"}],"version-history":[{"count":0,"href":"https:\/\/www.hashtag.al\/index.php\/wp-json\/wp\/v2\/posts\/405513\/revisions"}],"wp:featuredmedia":[{"embeddable":true,"href":"https:\/\/www.hashtag.al\/index.php\/wp-json\/wp\/v2\/media\/405514"}],"wp:attachment":[{"href":"https:\/\/www.hashtag.al\/index.php\/wp-json\/wp\/v2\/media?parent=405513"}],"wp:term":[{"taxonomy":"category","embeddable":true,"href":"https:\/\/www.hashtag.al\/index.php\/wp-json\/wp\/v2\/categories?post=405513"},{"taxonomy":"post_tag","embeddable":true,"href":"https:\/\/www.hashtag.al\/index.php\/wp-json\/wp\/v2\/tags?post=405513"}],"curies":[{"name":"wp","href":"https:\/\/api.w.org\/{rel}","templated":true}]}}