{"id":405444,"date":"2020-10-13T13:46:58","date_gmt":"2020-10-13T11:46:58","guid":{"rendered":"https:\/\/hashtag.al\/?p=405444"},"modified":"2020-10-13T13:46:58","modified_gmt":"2020-10-13T11:46:58","slug":"meta-kujton-migjenin-vargjet-e-tij-simbolizojne-grushtin-e-fuqishem-te-revoltes-mbarepopullore","status":"publish","type":"post","link":"https:\/\/www.hashtag.al\/index.php\/2020\/10\/13\/meta-kujton-migjenin-vargjet-e-tij-simbolizojne-grushtin-e-fuqishem-te-revoltes-mbarepopullore\/","title":{"rendered":"Meta kujton Migjenin: Vargjet e tij simbolizojn\u00eb grushtin e fuqish\u00ebm t\u00eb revolt\u00ebs mbar\u00ebpopullore","gt_translate_keys":[{"key":"rendered","format":"text"}]},"content":{"rendered":"<p><img loading=\"lazy\" decoding=\"async\" class=\"aligncenter size-full wp-image-405445\" src=\"https:\/\/hashtag.al\/wp-content\/uploads\/2020\/10\/metailir-1.jpg\" alt=\"\" width=\"960\" height=\"640\" srcset=\"https:\/\/www.hashtag.al\/wp-content\/uploads\/2020\/10\/metailir-1.jpg 960w, https:\/\/www.hashtag.al\/wp-content\/uploads\/2020\/10\/metailir-1-300x200.jpg 300w, https:\/\/www.hashtag.al\/wp-content\/uploads\/2020\/10\/metailir-1-768x512.jpg 768w\" sizes=\"auto, (max-width: 960px) 100vw, 960px\" \/><\/p>\n<p><span style=\"color: #000000;\">Presidenti Meta ka kujtuar sot poetin e njohur, Migjenin, duke postuar disa nga vergjet e tij.<\/span><\/p>\n<p><span style=\"color: #000000;\"> N\u00eb komentin e kreut t\u00eb shtetit mbi vargjet e poetit, theksohet se ato jan\u00eb uragan frym\u00ebzimi e kushtrimi e njer\u00ebzve q\u00eb s\u2019e durojn\u00eb dot shtypj\u00ebn e padrejt\u00ebsin\u00eb. <\/span><\/p>\n<p><span style=\"color: #000000;\">Presidenti shkruan m\u00eb tej se vargjet e Migjenit simbolizojn\u00eb grushtin e fuqish\u00ebm t\u00eb revolt\u00ebs mbar\u00ebpopullore n\u00eb \u00e7do koh\u00eb.<\/span><\/p>\n<p><span style=\"color: #000000;\"><em>\u201cVargjet e poetit ton\u00eb komb\u00ebtar, Migjeni, jan\u00eb nj\u00eb urgan i p\u00ebrhersh\u00ebm frym\u00ebzimi dhe kushtrimi, q\u00eb burojn\u00eb nga dhimbjet dhe vuajtjet e njer\u00ebzve t\u00eb thjesht\u00eb, t\u00eb cil\u00ebt nuk e durojn\u00eb dot shtypjen dhe padrejt\u00ebsin\u00eb. Ato simbolizojn\u00eb grushtin e fuqish\u00ebm t\u00eb revolt\u00ebs mbar\u00ebpopullore n\u00eb \u00e7do koh\u00eb, kund\u00ebr s\u00eb keqes, mjerimit, padrejt\u00ebsis\u00eb, shfryt\u00ebzimit, dhun\u00ebs, korrupsionit, arroganc\u00ebs dhe mashtrimit politik.\u201d<\/em> \u2013 shkruan Meta.<\/span><\/p>\n<p><span style=\"color: #000000;\">M\u00eb tej presidenti shton se vargjet e poetit sot jan\u00eb m\u00eb aktuale se kurr\u00eb duke qen\u00eb se t\u00eb ardhmes europiane t\u00eb vendit i q\u00ebndron p\u00ebrball\u00eb shkat\u00ebrrimi i shtetit e dinjitetit njer\u00ebzor, korrupsioni i llahtarsh\u00ebm e p\u00ebrdhosja e vlerave komb\u00ebtare.<\/span><\/p>\n<p><span style=\"color: #000000;\"><em>\u201cSot, n\u00eb 109-vjetorin e lindjes s\u00eb Migjenit, vargjet e tij vijn\u00eb m\u00eb aktuale se kurr\u00eb. T\u00eb ardhmes europiane t\u00eb vendit, i \u00ebsht\u00eb vendosur para nj\u00eb \u201cMal q\u00eb s\u2019b\u00ebzan\u00eb\u201d sterr\u00eb i zi, i ngritur mbi shkat\u00ebrrimin e shtetit dhe dinjitetit njer\u00ebzor, mbi korrupsionin e llahtarsh\u00ebm dhe p\u00ebrdhosjen e \u00e7do vlere komb\u00ebtare. Por ve\u00e7 shprehjes s\u00eb dhimbjes e revolt\u00ebs, Migjeni yn\u00eb i madh ka\u00a0 konstruktuar n\u00eb vargjet e tij edhe shpres\u00ebn p\u00ebr nj\u00eb t\u00eb ardhme t\u00eb denj\u00eb komb\u00ebtare dhe njer\u00ebzore q\u00eb \u00ebsht\u00eb gati dhe po vjen shum\u00eb shpejt.\u201d<\/em> \u2013 vijon Meta.<\/span><\/p>\n<p><span style=\"color: #000000;\">N\u00eb fund ai ka postuar kat\u00ebr vargje nga nj\u00eb prej poezive m\u00eb t\u00eb njohura t\u00eb Migjenit.<\/span><\/p>\n<p><span style=\"color: #000000;\"><em>\u201cRini, thueja kang\u00ebs ma t\u00eb bukur q\u00eb di!<\/em><\/span><\/p>\n<p><span style=\"color: #000000;\"><em>Thueja kang\u00ebs sate q\u00eb t\u00eb vlon n\u00eb gji.<\/em><\/span><\/p>\n<p><span style=\"color: #000000;\"><em>Thueja kang\u00ebs, Rini! Thueja kang\u00ebs g\u00ebzimplote!<\/em><\/span><\/p>\n<p><span style=\"color: #000000;\"><em>Qeshu, rini! Qeshu! Bota asht e jote.\u201d<\/em><\/span><\/p>\n<p><img loading=\"lazy\" decoding=\"async\" class=\"aligncenter size-full wp-image-405446\" src=\"https:\/\/hashtag.al\/wp-content\/uploads\/2020\/10\/metamigjeni.png\" alt=\"\" width=\"520\" height=\"438\" srcset=\"https:\/\/www.hashtag.al\/wp-content\/uploads\/2020\/10\/metamigjeni.png 520w, https:\/\/www.hashtag.al\/wp-content\/uploads\/2020\/10\/metamigjeni-300x253.png 300w\" sizes=\"auto, (max-width: 520px) 100vw, 520px\" \/><\/p>\n","protected":false,"gt_translate_keys":[{"key":"rendered","format":"html"}]},"excerpt":{"rendered":"<p>Presidenti Meta ka kujtuar sot poetin e njohur, Migjenin, duke postuar disa nga vergjet e tij. N\u00eb komentin e kreut t\u00eb shtetit mbi vargjet e poetit, theksohet se ato jan\u00eb uragan frym\u00ebzimi e kushtrimi e njer\u00ebzve q\u00eb s\u2019e durojn\u00eb dot shtypj\u00ebn e padrejt\u00ebsin\u00eb. Presidenti shkruan m\u00eb tej se vargjet e Migjenit simbolizojn\u00eb grushtin e fuqish\u00ebm [&hellip;]<\/p>\n","protected":false,"gt_translate_keys":[{"key":"rendered","format":"html"}]},"author":51,"featured_media":405445,"comment_status":"open","ping_status":"open","sticky":false,"template":"","format":"standard","meta":{"footnotes":""},"categories":[65,13],"tags":[],"class_list":["post-405444","post","type-post","status-publish","format-standard","has-post-thumbnail","hentry","category-lajme","category-te-fundit"],"gt_translate_keys":[{"key":"link","format":"url"}],"_links":{"self":[{"href":"https:\/\/www.hashtag.al\/index.php\/wp-json\/wp\/v2\/posts\/405444","targetHints":{"allow":["GET"]}}],"collection":[{"href":"https:\/\/www.hashtag.al\/index.php\/wp-json\/wp\/v2\/posts"}],"about":[{"href":"https:\/\/www.hashtag.al\/index.php\/wp-json\/wp\/v2\/types\/post"}],"author":[{"embeddable":true,"href":"https:\/\/www.hashtag.al\/index.php\/wp-json\/wp\/v2\/users\/51"}],"replies":[{"embeddable":true,"href":"https:\/\/www.hashtag.al\/index.php\/wp-json\/wp\/v2\/comments?post=405444"}],"version-history":[{"count":0,"href":"https:\/\/www.hashtag.al\/index.php\/wp-json\/wp\/v2\/posts\/405444\/revisions"}],"wp:featuredmedia":[{"embeddable":true,"href":"https:\/\/www.hashtag.al\/index.php\/wp-json\/wp\/v2\/media\/405445"}],"wp:attachment":[{"href":"https:\/\/www.hashtag.al\/index.php\/wp-json\/wp\/v2\/media?parent=405444"}],"wp:term":[{"taxonomy":"category","embeddable":true,"href":"https:\/\/www.hashtag.al\/index.php\/wp-json\/wp\/v2\/categories?post=405444"},{"taxonomy":"post_tag","embeddable":true,"href":"https:\/\/www.hashtag.al\/index.php\/wp-json\/wp\/v2\/tags?post=405444"}],"curies":[{"name":"wp","href":"https:\/\/api.w.org\/{rel}","templated":true}]}}