{"id":405311,"date":"2020-10-12T21:37:15","date_gmt":"2020-10-12T19:37:15","guid":{"rendered":"https:\/\/hashtag.al\/?p=405311"},"modified":"2020-10-12T21:37:15","modified_gmt":"2020-10-12T19:37:15","slug":"meta-rama-fabrikoi-historine-me-telefonaten-me-ylli-ndroqin","status":"publish","type":"post","link":"https:\/\/www.hashtag.al\/index.php\/2020\/10\/12\/meta-rama-fabrikoi-historine-me-telefonaten-me-ylli-ndroqin\/","title":{"rendered":"Meta: Rama fabrikoi historin\u00eb me telefonat\u00ebn me Ylli Ndroqin","gt_translate_keys":[{"key":"rendered","format":"text"}]},"content":{"rendered":"<p><img loading=\"lazy\" decoding=\"async\" class=\"aligncenter size-full wp-image-405309\" src=\"https:\/\/hashtag.al\/wp-content\/uploads\/2020\/10\/meta-syri.jpg\" alt=\"\" width=\"900\" height=\"635\" srcset=\"https:\/\/www.hashtag.al\/wp-content\/uploads\/2020\/10\/meta-syri.jpg 900w, https:\/\/www.hashtag.al\/wp-content\/uploads\/2020\/10\/meta-syri-300x212.jpg 300w, https:\/\/www.hashtag.al\/wp-content\/uploads\/2020\/10\/meta-syri-768x542.jpg 768w\" sizes=\"auto, (max-width: 900px) 100vw, 900px\" \/><\/p>\n<p><span style=\"color: #000000;\">Kreu i Shtetit, Ilir Meta n\u00eb nj\u00eb debat televiziv n\u00eb Syri TV, deklaroi se Kryeministri Edi Rama fabrikoi historin\u00eb me telefonat\u00ebn.<\/span><\/p>\n<p><span style=\"color: #000000;\">Meta tha se Rama mashtroi nd\u00ebrkomb\u00ebtar\u00ebt duke i th\u00ebn\u00eb se Ylli Ndroqi pas sekuestrimit t\u00eb pasuris\u00eb b\u00ebri telefonat\u00ebn e par\u00eb me Presidentin.<\/span><\/p>\n<p><span style=\"color: #000000;\">\u201c<em>Mashtron nd\u00ebrkomb\u00ebtar\u00ebt duke i th\u00ebn\u00eb se Ylli Ndroqi pas sekuestrimit t\u00eb pasuris\u00eb e b\u00ebri telefonat\u00ebn e par\u00eb me Ilir Met\u00ebn. Ai q\u00eb b\u00ebn k\u00ebto fabrikime, si\u00e7 ka b\u00ebr\u00eb t\u00eb gjitha n\u00eb Shqip\u00ebri, q\u00eb e ka l\u00ebn\u00eb vendin pa Gjykat\u00eb Kushtetuese, shikoni se \u00e7far\u00eb tha Komisioni i Venecias p\u00ebr k\u00ebt\u00eb<\/em>&#8220;-deklaroi Rama.<\/span><\/p>\n","protected":false,"gt_translate_keys":[{"key":"rendered","format":"html"}]},"excerpt":{"rendered":"<p>Kreu i Shtetit, Ilir Meta n\u00eb nj\u00eb debat televiziv n\u00eb Syri TV, deklaroi se Kryeministri Edi Rama fabrikoi historin\u00eb me telefonat\u00ebn. Meta tha se Rama mashtroi nd\u00ebrkomb\u00ebtar\u00ebt duke i th\u00ebn\u00eb se Ylli Ndroqi pas sekuestrimit t\u00eb pasuris\u00eb b\u00ebri telefonat\u00ebn e par\u00eb me Presidentin. \u201cMashtron nd\u00ebrkomb\u00ebtar\u00ebt duke i th\u00ebn\u00eb se Ylli Ndroqi pas sekuestrimit t\u00eb pasuris\u00eb [&hellip;]<\/p>\n","protected":false,"gt_translate_keys":[{"key":"rendered","format":"html"}]},"author":32,"featured_media":405309,"comment_status":"open","ping_status":"open","sticky":false,"template":"","format":"standard","meta":{"footnotes":""},"categories":[65,13],"tags":[],"class_list":["post-405311","post","type-post","status-publish","format-standard","has-post-thumbnail","hentry","category-lajme","category-te-fundit"],"gt_translate_keys":[{"key":"link","format":"url"}],"_links":{"self":[{"href":"https:\/\/www.hashtag.al\/index.php\/wp-json\/wp\/v2\/posts\/405311","targetHints":{"allow":["GET"]}}],"collection":[{"href":"https:\/\/www.hashtag.al\/index.php\/wp-json\/wp\/v2\/posts"}],"about":[{"href":"https:\/\/www.hashtag.al\/index.php\/wp-json\/wp\/v2\/types\/post"}],"author":[{"embeddable":true,"href":"https:\/\/www.hashtag.al\/index.php\/wp-json\/wp\/v2\/users\/32"}],"replies":[{"embeddable":true,"href":"https:\/\/www.hashtag.al\/index.php\/wp-json\/wp\/v2\/comments?post=405311"}],"version-history":[{"count":0,"href":"https:\/\/www.hashtag.al\/index.php\/wp-json\/wp\/v2\/posts\/405311\/revisions"}],"wp:featuredmedia":[{"embeddable":true,"href":"https:\/\/www.hashtag.al\/index.php\/wp-json\/wp\/v2\/media\/405309"}],"wp:attachment":[{"href":"https:\/\/www.hashtag.al\/index.php\/wp-json\/wp\/v2\/media?parent=405311"}],"wp:term":[{"taxonomy":"category","embeddable":true,"href":"https:\/\/www.hashtag.al\/index.php\/wp-json\/wp\/v2\/categories?post=405311"},{"taxonomy":"post_tag","embeddable":true,"href":"https:\/\/www.hashtag.al\/index.php\/wp-json\/wp\/v2\/tags?post=405311"}],"curies":[{"name":"wp","href":"https:\/\/api.w.org\/{rel}","templated":true}]}}