{"id":405308,"date":"2020-10-12T21:11:30","date_gmt":"2020-10-12T19:11:30","guid":{"rendered":"https:\/\/hashtag.al\/?p=405308"},"modified":"2020-10-12T21:11:30","modified_gmt":"2020-10-12T19:11:30","slug":"meta-per-integrimin-dhashe-doreheqjen-si-kryeminister-rama-po-e-pengon-duke-mos-respektuar-5-qershorin","status":"publish","type":"post","link":"https:\/\/www.hashtag.al\/index.php\/2020\/10\/12\/meta-per-integrimin-dhashe-doreheqjen-si-kryeminister-rama-po-e-pengon-duke-mos-respektuar-5-qershorin\/","title":{"rendered":"Meta: P\u00ebr integrimin dhash\u00eb dor\u00ebheqjen si kryeminist\u00ebr, Rama po e pengon duke mos-respektuar 5 qershorin","gt_translate_keys":[{"key":"rendered","format":"text"}]},"content":{"rendered":"<p><img loading=\"lazy\" decoding=\"async\" class=\"aligncenter size-full wp-image-405309\" src=\"https:\/\/hashtag.al\/wp-content\/uploads\/2020\/10\/meta-syri.jpg\" alt=\"\" width=\"900\" height=\"635\" srcset=\"https:\/\/www.hashtag.al\/wp-content\/uploads\/2020\/10\/meta-syri.jpg 900w, https:\/\/www.hashtag.al\/wp-content\/uploads\/2020\/10\/meta-syri-300x212.jpg 300w, https:\/\/www.hashtag.al\/wp-content\/uploads\/2020\/10\/meta-syri-768x542.jpg 768w\" sizes=\"auto, (max-width: 900px) 100vw, 900px\" \/><\/p>\n<p><span style=\"color: #000000;\">Presidenti Ilir Meta, i ftuar n\u00eb \u00c7im Peka LIVE, tha se Edi Rama po shkat\u00ebrron integrimin me at\u00eb q\u00eb b\u00ebn p\u00ebr zgjedhjet.<\/span><\/p>\n<p><span style=\"color: #000000;\">\u201c<em>\u00c7far\u00eb ka Rama me Marr\u00ebveshjen e 5 Qershorit? \u00c7far\u00eb ka me zgjedhjet e lira dhe t\u00eb ndershme? A e do populli at\u00eb? A i dalin sondazhet fituese? Pse i shkat\u00ebrron zgjedhjet<\/em>,\u201d\u00a0tha Meta.<\/span><\/p>\n<p><span style=\"color: #000000;\">Ai deklaroi se ka dh\u00ebn\u00eb dor\u00ebheqje vet\u00ebm p\u00ebr nj\u00eb rezolut\u00eb t\u00eb Parlamentit Europian, q\u00eb k\u00ebrkonte president konsensual, kurse Rama nuk reagon edhe pse ka dhjet\u00ebra rezoluta nga Bundestagu gjerman.<\/span><\/p>\n<p><span style=\"color: #000000;\">\u201c<em>A e dini se kam dh\u00ebn\u00eb dor\u00ebheqjen p\u00ebr nj\u00eb rezolut\u00eb t\u00eb Parlamentit Europian, ku thuhet: Rekomandojm\u00eb q\u00eb forcat politike t\u00eb zgjedhin me konsensus presidentin p\u00ebr shkak t\u00eb stabilitetit t\u00eb vendit<\/em>\u201d.<\/span><\/p>\n<p><span style=\"color: #000000;\">\u201c<em>Forca ime kishte marr\u00eb disa mandate, q\u00eb nuk ishin t\u00eb ndershme, t\u00eb cilat do i takonin PD-s\u00eb dhe PS-s\u00eb<\/em>,\u201d\u00a0tha ai duke iu referuar &#8216;Dushkut&#8217;.<\/span><\/p>\n<p><span style=\"color: #000000;\">Sipas tij, ai kryeminist\u00ebr rrinte sa t\u00eb donte, por dha dor\u00ebheqje p\u00ebr hir t\u00eb integrimit.<\/span><\/p>\n<p><span style=\"color: #000000;\">\u201c<em>Fatos Nano donte me \u00e7do kusht q\u00eb t\u00eb b\u00ebhej president, un\u00eb nuk ia kam dh\u00ebn\u00eb k\u00ebt\u00eb garanci, m\u00eb ka ardhur edhe me nj\u00eb ambasador. I kam th\u00ebn\u00eb nuk b\u00ebhesh dot president. I kam th\u00ebn\u00eb q\u00eb b\u00ebhu kryeminist\u00ebr dhe un\u00eb b\u00ebhem z\u00ebvend\u00ebskryeminist\u00ebr. U prisha me zotin Nano<\/em>\u201d, tha Meta, duke theksuar se integrimi nisi t\u00eb ecte para.<\/span><\/p>\n<p><span style=\"color: #000000;\">Ai u shpreh se edhe formimi i LSI dhe rrotacioni i zgjedhjeve t\u00eb vitit 2005 e \u00e7oi p\u00ebrpara integrimin.<\/span><\/p>\n<p><span style=\"color: #000000;\">\u201c<em>N\u00eb vitin 2006, pasi krijova nj\u00eb forc\u00eb politik\u00eb t\u00eb re, vet\u00ebm rrotacioni dhe shpartallimi i bandave n\u00eb vitin 2005, b\u00ebri q\u00eb t\u00eb firmosej MSA. Mali i Zi e firmosi n\u00eb vitin 2007 dhe pas pes\u00eb vitesh firmosi negociatat. Serbia n\u00eb vitin 2014 \u00e7eli negociatat. Ne ku jemi? Me k\u00ebto akte kriminale q\u00eb ka b\u00ebr\u00eb Edi Rama ndaj zgjedhjeve, nuk b\u00ebhet fjal\u00eb as deri n\u00eb zgjedhjet e tjera vet\u00ebm n\u00ebse ndodh nj\u00eb rotacion i p\u00ebrmasave t\u00eb m\u00ebdha q\u00eb i jep legjitimitet zgjedhjeve. M\u00eb thoni nj\u00eb rast kur Ilir Meta ka vonuar integrimin e Shqip\u00ebris\u00eb<\/em>?\u201d\u00a0tha ai.<\/span><\/p>\n<p>&nbsp;<\/p>\n","protected":false,"gt_translate_keys":[{"key":"rendered","format":"html"}]},"excerpt":{"rendered":"<p>Presidenti Ilir Meta, i ftuar n\u00eb \u00c7im Peka LIVE, tha se Edi Rama po shkat\u00ebrron integrimin me at\u00eb q\u00eb b\u00ebn p\u00ebr zgjedhjet. \u201c\u00c7far\u00eb ka Rama me Marr\u00ebveshjen e 5 Qershorit? \u00c7far\u00eb ka me zgjedhjet e lira dhe t\u00eb ndershme? A e do populli at\u00eb? A i dalin sondazhet fituese? Pse i shkat\u00ebrron zgjedhjet,\u201d\u00a0tha Meta. Ai [&hellip;]<\/p>\n","protected":false,"gt_translate_keys":[{"key":"rendered","format":"html"}]},"author":32,"featured_media":405309,"comment_status":"open","ping_status":"open","sticky":false,"template":"","format":"standard","meta":{"footnotes":""},"categories":[65,13],"tags":[],"class_list":["post-405308","post","type-post","status-publish","format-standard","has-post-thumbnail","hentry","category-lajme","category-te-fundit"],"gt_translate_keys":[{"key":"link","format":"url"}],"_links":{"self":[{"href":"https:\/\/www.hashtag.al\/index.php\/wp-json\/wp\/v2\/posts\/405308","targetHints":{"allow":["GET"]}}],"collection":[{"href":"https:\/\/www.hashtag.al\/index.php\/wp-json\/wp\/v2\/posts"}],"about":[{"href":"https:\/\/www.hashtag.al\/index.php\/wp-json\/wp\/v2\/types\/post"}],"author":[{"embeddable":true,"href":"https:\/\/www.hashtag.al\/index.php\/wp-json\/wp\/v2\/users\/32"}],"replies":[{"embeddable":true,"href":"https:\/\/www.hashtag.al\/index.php\/wp-json\/wp\/v2\/comments?post=405308"}],"version-history":[{"count":0,"href":"https:\/\/www.hashtag.al\/index.php\/wp-json\/wp\/v2\/posts\/405308\/revisions"}],"wp:featuredmedia":[{"embeddable":true,"href":"https:\/\/www.hashtag.al\/index.php\/wp-json\/wp\/v2\/media\/405309"}],"wp:attachment":[{"href":"https:\/\/www.hashtag.al\/index.php\/wp-json\/wp\/v2\/media?parent=405308"}],"wp:term":[{"taxonomy":"category","embeddable":true,"href":"https:\/\/www.hashtag.al\/index.php\/wp-json\/wp\/v2\/categories?post=405308"},{"taxonomy":"post_tag","embeddable":true,"href":"https:\/\/www.hashtag.al\/index.php\/wp-json\/wp\/v2\/tags?post=405308"}],"curies":[{"name":"wp","href":"https:\/\/api.w.org\/{rel}","templated":true}]}}