{"id":405285,"date":"2020-10-12T18:30:01","date_gmt":"2020-10-12T16:30:01","guid":{"rendered":"https:\/\/hashtag.al\/?p=405285"},"modified":"2020-10-12T18:25:23","modified_gmt":"2020-10-12T16:25:23","slug":"basha-infeksionet-rriten-ndersa-testimet-bien-plani-yne-anti-krize-ndihmon-cdo-shqiptar","status":"publish","type":"post","link":"https:\/\/www.hashtag.al\/index.php\/2020\/10\/12\/basha-infeksionet-rriten-ndersa-testimet-bien-plani-yne-anti-krize-ndihmon-cdo-shqiptar\/","title":{"rendered":"Basha: Infeksionet rriten nd\u00ebrsa testimet bien, plani yn\u00eb anti-kriz\u00eb ndihmon \u00e7do shqiptar","gt_translate_keys":[{"key":"rendered","format":"text"}]},"content":{"rendered":"<p><img loading=\"lazy\" decoding=\"async\" class=\"aligncenter size-full wp-image-405248\" src=\"https:\/\/hashtag.al\/wp-content\/uploads\/2020\/10\/bashapd.png\" alt=\"\" width=\"637\" height=\"448\" srcset=\"https:\/\/www.hashtag.al\/wp-content\/uploads\/2020\/10\/bashapd.png 637w, https:\/\/www.hashtag.al\/wp-content\/uploads\/2020\/10\/bashapd-300x211.png 300w\" sizes=\"auto, (max-width: 637px) 100vw, 637px\" \/><\/p>\n<p><span style=\"color: #000000;\">Kreu i Partis\u00eb Demokratike, Lulzim Basha n\u00eb nj\u00eb reagim n\u00eb Twitter ngriti shqet\u00ebsimin me rritjen e infektimeve me koronavirus n\u00eb vendin ton\u00eb.<\/span><\/p>\n<p><span style=\"color: #000000;\">Basha shkruan se nd\u00ebrkoh\u00eb q\u00eb infeksionet jan\u00eb rritur kan\u00eb rr\u00ebn\u00eb testimet.<\/span><\/p>\n<p><span style=\"color: #000000;\">P\u00ebr Bash\u00ebn duhet t\u00eb implementohet plani anti-kriz\u00eb pasi e ndihmon \u00e7do shqiptar n\u00eb v\u00ebshtir\u00ebsi.<\/span><\/p>\n<p><span style=\"color: #000000;\">\u201c<em>Rriten infeksionet, bien testimet. Nd\u00ebrkoh\u00eb q\u00eb njer\u00ebzit kan\u00eb nevoj\u00eb p\u00ebr mb\u00ebshtetje dhe ndihm\u00eb, Rama vazhdon me vjedhje dhe g\u00ebnjeshtra. Plani yn\u00eb antikriz\u00eb ndihmon \u00e7do shqiptar n\u00eb v\u00ebshtir\u00ebsi. Koha nuk pret<\/em>!\u201d-shkruan Basha.<\/span><\/p>\n","protected":false,"gt_translate_keys":[{"key":"rendered","format":"html"}]},"excerpt":{"rendered":"<p>Kreu i Partis\u00eb Demokratike, Lulzim Basha n\u00eb nj\u00eb reagim n\u00eb Twitter ngriti shqet\u00ebsimin me rritjen e infektimeve me koronavirus n\u00eb vendin ton\u00eb. Basha shkruan se nd\u00ebrkoh\u00eb q\u00eb infeksionet jan\u00eb rritur kan\u00eb rr\u00ebn\u00eb testimet. P\u00ebr Bash\u00ebn duhet t\u00eb implementohet plani anti-kriz\u00eb pasi e ndihmon \u00e7do shqiptar n\u00eb v\u00ebshtir\u00ebsi. \u201cRriten infeksionet, bien testimet. Nd\u00ebrkoh\u00eb q\u00eb njer\u00ebzit kan\u00eb [&hellip;]<\/p>\n","protected":false,"gt_translate_keys":[{"key":"rendered","format":"html"}]},"author":32,"featured_media":405248,"comment_status":"open","ping_status":"open","sticky":false,"template":"","format":"standard","meta":{"footnotes":""},"categories":[65,13],"tags":[],"class_list":["post-405285","post","type-post","status-publish","format-standard","has-post-thumbnail","hentry","category-lajme","category-te-fundit"],"gt_translate_keys":[{"key":"link","format":"url"}],"_links":{"self":[{"href":"https:\/\/www.hashtag.al\/index.php\/wp-json\/wp\/v2\/posts\/405285","targetHints":{"allow":["GET"]}}],"collection":[{"href":"https:\/\/www.hashtag.al\/index.php\/wp-json\/wp\/v2\/posts"}],"about":[{"href":"https:\/\/www.hashtag.al\/index.php\/wp-json\/wp\/v2\/types\/post"}],"author":[{"embeddable":true,"href":"https:\/\/www.hashtag.al\/index.php\/wp-json\/wp\/v2\/users\/32"}],"replies":[{"embeddable":true,"href":"https:\/\/www.hashtag.al\/index.php\/wp-json\/wp\/v2\/comments?post=405285"}],"version-history":[{"count":0,"href":"https:\/\/www.hashtag.al\/index.php\/wp-json\/wp\/v2\/posts\/405285\/revisions"}],"wp:featuredmedia":[{"embeddable":true,"href":"https:\/\/www.hashtag.al\/index.php\/wp-json\/wp\/v2\/media\/405248"}],"wp:attachment":[{"href":"https:\/\/www.hashtag.al\/index.php\/wp-json\/wp\/v2\/media?parent=405285"}],"wp:term":[{"taxonomy":"category","embeddable":true,"href":"https:\/\/www.hashtag.al\/index.php\/wp-json\/wp\/v2\/categories?post=405285"},{"taxonomy":"post_tag","embeddable":true,"href":"https:\/\/www.hashtag.al\/index.php\/wp-json\/wp\/v2\/tags?post=405285"}],"curies":[{"name":"wp","href":"https:\/\/api.w.org\/{rel}","templated":true}]}}