{"id":405273,"date":"2020-10-12T17:33:26","date_gmt":"2020-10-12T15:33:26","guid":{"rendered":"https:\/\/hashtag.al\/?p=405273"},"modified":"2020-10-12T17:37:02","modified_gmt":"2020-10-12T15:37:02","slug":"meta-publikon-videon-si-e-binda-kryemashtruesin-e-sektit-rilindje-te-votonte-3-ligje-te-rendesishme-ne-vtin-2013","status":"publish","type":"post","link":"https:\/\/www.hashtag.al\/index.php\/2020\/10\/12\/meta-publikon-videon-si-e-binda-kryemashtruesin-e-sektit-rilindje-te-votonte-3-ligje-te-rendesishme-ne-vtin-2013\/","title":{"rendered":"Meta publikon videon: Si e binda kryemashtruesin e sektit Rilindje t\u00eb votonte 3 ligjet q\u00eb i k\u00ebrkonte BE-ja n\u00eb vitin 2013","gt_translate_keys":[{"key":"rendered","format":"text"}]},"content":{"rendered":"<div style=\"width: 400px;\" class=\"wp-video\"><video class=\"wp-video-shortcode\" id=\"video-405273-1\" width=\"400\" height=\"220\" preload=\"metadata\" controls=\"controls\"><source type=\"video\/mp4\" src=\"https:\/\/hashtag.al\/wp-content\/uploads\/2020\/10\/metaligjet.mp4?_=1\" \/><a href=\"https:\/\/hashtag.al\/wp-content\/uploads\/2020\/10\/metaligjet.mp4\">https:\/\/hashtag.al\/wp-content\/uploads\/2020\/10\/metaligjet.mp4<\/a><\/video><\/div>\n<p><span style=\"color: #000000;\">Presidenti Meta ka publikuar nj\u00eb video duke treguar se si e kishte detyruar kryeministrin Rama n\u00eb vitin 2013 q\u00eb t\u00eb votonte tre ligje t\u00eb r\u00ebnd\u00ebsishme. <\/span><\/p>\n<p><span style=\"color: #000000;\">Kreu i shtetit shkruan se pranoi t\u00eb b\u00ebnte koalicion me Ram\u00ebn asokohe e m\u00eb pas k\u00ebrkoi votimin urgjent n\u00eb Kuvend t\u00eb Ligjit p\u00ebr Gjykat\u00ebn e Lart\u00eb, at\u00eb t\u00eb N\u00ebpun\u00ebsit Civil dhe t\u00eb Reform\u00ebs Parlamentare, tre ligje t\u00eb BE-s\u00eb q\u00eb mbaheshin peng nga kryeministri Rama. <\/span><\/p>\n<p><span style=\"color: #000000;\">Ai thekson gjithashtu se pa respektimin e marr\u00ebveshjes s\u00eb 5 qershorit s\u2019ka integrim n\u00eb BE.<\/span><\/p>\n<p><span style=\"color: #000000;\"><em>\u201cP\u00ebr t\u00eb gjith\u00eb ata q\u00eb m\u00eb pyesin pse b\u00ebra koalicion me Partin\u00eb Socialiste n\u00eb prill t\u00eb vitit 2013, kam nj\u00eb kujtes\u00eb nga fjala ime e mbajtur n\u00eb 5 maj 2013, Dit\u00ebn e Shenjt\u00eb t\u00eb D\u00ebshmor\u00ebve, para familjar\u00ebve t\u00eb tyre dhe veteran\u00ebve, ku kam b\u00ebr\u00eb thirrje publike t\u00eb votoheshin urgjent para zgjedhjeve parlamentare, Ligji p\u00ebr Gjykat\u00ebn e Lart\u00eb, Ligji i N\u00ebpun\u00ebsit Civil dhe Reforma Parlamentare, tre kushte t\u00eb Bashkimit Europian, q\u00eb mbaheshin peng nga Kryemashtruesi i Sektit \u201cRilindje\u201d. N\u00eb 30 maj 2013 isha po un\u00eb q\u00eb e detyrova Kryemashtruesin e Sektit \u201cRilindje\u201d t\u2019i votonte n\u00eb Kuvend:<\/em><\/span><\/p>\n<p><span style=\"color: #000000;\"><em>Ligji p\u00ebr Gjykat\u00ebn e Lart\u00eb me 108 vota pro<\/em><\/span><\/p>\n<p><span style=\"color: #000000;\"><em>Ligji i N\u00ebpun\u00ebsit Civil me 107 vota pro<\/em><\/span><\/p>\n<p><span style=\"color: #000000;\"><em>Reforma Parlamentare me 108 vota pro.<\/em><\/span><\/p>\n<p><span style=\"color: #000000;\"><em>Tani \u00ebsht\u00eb koha t\u2019i ler\u00eb mashtrimet ordinere dhe t\u00eb kuptoj\u00eb nj\u00ebher\u00eb e mir\u00eb se pa respektimin e Marr\u00ebveshjes konsensuale t\u00eb 5 Qershorit nuk ka \u00e7elje negociatash.<\/em><\/span><\/p>\n<p><span style=\"color: #000000;\"><em>P\u00ebr t\u00eb tjerat, ju ftoj t\u00eb gjith\u00ebve t\u00eb m\u00eb ndiqni sot live n\u00eb Syri TV, n\u00eb ora 20:45, n\u00eb nj\u00eb intervist\u00eb me gazetarin \u00c7im Peka, p\u00ebrball\u00eb edhe nj\u00eb paneli t\u00eb nderuar analist\u00ebsh.\u201d<\/em> \u2013 shkruan Meta.<\/span><\/p>\n","protected":false,"gt_translate_keys":[{"key":"rendered","format":"html"}]},"excerpt":{"rendered":"<p>Presidenti Meta ka publikuar nj\u00eb video duke treguar se si e kishte detyruar kryeministrin Rama n\u00eb vitin 2013 q\u00eb t\u00eb votonte tre ligje t\u00eb r\u00ebnd\u00ebsishme. Kreu i shtetit shkruan se pranoi t\u00eb b\u00ebnte koalicion me Ram\u00ebn asokohe e m\u00eb pas k\u00ebrkoi votimin urgjent n\u00eb Kuvend t\u00eb Ligjit p\u00ebr Gjykat\u00ebn e Lart\u00eb, at\u00eb t\u00eb N\u00ebpun\u00ebsit Civil [&hellip;]<\/p>\n","protected":false,"gt_translate_keys":[{"key":"rendered","format":"html"}]},"author":51,"featured_media":404625,"comment_status":"open","ping_status":"open","sticky":false,"template":"","format":"standard","meta":{"footnotes":""},"categories":[65,13],"tags":[],"class_list":["post-405273","post","type-post","status-publish","format-standard","has-post-thumbnail","hentry","category-lajme","category-te-fundit"],"gt_translate_keys":[{"key":"link","format":"url"}],"_links":{"self":[{"href":"https:\/\/www.hashtag.al\/index.php\/wp-json\/wp\/v2\/posts\/405273","targetHints":{"allow":["GET"]}}],"collection":[{"href":"https:\/\/www.hashtag.al\/index.php\/wp-json\/wp\/v2\/posts"}],"about":[{"href":"https:\/\/www.hashtag.al\/index.php\/wp-json\/wp\/v2\/types\/post"}],"author":[{"embeddable":true,"href":"https:\/\/www.hashtag.al\/index.php\/wp-json\/wp\/v2\/users\/51"}],"replies":[{"embeddable":true,"href":"https:\/\/www.hashtag.al\/index.php\/wp-json\/wp\/v2\/comments?post=405273"}],"version-history":[{"count":0,"href":"https:\/\/www.hashtag.al\/index.php\/wp-json\/wp\/v2\/posts\/405273\/revisions"}],"wp:featuredmedia":[{"embeddable":true,"href":"https:\/\/www.hashtag.al\/index.php\/wp-json\/wp\/v2\/media\/404625"}],"wp:attachment":[{"href":"https:\/\/www.hashtag.al\/index.php\/wp-json\/wp\/v2\/media?parent=405273"}],"wp:term":[{"taxonomy":"category","embeddable":true,"href":"https:\/\/www.hashtag.al\/index.php\/wp-json\/wp\/v2\/categories?post=405273"},{"taxonomy":"post_tag","embeddable":true,"href":"https:\/\/www.hashtag.al\/index.php\/wp-json\/wp\/v2\/tags?post=405273"}],"curies":[{"name":"wp","href":"https:\/\/api.w.org\/{rel}","templated":true}]}}