{"id":405266,"date":"2020-10-12T16:57:09","date_gmt":"2020-10-12T14:57:09","guid":{"rendered":"https:\/\/hashtag.al\/?p=405266"},"modified":"2020-10-12T16:59:35","modified_gmt":"2020-10-12T14:59:35","slug":"rama-me-kacelaren-merkel-folem-60-minuta-per-drejtimin-e-suksesshem-te-osbe-se-e-progresin-e-shqiperise","status":"publish","type":"post","link":"https:\/\/www.hashtag.al\/index.php\/2020\/10\/12\/rama-me-kacelaren-merkel-folem-60-minuta-per-drejtimin-e-suksesshem-te-osbe-se-e-progresin-e-shqiperise\/","title":{"rendered":"Rama: Me kancelaren Merkel fol\u00ebm 60 minuta p\u00ebr drejtimin e suksessh\u00ebm t\u00eb OSBE-s\u00eb e progresin e Shqip\u00ebris\u00eb","gt_translate_keys":[{"key":"rendered","format":"text"}]},"content":{"rendered":"<p><img loading=\"lazy\" decoding=\"async\" class=\"aligncenter size-full wp-image-405267\" src=\"https:\/\/hashtag.al\/wp-content\/uploads\/2020\/10\/ramamerkel.jpg2_.jpg\" alt=\"\" width=\"960\" height=\"703\" srcset=\"https:\/\/www.hashtag.al\/wp-content\/uploads\/2020\/10\/ramamerkel.jpg2_.jpg 960w, https:\/\/www.hashtag.al\/wp-content\/uploads\/2020\/10\/ramamerkel.jpg2_-300x220.jpg 300w, https:\/\/www.hashtag.al\/wp-content\/uploads\/2020\/10\/ramamerkel.jpg2_-768x562.jpg 768w\" sizes=\"auto, (max-width: 960px) 100vw, 960px\" \/><\/p>\n<p><span style=\"color: #000000;\">Kryeministri Rama njoftoi para pak \u00e7astesh se kishte biseduar virtualisht me kancelaren gjermane, Merkel. <\/span><\/p>\n<p><span style=\"color: #000000;\">N\u00eb postimin e tij n\u00eb Facebook, kreu i qeveris\u00eb tha se me lideren gjermane kishte biseduar p\u00ebr 60 minuta mbi planin e investimeve t\u00eb BE-s\u00eb n\u00eb Ballkanin Per\u00ebndimor. <\/span><\/p>\n<p><span style=\"color: #000000;\">\u00c7\u00ebshtje t\u00eb tjera t\u00eb cilat jan\u00eb diksutuar sipas kreut t\u00eb qeveris\u00eb jan\u00eb Shengeni rajonal, progresi i Shqip\u00ebris\u00eb dhe p\u00ebrpjekjet e saj p\u00ebr pjes\u00ebmarrje n\u00eb Konferenc\u00ebn e Par\u00eb Nd\u00ebrqeveritare si dhe kryesimi i suksessh\u00ebm i OSBE-s\u00eb nga ana e Shqip\u00ebrsi\u00eb.<\/span><\/p>\n<p><span style=\"color: #000000;\"><em>\u201cMe Kancelaren Merkel, biseduam pak m\u00eb par\u00eb p\u00ebr rreth 60 minuta mbi Planin e Madh t\u00eb Investimeve t\u00eb Bashkimit Europian p\u00ebr Ballkanin Per\u00ebndimor dhe nxitjen e m\u00ebtejshme drejt Shengenit Rajonal; progresin e Shqip\u00ebris\u00eb pas vendimit p\u00ebr \u00e7eljen e negociatave dhe p\u00ebrpjekjet n\u00eb vijim drejt Konferenc\u00ebs s\u00eb Par\u00eb Nd\u00ebrqeveritare me BE, si edhe kryesimin e suksessh\u00ebm t\u00eb OSBE nga Shqip\u00ebria dhe sfidat deri n\u00eb p\u00ebrmbylljen e mandatit ton\u00eb n\u00eb dhjetor. Edhe nj\u00ebher\u00eb si gjithnj\u00eb, k\u00ebnaq\u00ebsi e ve\u00e7ant\u00eb biseda me Kancelaren gjermane, nj\u00eb mike e shk\u00eblqyer q\u00eb e njeh, e kupton dhe e ndjek rajonin ton\u00eb e Shqip\u00ebrin\u00eb gjithashtu, me detaje e v\u00ebmendje krejt t\u00eb posa\u00e7me!\u201d<\/em> \u2013 shkruan Rama.<\/span><\/p>\n","protected":false,"gt_translate_keys":[{"key":"rendered","format":"html"}]},"excerpt":{"rendered":"<p>Kryeministri Rama njoftoi para pak \u00e7astesh se kishte biseduar virtualisht me kancelaren gjermane, Merkel. N\u00eb postimin e tij n\u00eb Facebook, kreu i qeveris\u00eb tha se me lideren gjermane kishte biseduar p\u00ebr 60 minuta mbi planin e investimeve t\u00eb BE-s\u00eb n\u00eb Ballkanin Per\u00ebndimor. \u00c7\u00ebshtje t\u00eb tjera t\u00eb cilat jan\u00eb diksutuar sipas kreut t\u00eb qeveris\u00eb jan\u00eb Shengeni [&hellip;]<\/p>\n","protected":false,"gt_translate_keys":[{"key":"rendered","format":"html"}]},"author":51,"featured_media":405267,"comment_status":"open","ping_status":"open","sticky":false,"template":"","format":"standard","meta":{"footnotes":""},"categories":[65,13],"tags":[],"class_list":["post-405266","post","type-post","status-publish","format-standard","has-post-thumbnail","hentry","category-lajme","category-te-fundit"],"gt_translate_keys":[{"key":"link","format":"url"}],"_links":{"self":[{"href":"https:\/\/www.hashtag.al\/index.php\/wp-json\/wp\/v2\/posts\/405266","targetHints":{"allow":["GET"]}}],"collection":[{"href":"https:\/\/www.hashtag.al\/index.php\/wp-json\/wp\/v2\/posts"}],"about":[{"href":"https:\/\/www.hashtag.al\/index.php\/wp-json\/wp\/v2\/types\/post"}],"author":[{"embeddable":true,"href":"https:\/\/www.hashtag.al\/index.php\/wp-json\/wp\/v2\/users\/51"}],"replies":[{"embeddable":true,"href":"https:\/\/www.hashtag.al\/index.php\/wp-json\/wp\/v2\/comments?post=405266"}],"version-history":[{"count":0,"href":"https:\/\/www.hashtag.al\/index.php\/wp-json\/wp\/v2\/posts\/405266\/revisions"}],"wp:featuredmedia":[{"embeddable":true,"href":"https:\/\/www.hashtag.al\/index.php\/wp-json\/wp\/v2\/media\/405267"}],"wp:attachment":[{"href":"https:\/\/www.hashtag.al\/index.php\/wp-json\/wp\/v2\/media?parent=405266"}],"wp:term":[{"taxonomy":"category","embeddable":true,"href":"https:\/\/www.hashtag.al\/index.php\/wp-json\/wp\/v2\/categories?post=405266"},{"taxonomy":"post_tag","embeddable":true,"href":"https:\/\/www.hashtag.al\/index.php\/wp-json\/wp\/v2\/tags?post=405266"}],"curies":[{"name":"wp","href":"https:\/\/api.w.org\/{rel}","templated":true}]}}