{"id":404689,"date":"2020-10-09T13:07:19","date_gmt":"2020-10-09T11:07:19","guid":{"rendered":"https:\/\/hashtag.al\/?p=404689"},"modified":"2020-10-09T13:07:19","modified_gmt":"2020-10-09T11:07:19","slug":"dendias-zbret-ne-prishtine-njohja-e-kosoves-ceshtje-e-vendosje-se-marredhenieve-mes-dy-vendeve","status":"publish","type":"post","link":"https:\/\/www.hashtag.al\/index.php\/2020\/10\/09\/dendias-zbret-ne-prishtine-njohja-e-kosoves-ceshtje-e-vendosje-se-marredhenieve-mes-dy-vendeve\/","title":{"rendered":"Dendias zbret n\u00eb Prishtin\u00eb: Njohja e Kosov\u00ebs \u00e7\u00ebshtje e vendosje s\u00eb marr\u00ebdh\u00ebnieve mes dy vendeve","gt_translate_keys":[{"key":"rendered","format":"text"}]},"content":{"rendered":"<p><img loading=\"lazy\" decoding=\"async\" class=\"aligncenter size-full wp-image-312112\" src=\"https:\/\/hashtag.al\/wp-content\/uploads\/2019\/07\/Dendias26korrik.jpg\" alt=\"\" width=\"864\" height=\"486\" srcset=\"https:\/\/www.hashtag.al\/wp-content\/uploads\/2019\/07\/Dendias26korrik.jpg 864w, https:\/\/www.hashtag.al\/wp-content\/uploads\/2019\/07\/Dendias26korrik-300x169.jpg 300w, https:\/\/www.hashtag.al\/wp-content\/uploads\/2019\/07\/Dendias26korrik-768x432.jpg 768w\" sizes=\"auto, (max-width: 864px) 100vw, 864px\" \/><\/p>\n<p><span style=\"color: #000000;\">Ministri i Jasht\u00ebm i Greqis\u00eb Nikos Dendias ka dh\u00ebn\u00eb sinjale t\u00eb forta se vendi i tij s\u00eb shpejti mund ta njoh\u00eb Pavar\u00ebsin\u00eb e Kosov\u00ebs.<\/span><\/p>\n<p><span style=\"color: #000000;\">Me t\u00eb arritur n\u00eb Aeroportin Nd\u00ebrkomb\u00ebtar t\u00eb Prishtin\u00ebs \u201cAdem Jashari\u201d p\u00ebr vizit\u00eb zyrtare, Dendias i ka th\u00ebn\u00eb Klan Kosov\u00ebs se \u00e7\u00ebshtja e njohjes s\u00eb Kosov\u00ebs nuk \u00ebsht\u00eb \u00e7\u00ebshtje e shpres\u00ebs se a do ta njoh\u00eb Greqia Pavar\u00ebsin\u00eb e Kosov\u00ebs ose jo, por \u00ebsht\u00eb \u00e7\u00ebshtje e vendosjes s\u00eb marr\u00ebdh\u00ebnieve mes dy vendeve.<\/span><\/p>\n<p><span style=\"color: #000000;\">Ai tha se vizita e tij n\u00eb Kosov\u00eb \u00ebsht\u00eb tregues p\u00ebr bashk\u00ebpunimin rajonal mes fqinjve.<\/span><\/p>\n<p><span style=\"color: #000000;\">Po nga Aeroporti Nd\u00ebrkomb\u00ebtar \u201cAdem Jashari\u201d ku edhe e ka pritur homologun e saj, Meliza Haradinaj-Stublla ka th\u00ebn\u00eb se kjo vizit\u00eb \u00ebsht\u00eb nj\u00eb sinjal i mir\u00eb se marr\u00ebdh\u00ebniet mes Kosov\u00ebs dhe Greqis\u00eb po thellohen.<\/span><\/p>\n<p><span style=\"color: #000000;\">Kryediplomatja kosovare po ashtu ka th\u00ebn\u00eb se miq\u00ebsia e p\u00ebrbashk\u00ebt q\u00eb Kosova dhe Greqia e kan\u00eb me SHBA-t\u00eb mund t\u00eb ket\u00eb ndikim n\u00eb marr\u00ebdh\u00ebniet mes t\u00eb dyja vendeve.<\/span><\/p>\n<p><span style=\"color: #000000;\">Ministri i Jasht\u00ebm i Greqis\u00eb Nikos Dendias gjat\u00eb vizit\u00ebs n\u00eb Kosov\u00eb do t\u00eb takohet me kryeministrin Avdullah Hoti, kryeparlamentaren Vjosa Osmani, si dhe do ta ket\u00eb edhe nj\u00eb takim me Ministren e Pun\u00ebve t\u00eb Jashtme dhe Diaspor\u00ebs Meliza Haradinaj-Stublla.<\/span><\/p>\n<p>&nbsp;<\/p>\n","protected":false,"gt_translate_keys":[{"key":"rendered","format":"html"}]},"excerpt":{"rendered":"<p>Ministri i Jasht\u00ebm i Greqis\u00eb Nikos Dendias ka dh\u00ebn\u00eb sinjale t\u00eb forta se vendi i tij s\u00eb shpejti mund ta njoh\u00eb Pavar\u00ebsin\u00eb e Kosov\u00ebs. Me t\u00eb arritur n\u00eb Aeroportin Nd\u00ebrkomb\u00ebtar t\u00eb Prishtin\u00ebs \u201cAdem Jashari\u201d p\u00ebr vizit\u00eb zyrtare, Dendias i ka th\u00ebn\u00eb Klan Kosov\u00ebs se \u00e7\u00ebshtja e njohjes s\u00eb Kosov\u00ebs nuk \u00ebsht\u00eb \u00e7\u00ebshtje e shpres\u00ebs se [&hellip;]<\/p>\n","protected":false,"gt_translate_keys":[{"key":"rendered","format":"html"}]},"author":32,"featured_media":312112,"comment_status":"open","ping_status":"open","sticky":false,"template":"","format":"standard","meta":{"footnotes":""},"categories":[149,13],"tags":[],"class_list":["post-404689","post","type-post","status-publish","format-standard","has-post-thumbnail","hentry","category-kosoverajon","category-te-fundit"],"gt_translate_keys":[{"key":"link","format":"url"}],"_links":{"self":[{"href":"https:\/\/www.hashtag.al\/index.php\/wp-json\/wp\/v2\/posts\/404689","targetHints":{"allow":["GET"]}}],"collection":[{"href":"https:\/\/www.hashtag.al\/index.php\/wp-json\/wp\/v2\/posts"}],"about":[{"href":"https:\/\/www.hashtag.al\/index.php\/wp-json\/wp\/v2\/types\/post"}],"author":[{"embeddable":true,"href":"https:\/\/www.hashtag.al\/index.php\/wp-json\/wp\/v2\/users\/32"}],"replies":[{"embeddable":true,"href":"https:\/\/www.hashtag.al\/index.php\/wp-json\/wp\/v2\/comments?post=404689"}],"version-history":[{"count":0,"href":"https:\/\/www.hashtag.al\/index.php\/wp-json\/wp\/v2\/posts\/404689\/revisions"}],"wp:featuredmedia":[{"embeddable":true,"href":"https:\/\/www.hashtag.al\/index.php\/wp-json\/wp\/v2\/media\/312112"}],"wp:attachment":[{"href":"https:\/\/www.hashtag.al\/index.php\/wp-json\/wp\/v2\/media?parent=404689"}],"wp:term":[{"taxonomy":"category","embeddable":true,"href":"https:\/\/www.hashtag.al\/index.php\/wp-json\/wp\/v2\/categories?post=404689"},{"taxonomy":"post_tag","embeddable":true,"href":"https:\/\/www.hashtag.al\/index.php\/wp-json\/wp\/v2\/tags?post=404689"}],"curies":[{"name":"wp","href":"https:\/\/api.w.org\/{rel}","templated":true}]}}