{"id":404520,"date":"2020-10-08T14:02:41","date_gmt":"2020-10-08T12:02:41","guid":{"rendered":"https:\/\/hashtag.al\/?p=404520"},"modified":"2020-10-08T14:23:30","modified_gmt":"2020-10-08T12:23:30","slug":"blushi-baton-haxhiut-batonovic-ti-per-nje-vile-ne-palase-shet-gjysmen-e-kosoves-e-i-dhuron-serbisbatonovic-ti-per-nje-vile-ne-palase-je-gati-jo-vetem-te-shesesh-gjysmen-e-kosoves","status":"publish","type":"post","link":"https:\/\/www.hashtag.al\/index.php\/2020\/10\/08\/blushi-baton-haxhiut-batonovic-ti-per-nje-vile-ne-palase-shet-gjysmen-e-kosoves-e-i-dhuron-serbisbatonovic-ti-per-nje-vile-ne-palase-je-gati-jo-vetem-te-shesesh-gjysmen-e-kosoves\/","title":{"rendered":"Blushi-Baton Haxhiut: Batonovi\u00e7, ti p\u00ebr nj\u00eb vil\u00eb n\u00eb Palas\u00eb shet gjysm\u00ebn e Kosov\u00ebs","gt_translate_keys":[{"key":"rendered","format":"text"}]},"content":{"rendered":"<p><img loading=\"lazy\" decoding=\"async\" class=\"aligncenter size-full wp-image-404521\" src=\"https:\/\/hashtag.al\/wp-content\/uploads\/2020\/10\/blushihaxhiu.jpg\" alt=\"\" width=\"2000\" height=\"1000\" srcset=\"https:\/\/www.hashtag.al\/wp-content\/uploads\/2020\/10\/blushihaxhiu.jpg 2000w, https:\/\/www.hashtag.al\/wp-content\/uploads\/2020\/10\/blushihaxhiu-300x150.jpg 300w, https:\/\/www.hashtag.al\/wp-content\/uploads\/2020\/10\/blushihaxhiu-768x384.jpg 768w, https:\/\/www.hashtag.al\/wp-content\/uploads\/2020\/10\/blushihaxhiu-1024x512.jpg 1024w\" sizes=\"auto, (max-width: 2000px) 100vw, 2000px\" \/><\/p>\n<p><span style=\"color: #000000;\">Z\u00ebdh\u00ebn\u00ebsi i presidenti, Tedi Blushi, ka akuzuar analistin nga Kosova, Baton Haxhiu, duke th\u00ebn\u00eb se p\u00ebr nj\u00eb vil\u00eb n\u00eb Palas\u00eb \u00ebsht\u00eb i gatsh\u00ebm t\u00eb shes\u00eb gjysm\u00ebn e Kosov\u00ebs e t\u2019i dhuroj\u00eb Serbis\u00eb, Tiran\u00ebn e Sheshin e Flamurit n\u00eb Vlor\u00eb. <\/span><\/p>\n<p><span style=\"color: #000000;\">Reagimi i i Blushit vjen pas nj\u00eb shkrimi t\u00eb Haxhiut n\u00eb media ku shkruan se Presidenti Meta \u2018ndihet si emigrant\u2019 lidhur me deklaratat e her\u00ebpashershme kund\u00ebr shpopullimit t\u00eb vendit.<\/span><\/p>\n<p><span style=\"color: #000000;\"><em>\u201cBatonovi\u00e7, ti p\u00ebr nj\u00eb vil\u00eb n\u00eb Palas\u00eb je gati jo vet\u00ebm t\u00eb shes\u00ebsh gjysm\u00ebn e Kosov\u00ebs, por mezi pret t&#8217;ja dhurosh Serbis\u00eb, edhe Tiran\u00ebn e Sheshin e Flamurit n\u00eb Vlor\u00eb. Madje p\u00ebr t\u00eb shkuar sa m\u00eb shpejt tek vila n\u00eb Palas\u00eb, ke koh\u00eb q\u00eb lobon p\u00ebr tunelin e Llogaras\u00eb, q\u00eb t\u00eb mos kalosh nga rruga q\u00eb nd\u00ebrtoi Kryeministri Meta.\u201d<\/em> \u2013 shkruan Blushi.<\/span><\/p>\n<p><span style=\"color: #000000;\">M\u00eb tej Blushi publikon shifrat e azilk\u00ebrkuesve nga Shqip\u00ebria n\u00eb vendet e BE-s\u00eb duke theksuar se ato jan\u00eb pasoj\u00eb e keqqeverisjes s\u00eb kryeministrit Rama, t\u00eb cilin e etiketon si siv\u00ebllain e padronit t\u00eb Haxhiut n\u00eb Beograd, presidentit Vu\u00e7i\u00e7.<\/span><\/p>\n<p><span style=\"color: #000000;\"><em>\u201cHapi syt\u00eb kat\u00ebr Batonovi\u00e7 dhe lexo t\u00eb dh\u00ebnat zyrtare e \u2018European Asylym Support Office\u2019 p\u00ebr shpopullimin dramatik t\u00eb Shqip\u00ebris\u00eb, q\u00eb ka shkaktuar me keqqeverisjen e tij, siv\u00ebllai i padronit t\u00ebnd n\u00eb Beograd:<\/em><\/span><\/p>\n<p><span style=\"color: #000000;\"><em>Nj\u00eb krahasim p\u00ebr intensitetin e azilk\u00ebrkuesve p\u00ebr 1000 banor\u00eb t\u00eb vendit ton\u00eb me vendet e rajonit.<\/em><\/span><\/p>\n<p><span style=\"color: #000000;\"><em>Shqip\u00ebria ka nj\u00eb num\u00ebr azil k\u00ebrkuesish p\u00ebr periudh\u00ebn 2-vje\u00e7are, korrik 2018 \u2013 korrik 2020, rreth:<\/em><\/span><\/p>\n<p><span style=\"color: #000000;\"><em>18.4 her\u00eb m\u00eb t\u00eb lart\u00eb se Bosnja<\/em><\/span><\/p>\n<p><span style=\"color: #000000;\"><em>17.4 her\u00eb m\u00eb t\u00eb lart\u00eb se Mali i Zi<\/em><\/span><\/p>\n<p><span style=\"color: #000000;\"><em>12 her\u00eb m\u00eb t\u00eb lart\u00eb se Serbia<\/em><\/span><\/p>\n<p><span style=\"color: #000000;\"><em>5.1 her\u00eb m\u00eb t\u00eb lart\u00eb se Maqedonia e Veriut,<\/em><\/span><\/p>\n<p><span style=\"color: #000000;\"><em>3.9 her\u00eb m\u00eb t\u00eb lart\u00eb se Kosova<\/em><\/span><\/p>\n<p><span style=\"color: #000000;\"><em>N\u00ebqoft\u00ebse n\u00eb 1000 banor\u00eb sot emigrojn\u00eb n\u00eb Bashkimin Europian,<\/em><\/span><\/p>\n<p><span style=\"color: #000000;\"><em>Nga Shqip\u00ebria emigrojn\u00eb 12 PERSONA<\/em><\/span><\/p>\n<p><span style=\"color: #000000;\"><em>Nga Kosova 3.3 persona<\/em><\/span><\/p>\n<p><span style=\"color: #000000;\"><em>Nga Maqedonia e Veriut 2.3 persona<\/em><\/span><\/p>\n<p><span style=\"color: #000000;\"><em>Nga Serbia 1 person<\/em><\/span><\/p>\n<p><span style=\"color: #000000;\"><em>Nga Mali i Zi 0.7 persona<\/em><\/span><\/p>\n<p><span style=\"color: #000000;\"><em>Nga Bosnja Hercogovina 0.6 persona<\/em><\/span><\/p>\n<p><span style=\"color: #000000;\"><em>Pjesa m\u00eb e madhe e atyre q\u00eb po ikin jan\u00eb T\u00cb RINJ.\u201d\u00ad<\/em> \u2013 vijon statusin Blushi.<\/span><\/p>\n<p><span style=\"color: #000000;\">N\u00eb fund z\u00ebdh\u00ebn\u00ebsi i Met\u00ebs shkruan se shpopullimi i vendit \u00ebsht\u00eb fatkeq\u00ebsi komb\u00ebtare dhe se Shqip\u00ebria e Kosova kan\u00eb pasur p\u00ebrher\u00eb burra p\u00ebr t\u00eb mbrojtur interesat komb\u00ebtare.<\/span><\/p>\n<p><span style=\"color: #000000;\"><em>\u201cHapi syt\u00eb kat\u00ebr Batonovi\u00e7! Kjo \u00ebsht\u00eb FATKEQ\u00cbSI KOMB\u00cbTARE! Shqip\u00ebria dhe Kosova kan\u00eb pasur burra q\u00eb i kan\u00eb mbrojtur dhe do t&#8217;i mbrojn\u00eb n\u00eb \u00e7do koh\u00eb interesat komb\u00ebtare. P\u00ebr k\u00ebt\u00eb t\u00eb jesh i sigurt\u00eb ti, padroni, pun\u00ebdh\u00ebn\u00ebsi dhe pagator\u00ebt e ty shqipfol\u00ebs!\u201d<\/em> \u2013 mbyll reagimin, Blushi.<\/span><\/p>\n<p><img loading=\"lazy\" decoding=\"async\" class=\"aligncenter size-full wp-image-404522\" src=\"https:\/\/hashtag.al\/wp-content\/uploads\/2020\/10\/blushihaxhiu.png\" alt=\"\" width=\"552\" height=\"391\" srcset=\"https:\/\/www.hashtag.al\/wp-content\/uploads\/2020\/10\/blushihaxhiu.png 552w, https:\/\/www.hashtag.al\/wp-content\/uploads\/2020\/10\/blushihaxhiu-300x213.png 300w\" sizes=\"auto, (max-width: 552px) 100vw, 552px\" \/><\/p>\n","protected":false,"gt_translate_keys":[{"key":"rendered","format":"html"}]},"excerpt":{"rendered":"<p>Z\u00ebdh\u00ebn\u00ebsi i presidenti, Tedi Blushi, ka akuzuar analistin nga Kosova, Baton Haxhiu, duke th\u00ebn\u00eb se p\u00ebr nj\u00eb vil\u00eb n\u00eb Palas\u00eb \u00ebsht\u00eb i gatsh\u00ebm t\u00eb shes\u00eb gjysm\u00ebn e Kosov\u00ebs e t\u2019i dhuroj\u00eb Serbis\u00eb, Tiran\u00ebn e Sheshin e Flamurit n\u00eb Vlor\u00eb. Reagimi i i Blushit vjen pas nj\u00eb shkrimi t\u00eb Haxhiut n\u00eb media ku shkruan se Presidenti [&hellip;]<\/p>\n","protected":false,"gt_translate_keys":[{"key":"rendered","format":"html"}]},"author":51,"featured_media":404521,"comment_status":"open","ping_status":"open","sticky":false,"template":"","format":"standard","meta":{"footnotes":""},"categories":[65,13],"tags":[],"class_list":["post-404520","post","type-post","status-publish","format-standard","has-post-thumbnail","hentry","category-lajme","category-te-fundit"],"gt_translate_keys":[{"key":"link","format":"url"}],"_links":{"self":[{"href":"https:\/\/www.hashtag.al\/index.php\/wp-json\/wp\/v2\/posts\/404520","targetHints":{"allow":["GET"]}}],"collection":[{"href":"https:\/\/www.hashtag.al\/index.php\/wp-json\/wp\/v2\/posts"}],"about":[{"href":"https:\/\/www.hashtag.al\/index.php\/wp-json\/wp\/v2\/types\/post"}],"author":[{"embeddable":true,"href":"https:\/\/www.hashtag.al\/index.php\/wp-json\/wp\/v2\/users\/51"}],"replies":[{"embeddable":true,"href":"https:\/\/www.hashtag.al\/index.php\/wp-json\/wp\/v2\/comments?post=404520"}],"version-history":[{"count":0,"href":"https:\/\/www.hashtag.al\/index.php\/wp-json\/wp\/v2\/posts\/404520\/revisions"}],"wp:featuredmedia":[{"embeddable":true,"href":"https:\/\/www.hashtag.al\/index.php\/wp-json\/wp\/v2\/media\/404521"}],"wp:attachment":[{"href":"https:\/\/www.hashtag.al\/index.php\/wp-json\/wp\/v2\/media?parent=404520"}],"wp:term":[{"taxonomy":"category","embeddable":true,"href":"https:\/\/www.hashtag.al\/index.php\/wp-json\/wp\/v2\/categories?post=404520"},{"taxonomy":"post_tag","embeddable":true,"href":"https:\/\/www.hashtag.al\/index.php\/wp-json\/wp\/v2\/tags?post=404520"}],"curies":[{"name":"wp","href":"https:\/\/api.w.org\/{rel}","templated":true}]}}