{"id":404400,"date":"2020-10-07T20:59:04","date_gmt":"2020-10-07T18:59:04","guid":{"rendered":"https:\/\/hashtag.al\/?p=404400"},"modified":"2020-10-07T20:59:04","modified_gmt":"2020-10-07T18:59:04","slug":"irani-paralajmeron-per-lufte-rajonale-nese-nuk-ndalon-konflikti-ne-nagorno-karabak","status":"publish","type":"post","link":"https:\/\/www.hashtag.al\/index.php\/2020\/10\/07\/irani-paralajmeron-per-lufte-rajonale-nese-nuk-ndalon-konflikti-ne-nagorno-karabak\/","title":{"rendered":"Irani paralajm\u00ebron p\u00ebr \u201cluft\u00eb rajonale\u201d n\u00ebse nuk ndalon konflikti n\u00eb Nagorno-Karabak","gt_translate_keys":[{"key":"rendered","format":"text"}]},"content":{"rendered":"<p><img loading=\"lazy\" decoding=\"async\" class=\"aligncenter size-full wp-image-298974\" src=\"https:\/\/hashtag.al\/wp-content\/uploads\/2019\/05\/Rouhani.jpg\" alt=\"\" width=\"980\" height=\"551\" srcset=\"https:\/\/www.hashtag.al\/wp-content\/uploads\/2019\/05\/Rouhani.jpg 980w, https:\/\/www.hashtag.al\/wp-content\/uploads\/2019\/05\/Rouhani-300x169.jpg 300w, https:\/\/www.hashtag.al\/wp-content\/uploads\/2019\/05\/Rouhani-768x432.jpg 768w\" sizes=\"auto, (max-width: 980px) 100vw, 980px\" \/><\/p>\n<p><span style=\"color: #000000;\">Irani ka paralajm\u00ebruar hapur p\u00ebr \u201cluft\u00eb rajonale\u201d pas p\u00ebrplasjeve t\u00eb dhunshme n\u00eb Nagorni-Karabak.<\/span><\/p>\n<p><span style=\"color: #000000;\">Republika islamike thot\u00eb se rinisja e luftimeve n\u00eb mes dy fqinj\u00ebve, Azerbajxhanit dhe Armenis\u00eb mund t\u00eb p\u00ebrshkall\u00ebzohet n\u00eb nj\u00eb luft\u00eb m\u00eb t\u00eb gjer\u00eb. \u201cNe shpresojm\u00eb n\u00eb nj\u00eb rikthim t\u00eb shpejt\u00eb t\u00eb stabilitetit n\u00eb rajon\u201d, u shpreh presidenti Hasan Rohani, por situata deri tani paraqitet mjaft shqet\u00ebsuese.<\/span><\/p>\n<p><span style=\"color: #000000;\">P\u00ebrleshjet shp\u00ebrthyen p\u00ebr zon\u00ebn e shum\u00eb diskutuar t\u00eb Nagorni-Karabakut, zyrtarisht pjes\u00eb e Azerbajxhanit, por e drejtuar nga popullsi etnike armene. Luftimet e fundit konsiderohen m\u00eb t\u00eb ashprat n\u00eb dekada, nd\u00ebrkoh\u00eb q\u00eb t\u00eb dyja pal\u00ebt kan\u00eb faj\u00ebsuar nj\u00ebra-tjetr\u00ebn p\u00ebr dhun\u00ebn.<\/span><\/p>\n<p><span style=\"color: #000000;\">\u201cNe duhet t\u00eb jemi t\u00eb v\u00ebmendsh\u00ebm q\u00eb lufta n\u00eb mes t\u00eb Armenis\u00eb dhe Azerbajxhanit t\u00eb mos shnd\u00ebrrohet n\u00eb luft\u00eb rajonale\u201d, n\u00ebnvizoi Rohani. Por \u201c\u00ebsht\u00eb plot\u00ebsisht e papranueshme\u201d q\u00eb ndonj\u00eb predh\u00eb apo raket\u00eb t\u00eb arrij\u00eb n\u00eb tok\u00ebn iraniane\u201d, shtoi ai.<\/span><\/p>\n<p><span style=\"color: #000000;\">Komentet e presidentit Iranian erdh\u00ebn pas raportimeve se disa predha kan\u00eb r\u00ebn\u00eb n\u00eb fshatra iranian\u00eb t\u00eb ndodhur pran\u00eb kufirit q\u00eb ndan m\u00eb Armenin\u00eb dhe Azerbajxhanin. Komandanti iranian p\u00ebr Mbrojtjen Kufitare, Qasem Rezaei sqaroi se forcat e tij kan\u00eb krijuar tashm\u00eb \u201cformacione t\u00eb nevojshme\u201d p\u00ebrgjat\u00eb zon\u00ebs s\u00eb luftimeve dhe po monitorojn\u00eb me kujdes kufirin.<\/span><\/p>\n<p>&nbsp;<\/p>\n","protected":false,"gt_translate_keys":[{"key":"rendered","format":"html"}]},"excerpt":{"rendered":"<p>Irani ka paralajm\u00ebruar hapur p\u00ebr \u201cluft\u00eb rajonale\u201d pas p\u00ebrplasjeve t\u00eb dhunshme n\u00eb Nagorni-Karabak. Republika islamike thot\u00eb se rinisja e luftimeve n\u00eb mes dy fqinj\u00ebve, Azerbajxhanit dhe Armenis\u00eb mund t\u00eb p\u00ebrshkall\u00ebzohet n\u00eb nj\u00eb luft\u00eb m\u00eb t\u00eb gjer\u00eb. \u201cNe shpresojm\u00eb n\u00eb nj\u00eb rikthim t\u00eb shpejt\u00eb t\u00eb stabilitetit n\u00eb rajon\u201d, u shpreh presidenti Hasan Rohani, por situata deri [&hellip;]<\/p>\n","protected":false,"gt_translate_keys":[{"key":"rendered","format":"html"}]},"author":32,"featured_media":298974,"comment_status":"open","ping_status":"open","sticky":false,"template":"","format":"standard","meta":{"footnotes":""},"categories":[6,13],"tags":[],"class_list":["post-404400","post","type-post","status-publish","format-standard","has-post-thumbnail","hentry","category-nderkombetare","category-te-fundit"],"gt_translate_keys":[{"key":"link","format":"url"}],"_links":{"self":[{"href":"https:\/\/www.hashtag.al\/index.php\/wp-json\/wp\/v2\/posts\/404400","targetHints":{"allow":["GET"]}}],"collection":[{"href":"https:\/\/www.hashtag.al\/index.php\/wp-json\/wp\/v2\/posts"}],"about":[{"href":"https:\/\/www.hashtag.al\/index.php\/wp-json\/wp\/v2\/types\/post"}],"author":[{"embeddable":true,"href":"https:\/\/www.hashtag.al\/index.php\/wp-json\/wp\/v2\/users\/32"}],"replies":[{"embeddable":true,"href":"https:\/\/www.hashtag.al\/index.php\/wp-json\/wp\/v2\/comments?post=404400"}],"version-history":[{"count":0,"href":"https:\/\/www.hashtag.al\/index.php\/wp-json\/wp\/v2\/posts\/404400\/revisions"}],"wp:featuredmedia":[{"embeddable":true,"href":"https:\/\/www.hashtag.al\/index.php\/wp-json\/wp\/v2\/media\/298974"}],"wp:attachment":[{"href":"https:\/\/www.hashtag.al\/index.php\/wp-json\/wp\/v2\/media?parent=404400"}],"wp:term":[{"taxonomy":"category","embeddable":true,"href":"https:\/\/www.hashtag.al\/index.php\/wp-json\/wp\/v2\/categories?post=404400"},{"taxonomy":"post_tag","embeddable":true,"href":"https:\/\/www.hashtag.al\/index.php\/wp-json\/wp\/v2\/tags?post=404400"}],"curies":[{"name":"wp","href":"https:\/\/api.w.org\/{rel}","templated":true}]}}