{"id":404397,"date":"2020-10-07T20:31:32","date_gmt":"2020-10-07T18:31:32","guid":{"rendered":"https:\/\/hashtag.al\/?p=404397"},"modified":"2020-10-07T20:31:32","modified_gmt":"2020-10-07T18:31:32","slug":"varhelyi-zbulon-biseden-me-meten-diskutuam-per-reformat-qe-shqiperia-duhet-te-beje","status":"publish","type":"post","link":"https:\/\/www.hashtag.al\/index.php\/2020\/10\/07\/varhelyi-zbulon-biseden-me-meten-diskutuam-per-reformat-qe-shqiperia-duhet-te-beje\/","title":{"rendered":"Varhelyi zbulon bised\u00ebn me Met\u00ebn: Diskutuam p\u00ebr Reformat q\u00eb Shqip\u00ebria duhet t\u00eb b\u00ebj\u00eb","gt_translate_keys":[{"key":"rendered","format":"text"}]},"content":{"rendered":"<p><img loading=\"lazy\" decoding=\"async\" class=\"aligncenter size-full wp-image-404398\" src=\"https:\/\/hashtag.al\/wp-content\/uploads\/2020\/10\/varhelyi-meta.jpg\" alt=\"\" width=\"1920\" height=\"1280\" srcset=\"https:\/\/www.hashtag.al\/wp-content\/uploads\/2020\/10\/varhelyi-meta.jpg 1920w, https:\/\/www.hashtag.al\/wp-content\/uploads\/2020\/10\/varhelyi-meta-300x200.jpg 300w, https:\/\/www.hashtag.al\/wp-content\/uploads\/2020\/10\/varhelyi-meta-768x512.jpg 768w, https:\/\/www.hashtag.al\/wp-content\/uploads\/2020\/10\/varhelyi-meta-1024x683.jpg 1024w\" sizes=\"auto, (max-width: 1920px) 100vw, 1920px\" \/><\/p>\n<p><span style=\"color: #000000;\">Komisioneri p\u00ebr Zgjerim i Bashkimit Evropian ka zbuluar temat e diskutimit q\u00eb zhvilloi n\u00eb takim me Presidentin Ilir Meta.<\/span><\/p>\n<p><span style=\"color: #000000;\">Ai shkruan n\u00eb nj\u00eb postim n\u00eb rrjetet sociale se me Met\u00ebn diskutoi p\u00ebr Reformat q\u00eb Shqip\u00ebria duhet t\u00eb nd\u00ebrmarr\u00eb p\u00ebr hyrjen n\u00eb BE.<\/span><\/p>\n<p><span style=\"color: #000000;\">\u201c<em>Diskutuam me Presidentin Ilir Meta n\u00eb Tiran\u00eb p\u00ebr Reformat q\u00eb Shqip\u00ebria duhet t\u00eb nd\u00ebrmarr\u00eb p\u00ebr n\u00eb rrug\u00ebn drejt BE-s\u00eb. Gjithashtu prek\u00ebm edhe planin p\u00ebr investimet ekonomike n\u00eb Ballkanin Per\u00ebndimor<\/em>\u201d-shkruan Varhelyi.<\/span><\/p>\n","protected":false,"gt_translate_keys":[{"key":"rendered","format":"html"}]},"excerpt":{"rendered":"<p>Komisioneri p\u00ebr Zgjerim i Bashkimit Evropian ka zbuluar temat e diskutimit q\u00eb zhvilloi n\u00eb takim me Presidentin Ilir Meta. Ai shkruan n\u00eb nj\u00eb postim n\u00eb rrjetet sociale se me Met\u00ebn diskutoi p\u00ebr Reformat q\u00eb Shqip\u00ebria duhet t\u00eb nd\u00ebrmarr\u00eb p\u00ebr hyrjen n\u00eb BE. \u201cDiskutuam me Presidentin Ilir Meta n\u00eb Tiran\u00eb p\u00ebr Reformat q\u00eb Shqip\u00ebria duhet t\u00eb [&hellip;]<\/p>\n","protected":false,"gt_translate_keys":[{"key":"rendered","format":"html"}]},"author":32,"featured_media":404398,"comment_status":"open","ping_status":"open","sticky":false,"template":"","format":"standard","meta":{"footnotes":""},"categories":[65,13],"tags":[],"class_list":["post-404397","post","type-post","status-publish","format-standard","has-post-thumbnail","hentry","category-lajme","category-te-fundit"],"gt_translate_keys":[{"key":"link","format":"url"}],"_links":{"self":[{"href":"https:\/\/www.hashtag.al\/index.php\/wp-json\/wp\/v2\/posts\/404397","targetHints":{"allow":["GET"]}}],"collection":[{"href":"https:\/\/www.hashtag.al\/index.php\/wp-json\/wp\/v2\/posts"}],"about":[{"href":"https:\/\/www.hashtag.al\/index.php\/wp-json\/wp\/v2\/types\/post"}],"author":[{"embeddable":true,"href":"https:\/\/www.hashtag.al\/index.php\/wp-json\/wp\/v2\/users\/32"}],"replies":[{"embeddable":true,"href":"https:\/\/www.hashtag.al\/index.php\/wp-json\/wp\/v2\/comments?post=404397"}],"version-history":[{"count":0,"href":"https:\/\/www.hashtag.al\/index.php\/wp-json\/wp\/v2\/posts\/404397\/revisions"}],"wp:featuredmedia":[{"embeddable":true,"href":"https:\/\/www.hashtag.al\/index.php\/wp-json\/wp\/v2\/media\/404398"}],"wp:attachment":[{"href":"https:\/\/www.hashtag.al\/index.php\/wp-json\/wp\/v2\/media?parent=404397"}],"wp:term":[{"taxonomy":"category","embeddable":true,"href":"https:\/\/www.hashtag.al\/index.php\/wp-json\/wp\/v2\/categories?post=404397"},{"taxonomy":"post_tag","embeddable":true,"href":"https:\/\/www.hashtag.al\/index.php\/wp-json\/wp\/v2\/tags?post=404397"}],"curies":[{"name":"wp","href":"https:\/\/api.w.org\/{rel}","templated":true}]}}