{"id":404002,"date":"2020-10-06T09:50:53","date_gmt":"2020-10-06T07:50:53","guid":{"rendered":"https:\/\/hashtag.al\/?p=404002"},"modified":"2020-10-06T09:58:09","modified_gmt":"2020-10-06T07:58:09","slug":"kostaq-papa-propozon-ligjin-me-nje-nen-te-shpallet-det-historik-zona-nga-butrinti-ne-palase","status":"publish","type":"post","link":"https:\/\/www.hashtag.al\/index.php\/2020\/10\/06\/kostaq-papa-propozon-ligjin-me-nje-nen-te-shpallet-det-historik-zona-nga-butrinti-ne-palase\/","title":{"rendered":"Kostaq Papa propozon ligjin me nj\u00eb nen: T\u00eb shpallet det historik zona nga Butrinti n\u00eb Palas\u00eb","gt_translate_keys":[{"key":"rendered","format":"text"}]},"content":{"rendered":"<p><span style=\"color: #000000;\"><a href=\"https:\/\/hashtag.al\/wp-content\/uploads\/2020\/10\/PAPA.jpg\"><img loading=\"lazy\" decoding=\"async\" class=\"aligncenter size-full wp-image-404003\" src=\"https:\/\/hashtag.al\/wp-content\/uploads\/2020\/10\/PAPA.jpg\" alt=\"\" width=\"3264\" height=\"1632\" srcset=\"https:\/\/www.hashtag.al\/wp-content\/uploads\/2020\/10\/PAPA.jpg 3264w, https:\/\/www.hashtag.al\/wp-content\/uploads\/2020\/10\/PAPA-300x150.jpg 300w, https:\/\/www.hashtag.al\/wp-content\/uploads\/2020\/10\/PAPA-768x384.jpg 768w, https:\/\/www.hashtag.al\/wp-content\/uploads\/2020\/10\/PAPA-1024x512.jpg 1024w\" sizes=\"auto, (max-width: 3264px) 100vw, 3264px\" \/><\/a><\/span><\/p>\n<p><span style=\"color: #000000;\">Deputeti i opozit\u00ebs Kostaq Papa, ka propozuar n\u00eb Kuvend n<\/span><span style=\"color: #000000;\">j\u00eb <span style=\"color: #0000ff;\"><a style=\"color: #0000ff;\" href=\"http:\/\/parlament.al\/Files\/ProjektLigje\/20201005101523nisma%20K.%20Papa.pdf\">ligj<\/a> <\/span>t\u00eb pazakont\u00eb me vet\u00ebm nj\u00eb nen dhe dy faqe relacion.<\/span><\/p>\n<p><span style=\"color: #000000;\">Ai propozon q\u00eb vija bregdetare q\u00eb nga Gjiri i Sarand\u00ebs, Butrinti, Ksamili, Himara, Borshi, Qeparoi e deri n\u00eb Palas\u00eb, t\u00eb shpallet &#8220;Det historik&#8221;.\u00a0 Ky \u00ebsht\u00eb neni i par\u00eb. Ka edhe nj\u00eb nen t\u00eb dyt\u00eb i cili thot\u00eb \u201c<em>Ky ligj hyn n\u00eb fuqi 15 dit\u00eb pas botimit n\u00eb Fletoren Zyrtare\u201d.<\/em><br \/>\n<a href=\"https:\/\/hashtag.al\/wp-content\/uploads\/2020\/10\/propozimi.jpg\"><img loading=\"lazy\" decoding=\"async\" class=\"aligncenter size-full wp-image-404005\" src=\"https:\/\/hashtag.al\/wp-content\/uploads\/2020\/10\/propozimi.jpg\" alt=\"\" width=\"576\" height=\"506\" srcset=\"https:\/\/www.hashtag.al\/wp-content\/uploads\/2020\/10\/propozimi.jpg 576w, https:\/\/www.hashtag.al\/wp-content\/uploads\/2020\/10\/propozimi-300x264.jpg 300w\" sizes=\"auto, (max-width: 576px) 100vw, 576px\" \/><\/a><\/span><\/p>\n<p><span style=\"color: #000000;\">Edhe pse vet\u00ebm dy faqe relacion, n\u00eb tekstin e shkruar prej deputetit Papa nuk mungojn\u00eb as gabimet e shumta gramatikore.<\/span><\/p>\n<p><span style=\"color: #000000;\">N\u00eb relacionin q\u00eb shoq\u00ebron projektligjin, Papa thot\u00eb se kjo nism\u00eb ligjore do t\u00eb mbroj\u00eb uj\u00ebrat detare shqiptare nga vendimi i Greqis\u00eb p\u00ebr zgjerimin e detit territorial me 12 milje n\u00eb Detin Jon. Ai thot\u00eb se shpallja e k\u00ebsaj zone si Det Historik, do eleminoj\u00eb nj\u00ebher\u00eb e mir\u00eb mund\u00ebsin\u00eb q\u00eb n\u00ebnpun\u00ebsit e korruptuar ta <em>\u201cshesin detin\u201d<\/em> te vendet fqinje.<\/span><\/p>\n<p><span style=\"color: #000000;\">Mir\u00ebpo ish-z\u00ebvend\u00ebs komandanti i Forcave Detare Artur Me\u00e7ollari nuk mendon k\u00ebshtu. Ai nuk e kupton vler\u00ebn e k\u00ebtij projektligji, pasi thekson se vija bregdetare \u00ebsht\u00eb n\u00eb fuqi dhe nuk mund t\u00eb kontestohet e si rezultat ky propozim i Pap\u00ebs nuk sjell asnj\u00eb dobi.<\/span><\/p>\n<p><span style=\"color: #000000;\">&#8220;<em>Propozohet nj\u00eb ligj n\u00eb Parlament p\u00ebr t\u00eb shpallur ujra historike n\u00eb bregdetin jonian.<\/em><\/span><br \/>\n<em><span style=\"color: #000000;\">A \u00ebsht\u00eb ai i nevojsh\u00ebm?<\/span><\/em><br \/>\n<em><span style=\"color: #000000;\">Vija e drejt\u00eb baz\u00eb e Shqiperis\u00eb n\u00eb detin Jon (gjiri i Gram\u00ebs, Palermo, kepi i Qefalit dhe kepi i Martes\u00ebs (Sarand\u00ebs) eshte mbyllur nga t\u00eb par\u00ebt tan\u00eb qysh n\u00eb vitin 1976 dhe \u00ebsht\u00eb depozituar n\u00eb OKB n\u00eb vitin 1990. Ajo u shfuqizua n\u00eb vitin 2008 me ligjin nr. 9861, n\u00eb mes t\u00eb negociatave me Greqin\u00eb, por hyri p\u00ebrseri n\u00eb fuqi n\u00eb vitin 2012 me ligjin nr. 60\/2012. Tashme ajo \u00ebsht\u00eb n\u00eb fuqi dhe nuk mund t\u00eb kontestohet m\u00eb nga askush.<\/span><\/em><br \/>\n<span style=\"color: #000000;\"><em>Propozimi i p\u00ebr nj\u00eb ligj p\u00ebr k\u00ebt\u00eb qellim nuk sjell asnj\u00eb dobi. Ujrat e Palas\u00ebs, Himar\u00ebs gjirit t\u00eb Borshit dhe gjirit t\u00eb Sarand\u00ebs jan\u00eb t\u00eb mbyllura me vij\u00eb t\u00eb drejt\u00eb baz\u00eb, e cila i mbyll k\u00ebto hap\u00ebsira si det i brendsh\u00ebm (rreth 150 km2) dhe kjo vij\u00eb do t\u00eb jet\u00eb si baz\u00eb p\u00ebr delimitohen e hap\u00ebsirave detare me greqin\u00eb. Kjo iniciativ\u00eb do t\u00eb ishte e domishme n\u00ebse nuk do t\u00eb ishte kthyer n\u00eb fuqi vija e drejt\u00eb baz\u00eb me ligjin nr. 60\/2012.&#8221;-<\/em> shpjegon Me\u00e7ollari.<\/span><\/p>\n<p><a href=\"https:\/\/hashtag.al\/wp-content\/uploads\/2020\/10\/Sarande-Butrint.jpg\"><img loading=\"lazy\" decoding=\"async\" class=\"aligncenter size-full wp-image-404010\" src=\"https:\/\/hashtag.al\/wp-content\/uploads\/2020\/10\/Sarande-Butrint.jpg\" alt=\"\" width=\"690\" height=\"960\" srcset=\"https:\/\/www.hashtag.al\/wp-content\/uploads\/2020\/10\/Sarande-Butrint.jpg 690w, https:\/\/www.hashtag.al\/wp-content\/uploads\/2020\/10\/Sarande-Butrint-216x300.jpg 216w\" sizes=\"auto, (max-width: 690px) 100vw, 690px\" \/><\/a> <a href=\"https:\/\/hashtag.al\/wp-content\/uploads\/2020\/10\/Sarande.jpg\"><img loading=\"lazy\" decoding=\"async\" class=\"aligncenter size-full wp-image-404011\" src=\"https:\/\/hashtag.al\/wp-content\/uploads\/2020\/10\/Sarande.jpg\" alt=\"\" width=\"625\" height=\"960\" srcset=\"https:\/\/www.hashtag.al\/wp-content\/uploads\/2020\/10\/Sarande.jpg 625w, https:\/\/www.hashtag.al\/wp-content\/uploads\/2020\/10\/Sarande-195x300.jpg 195w\" sizes=\"auto, (max-width: 625px) 100vw, 625px\" \/><\/a><\/p>\n<p><span style=\"color: #000000;\">Kostaq Papa, p\u00ebr t\u00eb bindur Kuvendin t\u00eb miratoj\u00eb nism\u00ebn e tij, p\u00ebrmend ngjarjet historike q\u00eb kan\u00eb ndodhur n\u00eb k\u00ebto uj\u00ebra detare. <\/span><\/p>\n<p><span style=\"color: #000000;\">Ai p\u00ebrmend ardhjen e Eneas dhe grupit t\u00eb luft\u00ebtar\u00ebve t\u00eb tij pas largimit nga Troja dhe q\u00ebndrimin e tij n\u00eb Butrint si dhe zbarkimin e Perandorit t\u00eb Rom\u00ebs Jul Qezari me ushtrin\u00eb e tij n\u00eb Palas\u00eb rreth vitit 50 p.e.s p\u00ebr t\u00eb zhvilluar betejat n\u00eb Orik me Pompeun.<\/span><\/p>\n<p><a href=\"https:\/\/hashtag.al\/wp-content\/uploads\/2020\/10\/relacion-1.jpg\"><img loading=\"lazy\" decoding=\"async\" class=\"aligncenter size-full wp-image-404008\" src=\"https:\/\/hashtag.al\/wp-content\/uploads\/2020\/10\/relacion-1.jpg\" alt=\"\" width=\"564\" height=\"566\" srcset=\"https:\/\/www.hashtag.al\/wp-content\/uploads\/2020\/10\/relacion-1.jpg 564w, https:\/\/www.hashtag.al\/wp-content\/uploads\/2020\/10\/relacion-1-150x150.jpg 150w, https:\/\/www.hashtag.al\/wp-content\/uploads\/2020\/10\/relacion-1-300x300.jpg 300w, https:\/\/www.hashtag.al\/wp-content\/uploads\/2020\/10\/relacion-1-120x120.jpg 120w\" sizes=\"auto, (max-width: 564px) 100vw, 564px\" \/><\/a> <a href=\"https:\/\/hashtag.al\/wp-content\/uploads\/2020\/10\/relacion-2.jpg\"><img loading=\"lazy\" decoding=\"async\" class=\"aligncenter size-full wp-image-404009\" src=\"https:\/\/hashtag.al\/wp-content\/uploads\/2020\/10\/relacion-2.jpg\" alt=\"\" width=\"559\" height=\"566\" srcset=\"https:\/\/www.hashtag.al\/wp-content\/uploads\/2020\/10\/relacion-2.jpg 559w, https:\/\/www.hashtag.al\/wp-content\/uploads\/2020\/10\/relacion-2-296x300.jpg 296w\" sizes=\"auto, (max-width: 559px) 100vw, 559px\" \/><\/a><\/p>\n","protected":false,"gt_translate_keys":[{"key":"rendered","format":"html"}]},"excerpt":{"rendered":"<p>Deputeti i opozit\u00ebs Kostaq Papa, ka propozuar n\u00eb Kuvend nj\u00eb ligj t\u00eb pazakont\u00eb me vet\u00ebm nj\u00eb nen dhe dy faqe relacion. Ai propozon q\u00eb vija bregdetare q\u00eb nga Gjiri i Sarand\u00ebs, Butrinti, Ksamili, Himara, Borshi, Qeparoi e deri n\u00eb Palas\u00eb, t\u00eb shpallet &#8220;Det historik&#8221;.\u00a0 Ky \u00ebsht\u00eb neni i par\u00eb. Ka edhe nj\u00eb nen t\u00eb dyt\u00eb [&hellip;]<\/p>\n","protected":false,"gt_translate_keys":[{"key":"rendered","format":"html"}]},"author":30,"featured_media":404003,"comment_status":"open","ping_status":"open","sticky":false,"template":"","format":"standard","meta":{"footnotes":""},"categories":[65,13],"tags":[],"class_list":["post-404002","post","type-post","status-publish","format-standard","has-post-thumbnail","hentry","category-lajme","category-te-fundit"],"gt_translate_keys":[{"key":"link","format":"url"}],"_links":{"self":[{"href":"https:\/\/www.hashtag.al\/index.php\/wp-json\/wp\/v2\/posts\/404002","targetHints":{"allow":["GET"]}}],"collection":[{"href":"https:\/\/www.hashtag.al\/index.php\/wp-json\/wp\/v2\/posts"}],"about":[{"href":"https:\/\/www.hashtag.al\/index.php\/wp-json\/wp\/v2\/types\/post"}],"author":[{"embeddable":true,"href":"https:\/\/www.hashtag.al\/index.php\/wp-json\/wp\/v2\/users\/30"}],"replies":[{"embeddable":true,"href":"https:\/\/www.hashtag.al\/index.php\/wp-json\/wp\/v2\/comments?post=404002"}],"version-history":[{"count":0,"href":"https:\/\/www.hashtag.al\/index.php\/wp-json\/wp\/v2\/posts\/404002\/revisions"}],"wp:featuredmedia":[{"embeddable":true,"href":"https:\/\/www.hashtag.al\/index.php\/wp-json\/wp\/v2\/media\/404003"}],"wp:attachment":[{"href":"https:\/\/www.hashtag.al\/index.php\/wp-json\/wp\/v2\/media?parent=404002"}],"wp:term":[{"taxonomy":"category","embeddable":true,"href":"https:\/\/www.hashtag.al\/index.php\/wp-json\/wp\/v2\/categories?post=404002"},{"taxonomy":"post_tag","embeddable":true,"href":"https:\/\/www.hashtag.al\/index.php\/wp-json\/wp\/v2\/tags?post=404002"}],"curies":[{"name":"wp","href":"https:\/\/api.w.org\/{rel}","templated":true}]}}