{"id":403898,"date":"2020-10-05T17:44:32","date_gmt":"2020-10-05T15:44:32","guid":{"rendered":"https:\/\/hashtag.al\/?p=403898"},"modified":"2020-10-05T17:35:55","modified_gmt":"2020-10-05T15:35:55","slug":"sipas-shkencetareve-gjermane-sorrat-jane-te-afta-te-mendojne-ne-menyre-te-vetedijshme","status":"publish","type":"post","link":"https:\/\/www.hashtag.al\/index.php\/2020\/10\/05\/sipas-shkencetareve-gjermane-sorrat-jane-te-afta-te-mendojne-ne-menyre-te-vetedijshme\/","title":{"rendered":"Sipas shkenc\u00ebtar\u00ebve gjerman\u00eb, sorrat jan\u00eb t\u00eb afta t\u00eb mendojn\u00eb n\u00eb m\u00ebnyr\u00eb t\u00eb vet\u00ebdijshme","gt_translate_keys":[{"key":"rendered","format":"text"}]},"content":{"rendered":"<p><img loading=\"lazy\" decoding=\"async\" class=\"aligncenter size-full wp-image-403899\" src=\"https:\/\/hashtag.al\/wp-content\/uploads\/2020\/10\/korbi.jpg\" alt=\"\" width=\"1800\" height=\"1350\" srcset=\"https:\/\/www.hashtag.al\/wp-content\/uploads\/2020\/10\/korbi.jpg 1800w, https:\/\/www.hashtag.al\/wp-content\/uploads\/2020\/10\/korbi-300x225.jpg 300w, https:\/\/www.hashtag.al\/wp-content\/uploads\/2020\/10\/korbi-768x576.jpg 768w, https:\/\/www.hashtag.al\/wp-content\/uploads\/2020\/10\/korbi-1024x768.jpg 1024w\" sizes=\"auto, (max-width: 1800px) 100vw, 1800px\" \/><\/p>\n<p><span style=\"color: #000000;\">Sipas nj\u00eb grupi shkenc\u00ebtar\u00ebsh, sorrat, zot\u00ebrojn\u00eb nj\u00eb form\u00eb t\u00eb vet\u00ebdijes dhe jan\u00eb m\u00eb t\u00eb zgjuar se sa dihej deri tani. Familja e shpend\u00ebve sorr\u00eb e korb, jan\u00eb t\u00eb vet\u00ebdijsh\u00ebm p\u00ebr mjediset e tyre dhe kalimin afatshkurt\u00ebr t\u00eb koh\u00ebs, e cila nga ana tjet\u00ebr, prodhon p\u00ebrvoja subjektive, zbuluan studiuesit.<\/span><\/p>\n<p><span style=\"color: #000000;\">Ekipi n\u00eb Universitetin e Tubingenit n\u00eb Gjermani zhvilloi nj\u00eb seri eksperimentesh n\u00eb dy lloj sorrash (Corvus corone), n\u00eb t\u00eb cilat secilit iu treguan rreth 20,000 sinjale drite gjat\u00eb dhjet\u00ebra seancave, nd\u00ebrsa elektrodat mbik\u00ebqyrnin veprimtarin\u00eb e trurit t\u00eb tyre.<\/span><\/p>\n<p><span style=\"color: #000000;\">Zogjt\u00eb u st\u00ebrvit\u00ebn p\u00ebr t\u00eb njohur stimujt vizual\u00eb duke tundur me kok\u00eb p\u00ebr t\u00eb treguar kur regjistruan nj\u00eb drit\u00eb t\u00eb ndezur.<\/span><\/p>\n<p><span style=\"color: #000000;\">Disa nga dritat ishin m\u00eb t\u00eb zbehta dhe t\u00eb shkurtra, duke i b\u00ebr\u00eb ato m\u00eb t\u00eb v\u00ebshtira p\u00ebr t&#8217;u dalluar, megjithat\u00eb dhe kjo shkaktoi nj\u00eb ngat\u00ebrrim n\u00eb p\u00ebrgjigjet e dh\u00ebna nga \u00e7ifti, duke \u00e7uar n\u00eb ndryshime mendimesh ose p\u00ebrvoj\u00eb subjektive.<\/span><\/p>\n<p><span style=\"color: #000000;\"><em>&#8220;Qelizat nervore q\u00eb p\u00ebrfaq\u00ebsojn\u00eb hyrjen vizuale pa p\u00ebrb\u00ebr\u00ebs subjektiv\u00eb pritet t&#8217;i p\u00ebrgjigjen n\u00eb t\u00eb nj\u00ebjt\u00ebn m\u00ebnyr\u00eb nj\u00eb stimuli vizual me intensitet konstant&#8221;<\/em>, tha fiziologu i kafsh\u00ebve, Andreas Nieder, i Universitetit t\u00eb Tubingenit.<\/span><\/p>\n<p><span style=\"color: #000000;\">&#8220;Rezultatet tona, megjithat\u00eb, tregojn\u00eb p\u00ebrfundimisht se qelizat nervore n\u00eb nivele m\u00eb t\u00eb larta t\u00eb p\u00ebrpunimit t\u00eb trurit t\u00eb sorr\u00ebs ndikohen nga p\u00ebrvoja subjektive, ose m\u00eb sakt\u00ebsisht prodhojn\u00eb p\u00ebrvoja subjektive.&#8221;<\/span><\/p>\n<p><span style=\"color: #000000;\">Nd\u00ebrgjegja n\u00eb fjal\u00eb quhet vet\u00ebdije primare, ose shqisore dhe m\u00eb par\u00eb mendohej se ekzistonte vet\u00ebm tek primat\u00ebt. Ky studim i fundit mund t\u2019i detyroj\u00eb studiuesit t\u00eb rishikojm\u00eb p\u00ebrkufizimin e vet\u00ebdijes, si dhe kompleksitetin e trurit t\u00eb shpend\u00ebve.<\/span><\/p>\n","protected":false,"gt_translate_keys":[{"key":"rendered","format":"html"}]},"excerpt":{"rendered":"<p>Sipas nj\u00eb grupi shkenc\u00ebtar\u00ebsh, sorrat, zot\u00ebrojn\u00eb nj\u00eb form\u00eb t\u00eb vet\u00ebdijes dhe jan\u00eb m\u00eb t\u00eb zgjuar se sa dihej deri tani. Familja e shpend\u00ebve sorr\u00eb e korb, jan\u00eb t\u00eb vet\u00ebdijsh\u00ebm p\u00ebr mjediset e tyre dhe kalimin afatshkurt\u00ebr t\u00eb koh\u00ebs, e cila nga ana tjet\u00ebr, prodhon p\u00ebrvoja subjektive, zbuluan studiuesit. Ekipi n\u00eb Universitetin e Tubingenit n\u00eb Gjermani [&hellip;]<\/p>\n","protected":false,"gt_translate_keys":[{"key":"rendered","format":"html"}]},"author":51,"featured_media":403899,"comment_status":"open","ping_status":"open","sticky":false,"template":"","format":"standard","meta":{"footnotes":""},"categories":[53],"tags":[],"class_list":["post-403898","post","type-post","status-publish","format-standard","has-post-thumbnail","hentry","category-fast-foodi"],"gt_translate_keys":[{"key":"link","format":"url"}],"_links":{"self":[{"href":"https:\/\/www.hashtag.al\/index.php\/wp-json\/wp\/v2\/posts\/403898","targetHints":{"allow":["GET"]}}],"collection":[{"href":"https:\/\/www.hashtag.al\/index.php\/wp-json\/wp\/v2\/posts"}],"about":[{"href":"https:\/\/www.hashtag.al\/index.php\/wp-json\/wp\/v2\/types\/post"}],"author":[{"embeddable":true,"href":"https:\/\/www.hashtag.al\/index.php\/wp-json\/wp\/v2\/users\/51"}],"replies":[{"embeddable":true,"href":"https:\/\/www.hashtag.al\/index.php\/wp-json\/wp\/v2\/comments?post=403898"}],"version-history":[{"count":0,"href":"https:\/\/www.hashtag.al\/index.php\/wp-json\/wp\/v2\/posts\/403898\/revisions"}],"wp:featuredmedia":[{"embeddable":true,"href":"https:\/\/www.hashtag.al\/index.php\/wp-json\/wp\/v2\/media\/403899"}],"wp:attachment":[{"href":"https:\/\/www.hashtag.al\/index.php\/wp-json\/wp\/v2\/media?parent=403898"}],"wp:term":[{"taxonomy":"category","embeddable":true,"href":"https:\/\/www.hashtag.al\/index.php\/wp-json\/wp\/v2\/categories?post=403898"},{"taxonomy":"post_tag","embeddable":true,"href":"https:\/\/www.hashtag.al\/index.php\/wp-json\/wp\/v2\/tags?post=403898"}],"curies":[{"name":"wp","href":"https:\/\/api.w.org\/{rel}","templated":true}]}}