{"id":403865,"date":"2020-10-05T14:53:59","date_gmt":"2020-10-05T12:53:59","guid":{"rendered":"https:\/\/hashtag.al\/?p=403865"},"modified":"2020-10-05T14:53:59","modified_gmt":"2020-10-05T12:53:59","slug":"balla-uroj-qe-meta-te-lere-postin-sic-thote-hesapet-me-te-historikisht-i-lajme-me-25-prill","status":"publish","type":"post","link":"https:\/\/www.hashtag.al\/index.php\/2020\/10\/05\/balla-uroj-qe-meta-te-lere-postin-sic-thote-hesapet-me-te-historikisht-i-lajme-me-25-prill\/","title":{"rendered":"Balla: Uroj q\u00eb Meta t\u00eb l\u00ebr\u00eb postin si\u00e7 thot\u00eb, hesapet me t\u00eb historikisht i lajm\u00eb m\u00eb 25 prill","gt_translate_keys":[{"key":"rendered","format":"text"}]},"content":{"rendered":"<p><img loading=\"lazy\" decoding=\"async\" class=\"aligncenter size-full wp-image-357469\" src=\"https:\/\/hashtag.al\/wp-content\/uploads\/2020\/03\/ballataulant.jpg\" alt=\"\" width=\"1587\" height=\"869\" srcset=\"https:\/\/www.hashtag.al\/wp-content\/uploads\/2020\/03\/ballataulant.jpg 1587w, https:\/\/www.hashtag.al\/wp-content\/uploads\/2020\/03\/ballataulant-300x164.jpg 300w, https:\/\/www.hashtag.al\/wp-content\/uploads\/2020\/03\/ballataulant-768x421.jpg 768w, https:\/\/www.hashtag.al\/wp-content\/uploads\/2020\/03\/ballataulant-1024x561.jpg 1024w\" sizes=\"auto, (max-width: 1587px) 100vw, 1587px\" \/><\/p>\n<p><span style=\"color: #000000;\">Numri dy i PS-s\u00eb, Balla, tha n\u00eb Kuvend se shpreson q\u00eb presidenti Meta ta l\u00ebr\u00eb detyr\u00ebn duke shtuar se hesapet me t\u00eb do lahen m\u00eb 25 prill. <\/span><\/p>\n<p><span style=\"color: #000000;\">Kreu i grupit parlamentar tha se Meta nuk mund t\u00eb jet\u00eb president i shqiptar\u00ebve nd\u00ebrsa pohoi se shum\u00eb shpejt do b\u00ebhej edhe ligji p\u00ebr Presidentin q\u00eb do rregulloj\u00eb marr\u00ebdh\u00ebniet mes tij, Kuvendit e institucioneve t\u00eb tjera.<\/span><\/p>\n<p><span style=\"color: #000000;\"><em>\u201cSot Ilir Meta \u00ebsht\u00eb nj\u00eb person i cili nuk mund t\u00eb jet\u00eb President i shqiptar\u00ebve. Nj\u00eb njeri q\u00eb ka l\u00ebn\u00eb mantelin e presidentit n\u00eb garderob\u00eb, dhe \u00ebsht\u00eb hedhur n\u00eb lluc\u00ebn e asaj \u00e7far\u00eb ka mbetur nga ish-partia e tij, me shpres\u00ebn se mund t\u00eb peshkoj\u00eb ndonj\u00eb person q\u00eb ende s\u2019e ka kuptuar \u00e7far\u00eb p\u00ebrfaq\u00ebson Meta. Kjo \u00ebsht\u00eb di\u00e7ka q\u00eb, hesapet me Met\u00ebn historikisht do t\u00eb lahen m\u00eb 25 prill. Uroj q\u00eb thashethemet q\u00eb \u00e7on me sms se do l\u00ebshoj\u00eb mandatin, t\u2019i b\u00ebj\u00eb realisht. N\u00eb krye t\u00eb shtetit shqiptar n\u00eb 2020 duhet nj\u00eb president mbi pal\u00ebt, dhe t\u00eb b\u00ebj\u00eb detyr\u00ebn. Por fillimisht na duhet ligji p\u00eb Presidentin.\u201d<\/em> \u2013 tha Balla.<\/span><\/p>\n","protected":false,"gt_translate_keys":[{"key":"rendered","format":"html"}]},"excerpt":{"rendered":"<p>Numri dy i PS-s\u00eb, Balla, tha n\u00eb Kuvend se shpreson q\u00eb presidenti Meta ta l\u00ebr\u00eb detyr\u00ebn duke shtuar se hesapet me t\u00eb do lahen m\u00eb 25 prill. Kreu i grupit parlamentar tha se Meta nuk mund t\u00eb jet\u00eb president i shqiptar\u00ebve nd\u00ebrsa pohoi se shum\u00eb shpejt do b\u00ebhej edhe ligji p\u00ebr Presidentin q\u00eb do rregulloj\u00eb [&hellip;]<\/p>\n","protected":false,"gt_translate_keys":[{"key":"rendered","format":"html"}]},"author":51,"featured_media":357469,"comment_status":"open","ping_status":"open","sticky":false,"template":"","format":"standard","meta":{"footnotes":""},"categories":[65,13],"tags":[],"class_list":["post-403865","post","type-post","status-publish","format-standard","has-post-thumbnail","hentry","category-lajme","category-te-fundit"],"gt_translate_keys":[{"key":"link","format":"url"}],"_links":{"self":[{"href":"https:\/\/www.hashtag.al\/index.php\/wp-json\/wp\/v2\/posts\/403865","targetHints":{"allow":["GET"]}}],"collection":[{"href":"https:\/\/www.hashtag.al\/index.php\/wp-json\/wp\/v2\/posts"}],"about":[{"href":"https:\/\/www.hashtag.al\/index.php\/wp-json\/wp\/v2\/types\/post"}],"author":[{"embeddable":true,"href":"https:\/\/www.hashtag.al\/index.php\/wp-json\/wp\/v2\/users\/51"}],"replies":[{"embeddable":true,"href":"https:\/\/www.hashtag.al\/index.php\/wp-json\/wp\/v2\/comments?post=403865"}],"version-history":[{"count":0,"href":"https:\/\/www.hashtag.al\/index.php\/wp-json\/wp\/v2\/posts\/403865\/revisions"}],"wp:featuredmedia":[{"embeddable":true,"href":"https:\/\/www.hashtag.al\/index.php\/wp-json\/wp\/v2\/media\/357469"}],"wp:attachment":[{"href":"https:\/\/www.hashtag.al\/index.php\/wp-json\/wp\/v2\/media?parent=403865"}],"wp:term":[{"taxonomy":"category","embeddable":true,"href":"https:\/\/www.hashtag.al\/index.php\/wp-json\/wp\/v2\/categories?post=403865"},{"taxonomy":"post_tag","embeddable":true,"href":"https:\/\/www.hashtag.al\/index.php\/wp-json\/wp\/v2\/tags?post=403865"}],"curies":[{"name":"wp","href":"https:\/\/api.w.org\/{rel}","templated":true}]}}