{"id":403610,"date":"2020-10-04T16:19:07","date_gmt":"2020-10-04T14:19:07","guid":{"rendered":"https:\/\/hashtag.al\/?p=403610"},"modified":"2020-10-04T16:19:07","modified_gmt":"2020-10-04T14:19:07","slug":"humbin-jeten-kater-persona-ne-vend-lidhur-me-covid-19","status":"publish","type":"post","link":"https:\/\/www.hashtag.al\/index.php\/2020\/10\/04\/humbin-jeten-kater-persona-ne-vend-lidhur-me-covid-19\/","title":{"rendered":"Humbin jet\u00ebn kat\u00ebr persona n\u00eb vend lidhur me Covid-19","gt_translate_keys":[{"key":"rendered","format":"text"}]},"content":{"rendered":"<p><img loading=\"lazy\" decoding=\"async\" class=\"aligncenter size-full wp-image-397602\" src=\"https:\/\/hashtag.al\/wp-content\/uploads\/2020\/09\/familjaret-pacientet-pritja-Infektivi-QSUT-Pipero-Pellumb-17.jpeg\" alt=\"\" width=\"1280\" height=\"789\" srcset=\"https:\/\/www.hashtag.al\/wp-content\/uploads\/2020\/09\/familjaret-pacientet-pritja-Infektivi-QSUT-Pipero-Pellumb-17.jpeg 1280w, https:\/\/www.hashtag.al\/wp-content\/uploads\/2020\/09\/familjaret-pacientet-pritja-Infektivi-QSUT-Pipero-Pellumb-17-300x185.jpeg 300w, https:\/\/www.hashtag.al\/wp-content\/uploads\/2020\/09\/familjaret-pacientet-pritja-Infektivi-QSUT-Pipero-Pellumb-17-768x473.jpeg 768w, https:\/\/www.hashtag.al\/wp-content\/uploads\/2020\/09\/familjaret-pacientet-pritja-Infektivi-QSUT-Pipero-Pellumb-17-1024x631.jpeg 1024w\" sizes=\"auto, (max-width: 1280px) 100vw, 1280px\" \/><\/p>\n<p><span style=\"color: #000000;\">Kat\u00ebr persona kan\u00eb humbur jet\u00ebn n\u00eb vend n\u00eb 24 or\u00ebt e fundit lidhur me koronavirusin e ri. <\/span><\/p>\n<p><span style=\"color: #000000;\">Sipas deklarat\u00ebs zyrtare t\u00eb lexuar nga p\u00ebrfaq\u00ebsuesja e ISHP-s\u00eb, Tomini, viktimat jan\u00eb nj\u00eb 73 vje\u00e7ar nga Durr\u00ebsi, nj\u00eb 77 vje\u00e7ar nga Shkodra, dhe 2 qytetar\u00eb nga Tirana: nj\u00eb 65 vje\u00e7ar dhe nj\u00eb 74 vje\u00e7ar, me s\u00ebmundje bashk\u00ebshoq\u00ebruese. <\/span><\/p>\n<p><span style=\"color: #000000;\">P\u00ebr sa u p\u00ebrket rasteve t\u00eb reja jan\u00eb zbuluar 149 persona t\u00eb prekur nga covid-19. <\/span><\/p>\n<p><span style=\"color: #000000;\">N\u00eb dy spitalet n\u00eb Tiran\u00eb jan\u00eb shtruar 206 pacient\u00eb, me 20 n\u00eb terapi intensive nga t\u00eb cil\u00ebt 7 pacient\u00eb jan\u00eb t\u00eb intubuar.<\/span><\/p>\n","protected":false,"gt_translate_keys":[{"key":"rendered","format":"html"}]},"excerpt":{"rendered":"<p>Kat\u00ebr persona kan\u00eb humbur jet\u00ebn n\u00eb vend n\u00eb 24 or\u00ebt e fundit lidhur me koronavirusin e ri. Sipas deklarat\u00ebs zyrtare t\u00eb lexuar nga p\u00ebrfaq\u00ebsuesja e ISHP-s\u00eb, Tomini, viktimat jan\u00eb nj\u00eb 73 vje\u00e7ar nga Durr\u00ebsi, nj\u00eb 77 vje\u00e7ar nga Shkodra, dhe 2 qytetar\u00eb nga Tirana: nj\u00eb 65 vje\u00e7ar dhe nj\u00eb 74 vje\u00e7ar, me s\u00ebmundje bashk\u00ebshoq\u00ebruese. P\u00ebr [&hellip;]<\/p>\n","protected":false,"gt_translate_keys":[{"key":"rendered","format":"html"}]},"author":51,"featured_media":397602,"comment_status":"open","ping_status":"open","sticky":false,"template":"","format":"standard","meta":{"footnotes":""},"categories":[65,13],"tags":[],"class_list":["post-403610","post","type-post","status-publish","format-standard","has-post-thumbnail","hentry","category-lajme","category-te-fundit"],"gt_translate_keys":[{"key":"link","format":"url"}],"_links":{"self":[{"href":"https:\/\/www.hashtag.al\/index.php\/wp-json\/wp\/v2\/posts\/403610","targetHints":{"allow":["GET"]}}],"collection":[{"href":"https:\/\/www.hashtag.al\/index.php\/wp-json\/wp\/v2\/posts"}],"about":[{"href":"https:\/\/www.hashtag.al\/index.php\/wp-json\/wp\/v2\/types\/post"}],"author":[{"embeddable":true,"href":"https:\/\/www.hashtag.al\/index.php\/wp-json\/wp\/v2\/users\/51"}],"replies":[{"embeddable":true,"href":"https:\/\/www.hashtag.al\/index.php\/wp-json\/wp\/v2\/comments?post=403610"}],"version-history":[{"count":0,"href":"https:\/\/www.hashtag.al\/index.php\/wp-json\/wp\/v2\/posts\/403610\/revisions"}],"wp:featuredmedia":[{"embeddable":true,"href":"https:\/\/www.hashtag.al\/index.php\/wp-json\/wp\/v2\/media\/397602"}],"wp:attachment":[{"href":"https:\/\/www.hashtag.al\/index.php\/wp-json\/wp\/v2\/media?parent=403610"}],"wp:term":[{"taxonomy":"category","embeddable":true,"href":"https:\/\/www.hashtag.al\/index.php\/wp-json\/wp\/v2\/categories?post=403610"},{"taxonomy":"post_tag","embeddable":true,"href":"https:\/\/www.hashtag.al\/index.php\/wp-json\/wp\/v2\/tags?post=403610"}],"curies":[{"name":"wp","href":"https:\/\/api.w.org\/{rel}","templated":true}]}}