{"id":403541,"date":"2020-10-04T09:00:55","date_gmt":"2020-10-04T07:00:55","guid":{"rendered":"https:\/\/hashtag.al\/?p=403541"},"modified":"2020-10-04T08:54:11","modified_gmt":"2020-10-04T06:54:11","slug":"pd-e-durresit-konfirmon-listen-me-28-kandidate-per-deputet","status":"publish","type":"post","link":"https:\/\/www.hashtag.al\/index.php\/2020\/10\/04\/pd-e-durresit-konfirmon-listen-me-28-kandidate-per-deputet\/","title":{"rendered":"PD e Durr\u00ebsit konfirmon list\u00ebn me 28 kandidat\u00eb p\u00ebr deputet","gt_translate_keys":[{"key":"rendered","format":"text"}]},"content":{"rendered":"<p><img loading=\"lazy\" decoding=\"async\" class=\"aligncenter size-full wp-image-382682\" src=\"https:\/\/hashtag.al\/wp-content\/uploads\/2020\/06\/PD-zgjedhje.jpg\" alt=\"\" width=\"3264\" height=\"1916\" srcset=\"https:\/\/www.hashtag.al\/wp-content\/uploads\/2020\/06\/PD-zgjedhje.jpg 3264w, https:\/\/www.hashtag.al\/wp-content\/uploads\/2020\/06\/PD-zgjedhje-300x176.jpg 300w, https:\/\/www.hashtag.al\/wp-content\/uploads\/2020\/06\/PD-zgjedhje-768x451.jpg 768w, https:\/\/www.hashtag.al\/wp-content\/uploads\/2020\/06\/PD-zgjedhje-1024x601.jpg 1024w\" sizes=\"auto, (max-width: 3264px) 100vw, 3264px\" \/><\/p>\n<p><span style=\"color: #000000;\">Partia Demokratike Durr\u00ebs, dit\u00ebn e djeshme, \u00a0votoi kandidat\u00ebt p\u00ebr deputet\u00eb p\u00ebr zgjedhjet e ardhshme.<\/span><\/p>\n<p><span style=\"color: #000000;\">T\u00eb gjith\u00eb kandidat\u00ebt n\u00eb list\u00ebn prej 28 emrash do t\u00eb vijojn\u00eb procesin n\u00eb faz\u00ebn tjet\u00ebr. Dega e PD Durr\u00ebs shkruan n\u00eb Facebook se pjes\u00ebmarrja n\u00eb votime ka qen\u00eb e lart\u00eb.<\/span><\/p>\n<p><span style=\"color: #000000;\">Numri i an\u00ebtar\u00ebve me t\u00eb drejt\u00eb vote n\u00eb k\u00ebt\u00eb qytet ishin 3075, nd\u00ebrsa n\u00eb votime mor\u00ebn pjes\u00eb 2253 an\u00ebtar\u00eb ose 73,2 %.\u00a0<\/span><\/p>\n<p><span style=\"color: #000000;\">Lista me kandidat\u00ebt e konfirmuar:<\/span><\/p>\n<ol>\n<li><span style=\"color: #000000;\">Ardian Muka<\/span><\/li>\n<li><span style=\"color: #000000;\">Arjan Dedej<\/span><\/li>\n<li><span style=\"color: #000000;\">Arlind Boshku<\/span><\/li>\n<li><span style=\"color: #000000;\">Armand Teliti<\/span><\/li>\n<li><span style=\"color: #000000;\">Artion Bajramaj<\/span><\/li>\n<li><span style=\"color: #000000;\">Blerina Re\u00e7i<\/span><\/li>\n<li><span style=\"color: #000000;\">Dejana Burgia<\/span><\/li>\n<li><span style=\"color: #000000;\">Edlira Devolli<\/span><\/li>\n<li><span style=\"color: #000000;\">Edmond Hoxha<\/span><\/li>\n<li><span style=\"color: #000000;\">\u00a0 Enri Ceno<\/span><\/li>\n<li><span style=\"color: #000000;\">\u00a0Erald Dervishi<\/span><\/li>\n<li><span style=\"color: #000000;\">\u00a0Erzen La\u00e7i<\/span><\/li>\n<li><span style=\"color: #000000;\">Fatbardha Kadiu<\/span><\/li>\n<li><span style=\"color: #000000;\">Florid Shazivari<\/span><\/li>\n<li><span style=\"color: #000000;\">Gazmend Oketa<\/span><\/li>\n<li><span style=\"color: #000000;\">Igli Cara<\/span><\/li>\n<li><span style=\"color: #000000;\">Ivo Jorgoni<\/span><\/li>\n<li><span style=\"color: #000000;\">Manjola Luku<\/span><\/li>\n<li><span style=\"color: #000000;\">Merita Danovelli \u00c7ela<\/span><\/li>\n<li><span style=\"color: #000000;\">Mirela Shala<\/span><\/li>\n<li><span style=\"color: #000000;\">Nasild Alikaj<\/span><\/li>\n<li><span style=\"color: #000000;\">Neritan Golja<\/span><\/li>\n<li><span style=\"color: #000000;\">Oerd Bylykbashi<\/span><\/li>\n<li><span style=\"color: #000000;\">P\u00ebllumb Berisha<\/span><\/li>\n<li><span style=\"color: #000000;\">Redi Myshketa<\/span><\/li>\n<li><span style=\"color: #000000;\">Riselda Kalia<\/span><\/li>\n<li><span style=\"color: #000000;\">Sokol Kapedani<\/span><\/li>\n<li><span style=\"color: #000000;\">Xhorxh Aleksi<\/span><\/li>\n<\/ol>\n<p>&nbsp;<\/p>\n","protected":false,"gt_translate_keys":[{"key":"rendered","format":"html"}]},"excerpt":{"rendered":"<p>Partia Demokratike Durr\u00ebs, dit\u00ebn e djeshme, \u00a0votoi kandidat\u00ebt p\u00ebr deputet\u00eb p\u00ebr zgjedhjet e ardhshme. T\u00eb gjith\u00eb kandidat\u00ebt n\u00eb list\u00ebn prej 28 emrash do t\u00eb vijojn\u00eb procesin n\u00eb faz\u00ebn tjet\u00ebr. Dega e PD Durr\u00ebs shkruan n\u00eb Facebook se pjes\u00ebmarrja n\u00eb votime ka qen\u00eb e lart\u00eb. Numri i an\u00ebtar\u00ebve me t\u00eb drejt\u00eb vote n\u00eb k\u00ebt\u00eb qytet ishin [&hellip;]<\/p>\n","protected":false,"gt_translate_keys":[{"key":"rendered","format":"html"}]},"author":32,"featured_media":382682,"comment_status":"open","ping_status":"open","sticky":false,"template":"","format":"standard","meta":{"footnotes":""},"categories":[65,13],"tags":[],"class_list":["post-403541","post","type-post","status-publish","format-standard","has-post-thumbnail","hentry","category-lajme","category-te-fundit"],"gt_translate_keys":[{"key":"link","format":"url"}],"_links":{"self":[{"href":"https:\/\/www.hashtag.al\/index.php\/wp-json\/wp\/v2\/posts\/403541","targetHints":{"allow":["GET"]}}],"collection":[{"href":"https:\/\/www.hashtag.al\/index.php\/wp-json\/wp\/v2\/posts"}],"about":[{"href":"https:\/\/www.hashtag.al\/index.php\/wp-json\/wp\/v2\/types\/post"}],"author":[{"embeddable":true,"href":"https:\/\/www.hashtag.al\/index.php\/wp-json\/wp\/v2\/users\/32"}],"replies":[{"embeddable":true,"href":"https:\/\/www.hashtag.al\/index.php\/wp-json\/wp\/v2\/comments?post=403541"}],"version-history":[{"count":0,"href":"https:\/\/www.hashtag.al\/index.php\/wp-json\/wp\/v2\/posts\/403541\/revisions"}],"wp:featuredmedia":[{"embeddable":true,"href":"https:\/\/www.hashtag.al\/index.php\/wp-json\/wp\/v2\/media\/382682"}],"wp:attachment":[{"href":"https:\/\/www.hashtag.al\/index.php\/wp-json\/wp\/v2\/media?parent=403541"}],"wp:term":[{"taxonomy":"category","embeddable":true,"href":"https:\/\/www.hashtag.al\/index.php\/wp-json\/wp\/v2\/categories?post=403541"},{"taxonomy":"post_tag","embeddable":true,"href":"https:\/\/www.hashtag.al\/index.php\/wp-json\/wp\/v2\/tags?post=403541"}],"curies":[{"name":"wp","href":"https:\/\/api.w.org\/{rel}","templated":true}]}}