{"id":403496,"date":"2020-10-03T18:21:56","date_gmt":"2020-10-03T16:21:56","guid":{"rendered":"https:\/\/hashtag.al\/?p=403496"},"modified":"2020-10-03T18:21:56","modified_gmt":"2020-10-03T16:21:56","slug":"evis-kushi-tregon-se-kush-i-dha-lajmin-se-ishte-perzgjedhur-si-minister-arsimi","status":"publish","type":"post","link":"https:\/\/www.hashtag.al\/index.php\/2020\/10\/03\/evis-kushi-tregon-se-kush-i-dha-lajmin-se-ishte-perzgjedhur-si-minister-arsimi\/","title":{"rendered":"Evis Kushi tregon se kush i dha lajmin se ishte p\u00ebrzgjedhur si Minist\u00ebr Arsimi","gt_translate_keys":[{"key":"rendered","format":"text"}]},"content":{"rendered":"<p><img loading=\"lazy\" decoding=\"async\" class=\"aligncenter size-full wp-image-403497\" src=\"https:\/\/hashtag.al\/wp-content\/uploads\/2020\/10\/evis-kushi.jpg\" alt=\"\" width=\"640\" height=\"358\" srcset=\"https:\/\/www.hashtag.al\/wp-content\/uploads\/2020\/10\/evis-kushi.jpg 640w, https:\/\/www.hashtag.al\/wp-content\/uploads\/2020\/10\/evis-kushi-300x168.jpg 300w\" sizes=\"auto, (max-width: 640px) 100vw, 640px\" \/><\/p>\n<p><span style=\"color: #000000;\">Ministrja e Arsimit, Sportit dhe Rinis\u00eb, Evis Kushi, tregoi n\u00eb nj\u00eb intervist\u00eb p\u00ebr emisionin \u201cKjo Jav\u00eb\u201d n\u00eb News 24 se kush ia propozoi postin m\u00eb t\u00eb r\u00ebnd\u00ebsish\u00ebm n\u00eb sistemin arsimor.<\/span><\/p>\n<p><span style=\"color: #000000;\">Kushi iu p\u00ebrgjigj pyetjes s\u00eb gazetares se ka qen\u00eb vet\u00eb Kryeministri i cili e ka thirrur dhe i ka propozuar p\u00ebr drejtimin e Ministris\u00eb s\u00eb Arsimit. \u00a0<\/span><\/p>\n<p><span style=\"color: #000000;\">\u201c<em>Kryeministri. M\u00eb thirri dhe m\u00eb propozoi k\u00ebt\u00eb gj\u00eb. P\u00ebr mua \u00ebsht\u00eb nj\u00eb privilegj i madh, si pedagoge, si m\u00ebsuese. Nuk ka nj\u00eb privilegj m\u00eb t\u00eb madh se ky. \u00cbsht\u00eb privilegj shum\u00eb i madh. Dhe nj\u00eb dit\u00eb t\u00eb jesh ministre e Arsimit \u00ebsht\u00eb privilegj i lart\u00eb. Elbasani ka nj\u00eb tradit\u00eb t\u00eb trash\u00ebguar brez pas brezi n\u00eb fush\u00ebn e arsimit<\/em>\u201d-tha Kushi.<\/span><\/p>\n","protected":false,"gt_translate_keys":[{"key":"rendered","format":"html"}]},"excerpt":{"rendered":"<p>Ministrja e Arsimit, Sportit dhe Rinis\u00eb, Evis Kushi, tregoi n\u00eb nj\u00eb intervist\u00eb p\u00ebr emisionin \u201cKjo Jav\u00eb\u201d n\u00eb News 24 se kush ia propozoi postin m\u00eb t\u00eb r\u00ebnd\u00ebsish\u00ebm n\u00eb sistemin arsimor. Kushi iu p\u00ebrgjigj pyetjes s\u00eb gazetares se ka qen\u00eb vet\u00eb Kryeministri i cili e ka thirrur dhe i ka propozuar p\u00ebr drejtimin e Ministris\u00eb s\u00eb [&hellip;]<\/p>\n","protected":false,"gt_translate_keys":[{"key":"rendered","format":"html"}]},"author":32,"featured_media":403497,"comment_status":"open","ping_status":"open","sticky":false,"template":"","format":"standard","meta":{"footnotes":""},"categories":[65,13],"tags":[],"class_list":["post-403496","post","type-post","status-publish","format-standard","has-post-thumbnail","hentry","category-lajme","category-te-fundit"],"gt_translate_keys":[{"key":"link","format":"url"}],"_links":{"self":[{"href":"https:\/\/www.hashtag.al\/index.php\/wp-json\/wp\/v2\/posts\/403496","targetHints":{"allow":["GET"]}}],"collection":[{"href":"https:\/\/www.hashtag.al\/index.php\/wp-json\/wp\/v2\/posts"}],"about":[{"href":"https:\/\/www.hashtag.al\/index.php\/wp-json\/wp\/v2\/types\/post"}],"author":[{"embeddable":true,"href":"https:\/\/www.hashtag.al\/index.php\/wp-json\/wp\/v2\/users\/32"}],"replies":[{"embeddable":true,"href":"https:\/\/www.hashtag.al\/index.php\/wp-json\/wp\/v2\/comments?post=403496"}],"version-history":[{"count":0,"href":"https:\/\/www.hashtag.al\/index.php\/wp-json\/wp\/v2\/posts\/403496\/revisions"}],"wp:featuredmedia":[{"embeddable":true,"href":"https:\/\/www.hashtag.al\/index.php\/wp-json\/wp\/v2\/media\/403497"}],"wp:attachment":[{"href":"https:\/\/www.hashtag.al\/index.php\/wp-json\/wp\/v2\/media?parent=403496"}],"wp:term":[{"taxonomy":"category","embeddable":true,"href":"https:\/\/www.hashtag.al\/index.php\/wp-json\/wp\/v2\/categories?post=403496"},{"taxonomy":"post_tag","embeddable":true,"href":"https:\/\/www.hashtag.al\/index.php\/wp-json\/wp\/v2\/tags?post=403496"}],"curies":[{"name":"wp","href":"https:\/\/api.w.org\/{rel}","templated":true}]}}