{"id":403258,"date":"2020-10-02T17:18:44","date_gmt":"2020-10-02T15:18:44","guid":{"rendered":"https:\/\/hashtag.al\/?p=403258"},"modified":"2020-10-02T17:18:44","modified_gmt":"2020-10-02T15:18:44","slug":"macron-zotohet-do-luftoj-radikalizmin-islami-eshte-ne-krize-ne-gjithe-boten","status":"publish","type":"post","link":"https:\/\/www.hashtag.al\/index.php\/2020\/10\/02\/macron-zotohet-do-luftoj-radikalizmin-islami-eshte-ne-krize-ne-gjithe-boten\/","title":{"rendered":"Macron zotohet: Do luftoj radikalizmin, Islami \u00ebsht\u00eb n\u00eb kriz\u00eb n\u00eb gjith\u00eb bot\u00ebn","gt_translate_keys":[{"key":"rendered","format":"text"}]},"content":{"rendered":"<p><img loading=\"lazy\" decoding=\"async\" class=\"aligncenter size-full wp-image-403259\" src=\"https:\/\/hashtag.al\/wp-content\/uploads\/2020\/10\/macronislam.jpg\" alt=\"\" width=\"1200\" height=\"675\" srcset=\"https:\/\/www.hashtag.al\/wp-content\/uploads\/2020\/10\/macronislam.jpg 1200w, https:\/\/www.hashtag.al\/wp-content\/uploads\/2020\/10\/macronislam-300x169.jpg 300w, https:\/\/www.hashtag.al\/wp-content\/uploads\/2020\/10\/macronislam-768x432.jpg 768w, https:\/\/www.hashtag.al\/wp-content\/uploads\/2020\/10\/macronislam-1024x576.jpg 1024w\" sizes=\"auto, (max-width: 1200px) 100vw, 1200px\" \/><\/p>\n<p><span style=\"color: #000000;\">Presidenti francez, Macron, tha se Islami po p\u00ebrballet e po vuan nga fondamentalizmi n\u00eb gjith\u00eb bot\u00ebn, jo vet\u00ebm n\u00eb vendin e tij. Ai tha se parimet e sekularizmit jan\u00eb \u2018\u00e7imentoja\u2019 e Franc\u00ebs.<\/span><\/p>\n<p><span style=\"color: #000000;\">Duke folur n\u00eb Les Mureaux, nj\u00eb periferi e Parisit, Macron tha se autoritetet duhet t\u00eb rrisin luft\u00ebn kund\u00ebr islamizmit radikal, i cili \u2018shpesh \u00e7on n\u00eb krijimin e nj\u00eb kund\u00ebr-shoq\u00ebrie\u2019 brenda nj\u00eb shteti. Ai paralajm\u00ebroi, megjithat\u00eb, se nuk duhet r\u00ebn\u00eb n\u00eb kurthin e stigmatizimit t\u00eb t\u00eb gjith\u00eb mysliman\u00ebve.<\/span><\/p>\n<p><span style=\"color: #000000;\"><em>\u201cIslami \u00ebsht\u00eb nj\u00eb fe q\u00eb \u00ebsht\u00eb n\u00eb kriz\u00eb n\u00eb t\u00eb gjith\u00eb bot\u00ebn sot, ne nuk po e shohim k\u00ebt\u00eb vet\u00ebm n\u00eb vendin ton\u00eb.\u201d<\/em> \u2013 tha ai.<\/span><\/p>\n<p><span style=\"color: #000000;\">Macron shpjegoi se <em>\u2018kriza e thell\u00eb \u00ebsht\u00eb shkaktuar nga tensionet midis fondamentalizmit, projekteve t\u00eb tij fetare dhe politike q\u00eb \u00e7ojn\u00eb n\u00eb radikalizim shum\u00eb t\u00eb fort\u00eb\u2019<\/em>.<\/span><\/p>\n<p><span style=\"color: #000000;\">Presidenti vazhdoi duke th\u00ebn\u00eb se duke lejuar \u2018getoizimin\u2019 n\u00eb lagjet myslimane, Franca ka lejuar nd\u00ebrtimin e separatizmit.<\/span><\/p>\n<p><span style=\"color: #000000;\">Nd\u00ebr masat p\u00ebr t\u00eb luftuar grupet radikale, Macron tha se qeveria do t\u00eb paraqiste nj\u00eb projektligj n\u00eb dhjetor p\u00ebr t\u00eb forcuar nj\u00eb ligj historik t\u00eb vitit 1905 q\u00eb ndau zyrtarisht kish\u00ebn dhe shtetin n\u00eb Franc\u00eb. Ai tha se shfaqja e fes\u00eb do t\u00eb vazhdoj\u00eb t\u00eb jet\u00eb e jasht\u00ebligjshme n\u00eb shkolla dhe sh\u00ebrbimin publik.<\/span><\/p>\n<p><span style=\"color: #000000;\"><em>\u201cSekularizmi \u00ebsht\u00eb \u00e7imentoja e nj\u00eb France t\u00eb bashkuar.\u201d<\/em> \u2013 shtoi ai.<\/span><\/p>\n","protected":false,"gt_translate_keys":[{"key":"rendered","format":"html"}]},"excerpt":{"rendered":"<p>Presidenti francez, Macron, tha se Islami po p\u00ebrballet e po vuan nga fondamentalizmi n\u00eb gjith\u00eb bot\u00ebn, jo vet\u00ebm n\u00eb vendin e tij. Ai tha se parimet e sekularizmit jan\u00eb \u2018\u00e7imentoja\u2019 e Franc\u00ebs. Duke folur n\u00eb Les Mureaux, nj\u00eb periferi e Parisit, Macron tha se autoritetet duhet t\u00eb rrisin luft\u00ebn kund\u00ebr islamizmit radikal, i cili \u2018shpesh [&hellip;]<\/p>\n","protected":false,"gt_translate_keys":[{"key":"rendered","format":"html"}]},"author":51,"featured_media":403259,"comment_status":"open","ping_status":"open","sticky":false,"template":"","format":"standard","meta":{"footnotes":""},"categories":[6],"tags":[],"class_list":["post-403258","post","type-post","status-publish","format-standard","has-post-thumbnail","hentry","category-nderkombetare"],"gt_translate_keys":[{"key":"link","format":"url"}],"_links":{"self":[{"href":"https:\/\/www.hashtag.al\/index.php\/wp-json\/wp\/v2\/posts\/403258","targetHints":{"allow":["GET"]}}],"collection":[{"href":"https:\/\/www.hashtag.al\/index.php\/wp-json\/wp\/v2\/posts"}],"about":[{"href":"https:\/\/www.hashtag.al\/index.php\/wp-json\/wp\/v2\/types\/post"}],"author":[{"embeddable":true,"href":"https:\/\/www.hashtag.al\/index.php\/wp-json\/wp\/v2\/users\/51"}],"replies":[{"embeddable":true,"href":"https:\/\/www.hashtag.al\/index.php\/wp-json\/wp\/v2\/comments?post=403258"}],"version-history":[{"count":0,"href":"https:\/\/www.hashtag.al\/index.php\/wp-json\/wp\/v2\/posts\/403258\/revisions"}],"wp:featuredmedia":[{"embeddable":true,"href":"https:\/\/www.hashtag.al\/index.php\/wp-json\/wp\/v2\/media\/403259"}],"wp:attachment":[{"href":"https:\/\/www.hashtag.al\/index.php\/wp-json\/wp\/v2\/media?parent=403258"}],"wp:term":[{"taxonomy":"category","embeddable":true,"href":"https:\/\/www.hashtag.al\/index.php\/wp-json\/wp\/v2\/categories?post=403258"},{"taxonomy":"post_tag","embeddable":true,"href":"https:\/\/www.hashtag.al\/index.php\/wp-json\/wp\/v2\/tags?post=403258"}],"curies":[{"name":"wp","href":"https:\/\/api.w.org\/{rel}","templated":true}]}}