{"id":403091,"date":"2020-10-01T22:22:53","date_gmt":"2020-10-01T20:22:53","guid":{"rendered":"https:\/\/hashtag.al\/?p=403091"},"modified":"2020-10-01T22:22:53","modified_gmt":"2020-10-01T20:22:53","slug":"shehi-rama-mes-mandatit-te-trete-dhe-hapjen-e-negociatave-zgjedh-te-paren","status":"publish","type":"post","link":"https:\/\/www.hashtag.al\/index.php\/2020\/10\/01\/shehi-rama-mes-mandatit-te-trete-dhe-hapjen-e-negociatave-zgjedh-te-paren\/","title":{"rendered":"Shehi: Rama mes mandatit t\u00eb tret\u00eb dhe hapjen e negociatave zgjedh t\u00eb par\u00ebn","gt_translate_keys":[{"key":"rendered","format":"text"}]},"content":{"rendered":"<p><img loading=\"lazy\" decoding=\"async\" class=\"aligncenter size-full wp-image-293239\" src=\"https:\/\/hashtag.al\/wp-content\/uploads\/2019\/04\/shehi-i.jpg\" alt=\"\" width=\"730\" height=\"365\" srcset=\"https:\/\/www.hashtag.al\/wp-content\/uploads\/2019\/04\/shehi-i.jpg 730w, https:\/\/www.hashtag.al\/wp-content\/uploads\/2019\/04\/shehi-i-300x150.jpg 300w\" sizes=\"auto, (max-width: 730px) 100vw, 730px\" \/><\/p>\n<p><span style=\"color: #000000;\">Kreu i LZHK-s\u00eb Dashamir Shehi n\u00eb emisionin \u201cPolitikON\u201d n\u00eb Ora News u shpreh se nd\u00ebrkomb\u00ebtar\u00ebt po mundohet q\u00eb ta ndalin Ram\u00ebn.<\/span><\/p>\n<p><span style=\"color: #000000;\">Ai tha se ata kan\u00eb k\u00ebrc\u00ebnuar me mos hapjen e negociatave dhe shtoi se n\u00ebse Rama i duhet t\u00eb zgjedh\u00eb mes negociatave dhe mandatit t\u00eb tret\u00eb, ai zgjedh k\u00ebt\u00eb t\u00eb dyt\u00ebn.<\/span><\/p>\n<p><span style=\"color: #000000;\"><em>\u201cEdi Rama n\u00ebse nuk ka frik\u00eb evropian\u00ebt, e b\u00ebn. Un\u00eb mendoj se e ka shkelur kaq shum\u00eb me k\u00ebto marr\u00ebveshje, sa nd\u00ebrkomb\u00ebtar\u00ebt thon\u00eb q\u00eb duhet ta ndalojn\u00eb k\u00ebt\u00eb djalin e Ballkanit. Ata thon\u00eb q\u00eb nuk i hapim negociatat, se k\u00ebt\u00eb t\u00eb b\u00ebjn\u00eb ata n\u00eb maksimum. N\u00ebse duhet t\u00eb zgjedh\u00eb mes mandatit t\u00eb tret\u00eb dhe hapjes s\u00eb negociatave, ai sigurisht q\u00eb zgjedh mandatin e tret\u00eb.<\/em><\/span><\/p>\n<p><span style=\"color: #000000;\"><em>Rama nuk e do k\u00ebt\u00eb gj\u00eb, nuk e do as sot. Sikur t\u00eb ishte b\u00ebr\u00eb marr\u00ebveshja para 3 vjet\u00ebsh. A do t\u00eb kishin ardhur disa polic\u00eb evropian\u00eb nuk do t\u00eb kishin ndodhur k\u00ebto procese mafioze dhe korruptive. Sikur t\u00eb kishte 3-4 inspektor\u00eb, ky nuk do t\u2019i b\u00ebnte kaq kollaj k\u00ebto PPP-s\u00eb duke ia dh\u00ebn\u00eb kujt i ka qejfi. K\u00ebta kan\u00eb shpenzuar 13 milion\u00eb euro p\u00ebr Oper\u00ebn dhe pastaj duan t\u2019ia dh\u00ebn\u00eb privatit.<\/em><\/span><\/p>\n<p><span style=\"color: #000000;\"><em>K\u00ebtij nuk i intereson fare Evropa, i ka interesuar vet\u00ebm si kopertur\u00eb. Ne i jemi larguar Evrop\u00ebs, se kemi filluar s\u00ebrish q\u00eb presim n\u00eb kufi. Sikur i kishim harruar k\u00ebto gj\u00ebra. Nd\u00ebrsa Rama thot\u00eb pse nuk jeni t\u00eb lumtur q\u00eb un\u00eb ju drejtoj juve!\u201d-<\/em>deklaroi Shehi.<\/span><\/p>\n","protected":false,"gt_translate_keys":[{"key":"rendered","format":"html"}]},"excerpt":{"rendered":"<p>Kreu i LZHK-s\u00eb Dashamir Shehi n\u00eb emisionin \u201cPolitikON\u201d n\u00eb Ora News u shpreh se nd\u00ebrkomb\u00ebtar\u00ebt po mundohet q\u00eb ta ndalin Ram\u00ebn. Ai tha se ata kan\u00eb k\u00ebrc\u00ebnuar me mos hapjen e negociatave dhe shtoi se n\u00ebse Rama i duhet t\u00eb zgjedh\u00eb mes negociatave dhe mandatit t\u00eb tret\u00eb, ai zgjedh k\u00ebt\u00eb t\u00eb dyt\u00ebn. \u201cEdi Rama n\u00ebse [&hellip;]<\/p>\n","protected":false,"gt_translate_keys":[{"key":"rendered","format":"html"}]},"author":32,"featured_media":268278,"comment_status":"open","ping_status":"open","sticky":false,"template":"","format":"standard","meta":{"footnotes":""},"categories":[65,13],"tags":[],"class_list":["post-403091","post","type-post","status-publish","format-standard","has-post-thumbnail","hentry","category-lajme","category-te-fundit"],"gt_translate_keys":[{"key":"link","format":"url"}],"_links":{"self":[{"href":"https:\/\/www.hashtag.al\/index.php\/wp-json\/wp\/v2\/posts\/403091","targetHints":{"allow":["GET"]}}],"collection":[{"href":"https:\/\/www.hashtag.al\/index.php\/wp-json\/wp\/v2\/posts"}],"about":[{"href":"https:\/\/www.hashtag.al\/index.php\/wp-json\/wp\/v2\/types\/post"}],"author":[{"embeddable":true,"href":"https:\/\/www.hashtag.al\/index.php\/wp-json\/wp\/v2\/users\/32"}],"replies":[{"embeddable":true,"href":"https:\/\/www.hashtag.al\/index.php\/wp-json\/wp\/v2\/comments?post=403091"}],"version-history":[{"count":0,"href":"https:\/\/www.hashtag.al\/index.php\/wp-json\/wp\/v2\/posts\/403091\/revisions"}],"wp:featuredmedia":[{"embeddable":true,"href":"https:\/\/www.hashtag.al\/index.php\/wp-json\/wp\/v2\/media\/268278"}],"wp:attachment":[{"href":"https:\/\/www.hashtag.al\/index.php\/wp-json\/wp\/v2\/media?parent=403091"}],"wp:term":[{"taxonomy":"category","embeddable":true,"href":"https:\/\/www.hashtag.al\/index.php\/wp-json\/wp\/v2\/categories?post=403091"},{"taxonomy":"post_tag","embeddable":true,"href":"https:\/\/www.hashtag.al\/index.php\/wp-json\/wp\/v2\/tags?post=403091"}],"curies":[{"name":"wp","href":"https:\/\/api.w.org\/{rel}","templated":true}]}}