{"id":403079,"date":"2020-10-01T21:17:17","date_gmt":"2020-10-01T19:17:17","guid":{"rendered":"https:\/\/hashtag.al\/?p=403079"},"modified":"2020-10-01T21:42:26","modified_gmt":"2020-10-01T19:42:26","slug":"basha-plani-i-pd-per-rimekembjen-i-realizueshem-pas-25-prillit-kemi-plan-tjeter","status":"publish","type":"post","link":"https:\/\/www.hashtag.al\/index.php\/2020\/10\/01\/basha-plani-i-pd-per-rimekembjen-i-realizueshem-pas-25-prillit-kemi-plan-tjeter\/","title":{"rendered":"Basha: Plani i PD p\u00ebr rim\u00ebk\u00ebmbjen i realizuesh\u00ebm, pas 25 prillit kemi plan tjet\u00ebr","gt_translate_keys":[{"key":"rendered","format":"text"}]},"content":{"rendered":"<p><img loading=\"lazy\" decoding=\"async\" class=\"aligncenter size-full wp-image-403085\" src=\"https:\/\/hashtag.al\/wp-content\/uploads\/2020\/10\/WhatsApp-Image-2020-10-01-at-21.41.00.jpeg\" alt=\"\" width=\"1024\" height=\"682\" \/><\/p>\n<p><span style=\"color: #000000;\">Kreu i Partis\u00eb Demokratike, Lulzim Basha n\u00eb studion e emisionit \u201c\u00c7im Peka LIVE\u201d n\u00eb Syri Tv p\u00ebrs\u00ebrit planin e forc\u00ebs s\u00eb tij politike p\u00ebr t\u00eb p\u00ebrballuar efektet e pandemis\u00eb n\u00eb ekonomi.<\/span><\/p>\n<p><span style=\"color: #000000;\">Basha theksoi se plani i propozuar me efekt prej 312 milion\u00eb n\u00eb 6 muaj \u00ebsht\u00eb i realizuesh\u00ebm.<\/span><\/p>\n<p><span style=\"color: #000000;\">Kryedemokrati theksoi se plani i tyre \u00ebsht\u00eb vet\u00ebm p\u00ebr k\u00ebt\u00eb faz\u00eb nd\u00ebrsa n\u00ebse forca e tij vij\u00ebn n\u00eb pushtet do jet\u00eb tjet\u00ebr. \u00a0<\/span><\/p>\n<p><span style=\"color: #000000;\">\u201c<em>Plani p\u00ebr pas 25 prillit \u00ebsht\u00eb di\u00e7ka tjet\u00ebr. Sot \u00e7far\u00eb do t\u00eb b\u00ebjm\u00eb, sot \u00e7far\u00eb do t\u00eb b\u00ebj\u00eb i papuni q\u00eb nuk sjell ushqimet n\u00eb tavolin\u00eb, \u00e7far\u00eb do t\u00eb b\u00ebj\u00eb biznesi, \u00e7far\u00eb do t\u00eb b\u00ebj\u00eb ai q\u00eb ka humbur pun\u00ebn.<\/em><\/span><\/p>\n<p><span style=\"color: #000000;\"><em>Nuk jan\u00eb k\u00ebshilla, \u00ebsht\u00eb nj\u00eb plan pasi prej jav\u00ebsh kemi mbledhur t\u00eb dh\u00ebna, kemi par\u00eb gjendjen e buxhetit dhe kemi propozuar nj\u00eb plan realist. Po t\u00eb ishim sot n\u00eb krye t\u00eb vendit, do e zbatonim.<\/em><\/span><\/p>\n<p><span style=\"color: #000000;\"><em>Kosto totale \u00ebsht\u00eb afro 312 milion\u00eb euro q\u00eb ndahen n\u00eb 6 muaj. Pas 25 prillit, PD ka nj\u00eb plan edhe p\u00ebr p\u00ebrballjen me pandemin\u00eb, por edhe p\u00ebr ringritjen e ekonomis\u00eb<\/em>\u201d-\u00a0tha Basha.<\/span><\/p>\n","protected":false,"gt_translate_keys":[{"key":"rendered","format":"html"}]},"excerpt":{"rendered":"<p>Kreu i Partis\u00eb Demokratike, Lulzim Basha n\u00eb studion e emisionit \u201c\u00c7im Peka LIVE\u201d n\u00eb Syri Tv p\u00ebrs\u00ebrit planin e forc\u00ebs s\u00eb tij politike p\u00ebr t\u00eb p\u00ebrballuar efektet e pandemis\u00eb n\u00eb ekonomi. Basha theksoi se plani i propozuar me efekt prej 312 milion\u00eb n\u00eb 6 muaj \u00ebsht\u00eb i realizuesh\u00ebm. Kryedemokrati theksoi se plani i tyre \u00ebsht\u00eb [&hellip;]<\/p>\n","protected":false,"gt_translate_keys":[{"key":"rendered","format":"html"}]},"author":32,"featured_media":403085,"comment_status":"open","ping_status":"open","sticky":false,"template":"","format":"standard","meta":{"footnotes":""},"categories":[65,13],"tags":[],"class_list":["post-403079","post","type-post","status-publish","format-standard","has-post-thumbnail","hentry","category-lajme","category-te-fundit"],"gt_translate_keys":[{"key":"link","format":"url"}],"_links":{"self":[{"href":"https:\/\/www.hashtag.al\/index.php\/wp-json\/wp\/v2\/posts\/403079","targetHints":{"allow":["GET"]}}],"collection":[{"href":"https:\/\/www.hashtag.al\/index.php\/wp-json\/wp\/v2\/posts"}],"about":[{"href":"https:\/\/www.hashtag.al\/index.php\/wp-json\/wp\/v2\/types\/post"}],"author":[{"embeddable":true,"href":"https:\/\/www.hashtag.al\/index.php\/wp-json\/wp\/v2\/users\/32"}],"replies":[{"embeddable":true,"href":"https:\/\/www.hashtag.al\/index.php\/wp-json\/wp\/v2\/comments?post=403079"}],"version-history":[{"count":0,"href":"https:\/\/www.hashtag.al\/index.php\/wp-json\/wp\/v2\/posts\/403079\/revisions"}],"wp:featuredmedia":[{"embeddable":true,"href":"https:\/\/www.hashtag.al\/index.php\/wp-json\/wp\/v2\/media\/403085"}],"wp:attachment":[{"href":"https:\/\/www.hashtag.al\/index.php\/wp-json\/wp\/v2\/media?parent=403079"}],"wp:term":[{"taxonomy":"category","embeddable":true,"href":"https:\/\/www.hashtag.al\/index.php\/wp-json\/wp\/v2\/categories?post=403079"},{"taxonomy":"post_tag","embeddable":true,"href":"https:\/\/www.hashtag.al\/index.php\/wp-json\/wp\/v2\/tags?post=403079"}],"curies":[{"name":"wp","href":"https:\/\/api.w.org\/{rel}","templated":true}]}}