{"id":403076,"date":"2020-10-01T21:03:45","date_gmt":"2020-10-01T19:03:45","guid":{"rendered":"https:\/\/hashtag.al\/?p=403076"},"modified":"2020-10-01T21:03:45","modified_gmt":"2020-10-01T19:03:45","slug":"veliaj-fton-demokratet-ne-ps-pse-duhet-te-vini-te-ne","status":"publish","type":"post","link":"https:\/\/www.hashtag.al\/index.php\/2020\/10\/01\/veliaj-fton-demokratet-ne-ps-pse-duhet-te-vini-te-ne\/","title":{"rendered":"Veliaj fton demokrat\u00ebt n\u00eb PS: Pse duhet t\u00eb vini te ne","gt_translate_keys":[{"key":"rendered","format":"text"}]},"content":{"rendered":"<p><img loading=\"lazy\" decoding=\"async\" class=\"aligncenter size-full wp-image-403077\" src=\"https:\/\/hashtag.al\/wp-content\/uploads\/2020\/10\/veliaj.jpg\" alt=\"\" width=\"640\" height=\"480\" srcset=\"https:\/\/www.hashtag.al\/wp-content\/uploads\/2020\/10\/veliaj.jpg 640w, https:\/\/www.hashtag.al\/wp-content\/uploads\/2020\/10\/veliaj-300x225.jpg 300w\" sizes=\"auto, (max-width: 640px) 100vw, 640px\" \/><\/p>\n<p><span style=\"color: #000000;\">Erion Veliaj, duket se e ka nisur me vrull fushat\u00ebn p\u00ebr zgjedhjet e 25 prillit 2021, me q\u00ebllim p\u00ebr t\u00eb mbledhur sa m\u00eb shum\u00eb vota p\u00ebr Partin\u00eb Socialiste.<\/span><\/p>\n<p><span style=\"color: #000000;\">Dit\u00ebn e sotme \u00a0Veliaj u ndal n\u00eb fush\u00ebn e \u201cAli Demit\u201d ku reklamoi pun\u00ebn e b\u00ebra nga Bashkia q\u00eb drejton.<\/span><\/p>\n<p><span style=\"color: #000000;\">\u201c<em>Kam takuar sot banor\u00eb t\u00eb Nj\u00ebsis\u00eb 1, t\u00eb cil\u00ebt m\u00eb than\u00eb se para 5 vitesh, kur e bleva, sht\u00ebpia ime k\u00ebtu te \u201cAli Demi\u201d vlente 800 Euro metri katror. Sot, pas 5 vitesh, vlen 1200 Euro metri katror, fal\u00eb m\u00ebnyr\u00ebs si pastrohet, rruga \u00ebsht\u00eb m\u00eb e mir\u00eb dhe ngado rrotullohemi shohim ndryshim. Kjo \u00ebsht\u00eb arsyeja pse merremi me politik\u00eb, ja pse duam q\u00eb Edi Rama dhe Partia Socialiste t\u00eb vazhdojn\u00eb m\u00ebng\u00ebp\u00ebrveshur p\u00ebr t\u2019i \u00e7uar m\u00eb larg k\u00ebto pun\u00eb. Kemi nevoj\u00eb edhe p\u00ebr ju<\/em>\u201d, tha Veliaj.<\/span><\/p>\n<p><span style=\"color: #000000;\">Veliaj me k\u00ebnaq\u00ebsi t\u00eb madhe tha se Partis\u00eb Socialiste po i bashkohen p\u00ebr dit\u00eb e m\u00eb shum\u00eb njer\u00ebz, q\u00eb besojn\u00eb te forca e ndryshimit.<\/span><\/p>\n<p><span style=\"color: #000000;\">\u201c<em>Kemi nevoj\u00eb p\u00ebr edhe nj\u00eb. Edhe nj\u00eb zonj\u00eb, edhe nj\u00eb zonjush\u00eb, edhe nj\u00eb vajz\u00eb, edhe nj\u00eb zonjush\u00eb, q\u00eb i bashkohet kauz\u00ebs son\u00eb. Edhe n\u00ebse nuk mendojn\u00eb si ne, a shkojn\u00eb n\u00eb t\u00eb nj\u00ebjtat \u00e7erdhe q\u00eb sot jan\u00eb m\u00eb t\u00eb mira? A shkojn\u00eb n\u00eb t\u00eb nj\u00ebjtat kopshte, shkolla q\u00eb sot jan\u00eb m\u00eb t\u00eb mira. A ecin n\u00eb t\u00eb nj\u00ebjtat rrug\u00eb? N\u00ebse fal\u00eb Partis\u00eb Socialiste dhe bashk\u00ebpunimit t\u00eb kryeministrit me kryetarin e Bashkis\u00eb, jeta \u00ebsht\u00eb m\u00eb e mir\u00eb edhe p\u00ebr to, duhet t\u00eb vijn\u00eb n\u00eb familjen ton\u00eb<\/em>\u201d-deklaroi Veliaj.<\/span><\/p>\n","protected":false,"gt_translate_keys":[{"key":"rendered","format":"html"}]},"excerpt":{"rendered":"<p>Erion Veliaj, duket se e ka nisur me vrull fushat\u00ebn p\u00ebr zgjedhjet e 25 prillit 2021, me q\u00ebllim p\u00ebr t\u00eb mbledhur sa m\u00eb shum\u00eb vota p\u00ebr Partin\u00eb Socialiste. Dit\u00ebn e sotme \u00a0Veliaj u ndal n\u00eb fush\u00ebn e \u201cAli Demit\u201d ku reklamoi pun\u00ebn e b\u00ebra nga Bashkia q\u00eb drejton. \u201cKam takuar sot banor\u00eb t\u00eb Nj\u00ebsis\u00eb 1, [&hellip;]<\/p>\n","protected":false,"gt_translate_keys":[{"key":"rendered","format":"html"}]},"author":32,"featured_media":403077,"comment_status":"open","ping_status":"open","sticky":false,"template":"","format":"standard","meta":{"footnotes":""},"categories":[65,13],"tags":[],"class_list":["post-403076","post","type-post","status-publish","format-standard","has-post-thumbnail","hentry","category-lajme","category-te-fundit"],"gt_translate_keys":[{"key":"link","format":"url"}],"_links":{"self":[{"href":"https:\/\/www.hashtag.al\/index.php\/wp-json\/wp\/v2\/posts\/403076","targetHints":{"allow":["GET"]}}],"collection":[{"href":"https:\/\/www.hashtag.al\/index.php\/wp-json\/wp\/v2\/posts"}],"about":[{"href":"https:\/\/www.hashtag.al\/index.php\/wp-json\/wp\/v2\/types\/post"}],"author":[{"embeddable":true,"href":"https:\/\/www.hashtag.al\/index.php\/wp-json\/wp\/v2\/users\/32"}],"replies":[{"embeddable":true,"href":"https:\/\/www.hashtag.al\/index.php\/wp-json\/wp\/v2\/comments?post=403076"}],"version-history":[{"count":0,"href":"https:\/\/www.hashtag.al\/index.php\/wp-json\/wp\/v2\/posts\/403076\/revisions"}],"wp:featuredmedia":[{"embeddable":true,"href":"https:\/\/www.hashtag.al\/index.php\/wp-json\/wp\/v2\/media\/403077"}],"wp:attachment":[{"href":"https:\/\/www.hashtag.al\/index.php\/wp-json\/wp\/v2\/media?parent=403076"}],"wp:term":[{"taxonomy":"category","embeddable":true,"href":"https:\/\/www.hashtag.al\/index.php\/wp-json\/wp\/v2\/categories?post=403076"},{"taxonomy":"post_tag","embeddable":true,"href":"https:\/\/www.hashtag.al\/index.php\/wp-json\/wp\/v2\/tags?post=403076"}],"curies":[{"name":"wp","href":"https:\/\/api.w.org\/{rel}","templated":true}]}}