{"id":402873,"date":"2020-09-30T20:18:02","date_gmt":"2020-09-30T18:18:02","guid":{"rendered":"https:\/\/hashtag.al\/?p=402873"},"modified":"2020-09-30T20:18:02","modified_gmt":"2020-09-30T18:18:02","slug":"cekia-nga-5-tetori-do-riktheje-gjendjen-e-jashtezakonshme","status":"publish","type":"post","link":"https:\/\/www.hashtag.al\/index.php\/2020\/09\/30\/cekia-nga-5-tetori-do-riktheje-gjendjen-e-jashtezakonshme\/","title":{"rendered":"\u00c7ekia nga 5 tetori do rikthej\u00eb gjendjen e jasht\u00ebzakonshme","gt_translate_keys":[{"key":"rendered","format":"text"}]},"content":{"rendered":"<p><img loading=\"lazy\" decoding=\"async\" class=\"aligncenter size-full wp-image-369493\" src=\"https:\/\/hashtag.al\/wp-content\/uploads\/2020\/04\/cekicovid.jpg\" alt=\"\" width=\"1280\" height=\"853\" srcset=\"https:\/\/www.hashtag.al\/wp-content\/uploads\/2020\/04\/cekicovid.jpg 1280w, https:\/\/www.hashtag.al\/wp-content\/uploads\/2020\/04\/cekicovid-300x200.jpg 300w, https:\/\/www.hashtag.al\/wp-content\/uploads\/2020\/04\/cekicovid-768x512.jpg 768w, https:\/\/www.hashtag.al\/wp-content\/uploads\/2020\/04\/cekicovid-1024x682.jpg 1024w\" sizes=\"auto, (max-width: 1280px) 100vw, 1280px\" \/><\/p>\n<p><span style=\"color: #000000;\">Qeveria e Republik\u00ebs \u00c7eke miratoi propozimin q\u00eb ky vend t\u00eb rikthehet n\u00eb gjendje t\u00eb jasht\u00ebzakonshme nga 5 tetori, p\u00ebr t\u00eb luftuar rritjen e mpreht\u00eb t\u00eb numrit t\u00eb rasteve me koronavirus.<\/span><\/p>\n<p><span style=\"color: #000000;\">Ministri i Sh\u00ebndet\u00ebsis\u00eb, Roman Prymula, tha pas mbledhjes s\u00eb jasht\u00ebzakonshme t\u00eb qeveris\u00eb se, p\u00ebr s\u00eb paku dy jav\u00ebt e para, gjendja e jasht\u00ebzakonshme do t\u00eb kufizoj\u00eb tubimet n\u00eb 20 vet\u00eb jasht\u00eb dhe 10 vet\u00eb brenda, do t\u00eb ndaloj\u00eb pjes\u00ebmarrjen e audiencave n\u00eb ngjarjet sportive, do t\u00eb mbyll\u00eb shkollat e mesme dhe do t\u00eb k\u00ebrkoj\u00eb nga student\u00ebt e mjek\u00ebsis\u00eb t\u00eb ndihmojn\u00eb n\u00eb spitale.<\/span><\/p>\n<p><span style=\"color: #000000;\">Ai tha se teatrot dhe kinemat\u00eb do t\u00eb mbeten t\u00eb hapura, por jo edhe shfaqjet muzikore dhe opera.<\/span><\/p>\n<p><span style=\"color: #000000;\">Shkalla aktuale e rasteve me koronavirus n\u00eb \u00c7eki \u00ebsht\u00eb e dyta n\u00eb Evrop\u00eb, pas Spanj\u00ebs.<\/span><\/p>\n<p><span style=\"color: #000000;\">\u00c7ekia, vend me 10.7 milion\u00eb banor\u00eb, ka konfirmuar gjithsej 67,843 raste pozitive dhe 636 viktima.<\/span><\/p>\n<p><span style=\"color: #000000;\">Raste aktive jan\u00eb 34,448, nd\u00ebrsa t\u00eb shtruar n\u00eb spitale jan\u00eb 825 pacient\u00eb.<\/span><\/p>\n<p><span style=\"color: #000000;\">\u00c7ekia ka shpallur gjendje t\u00eb jasht\u00ebzakonshme n\u00eb mars, kur edhe ka shp\u00ebrthyer pandemia e koronavirusit, dhe e ka hequr at\u00eb dy muaj m\u00eb von\u00eb.<\/span><\/p>\n","protected":false,"gt_translate_keys":[{"key":"rendered","format":"html"}]},"excerpt":{"rendered":"<p>Qeveria e Republik\u00ebs \u00c7eke miratoi propozimin q\u00eb ky vend t\u00eb rikthehet n\u00eb gjendje t\u00eb jasht\u00ebzakonshme nga 5 tetori, p\u00ebr t\u00eb luftuar rritjen e mpreht\u00eb t\u00eb numrit t\u00eb rasteve me koronavirus. Ministri i Sh\u00ebndet\u00ebsis\u00eb, Roman Prymula, tha pas mbledhjes s\u00eb jasht\u00ebzakonshme t\u00eb qeveris\u00eb se, p\u00ebr s\u00eb paku dy jav\u00ebt e para, gjendja e jasht\u00ebzakonshme do t\u00eb [&hellip;]<\/p>\n","protected":false,"gt_translate_keys":[{"key":"rendered","format":"html"}]},"author":32,"featured_media":369493,"comment_status":"open","ping_status":"open","sticky":false,"template":"","format":"standard","meta":{"footnotes":""},"categories":[6,13],"tags":[],"class_list":["post-402873","post","type-post","status-publish","format-standard","has-post-thumbnail","hentry","category-nderkombetare","category-te-fundit"],"gt_translate_keys":[{"key":"link","format":"url"}],"_links":{"self":[{"href":"https:\/\/www.hashtag.al\/index.php\/wp-json\/wp\/v2\/posts\/402873","targetHints":{"allow":["GET"]}}],"collection":[{"href":"https:\/\/www.hashtag.al\/index.php\/wp-json\/wp\/v2\/posts"}],"about":[{"href":"https:\/\/www.hashtag.al\/index.php\/wp-json\/wp\/v2\/types\/post"}],"author":[{"embeddable":true,"href":"https:\/\/www.hashtag.al\/index.php\/wp-json\/wp\/v2\/users\/32"}],"replies":[{"embeddable":true,"href":"https:\/\/www.hashtag.al\/index.php\/wp-json\/wp\/v2\/comments?post=402873"}],"version-history":[{"count":0,"href":"https:\/\/www.hashtag.al\/index.php\/wp-json\/wp\/v2\/posts\/402873\/revisions"}],"wp:featuredmedia":[{"embeddable":true,"href":"https:\/\/www.hashtag.al\/index.php\/wp-json\/wp\/v2\/media\/369493"}],"wp:attachment":[{"href":"https:\/\/www.hashtag.al\/index.php\/wp-json\/wp\/v2\/media?parent=402873"}],"wp:term":[{"taxonomy":"category","embeddable":true,"href":"https:\/\/www.hashtag.al\/index.php\/wp-json\/wp\/v2\/categories?post=402873"},{"taxonomy":"post_tag","embeddable":true,"href":"https:\/\/www.hashtag.al\/index.php\/wp-json\/wp\/v2\/tags?post=402873"}],"curies":[{"name":"wp","href":"https:\/\/api.w.org\/{rel}","templated":true}]}}