{"id":402813,"date":"2020-09-30T14:08:31","date_gmt":"2020-09-30T12:08:31","guid":{"rendered":"https:\/\/hashtag.al\/?p=402813"},"modified":"2020-09-30T14:59:32","modified_gmt":"2020-09-30T12:59:32","slug":"cdo-desha-te-thosha-ne-kete-njeqind-vjetor-te-tim-eti","status":"publish","type":"post","link":"https:\/\/www.hashtag.al\/index.php\/2020\/09\/30\/cdo-desha-te-thosha-ne-kete-njeqind-vjetor-te-tim-eti\/","title":{"rendered":"\u00c7\u2019do desha t\u00eb thosha n\u00eb k\u00ebt\u00eb nj\u00ebqind vjetor t\u00eb tim eti","gt_translate_keys":[{"key":"rendered","format":"text"}]},"content":{"rendered":"<p><span style=\"color: #000000;\"><strong><img loading=\"lazy\" decoding=\"async\" class=\"alignleft wp-image-402814 size-medium\" src=\"https:\/\/hashtag.al\/wp-content\/uploads\/2020\/09\/luan-pobrati-e1601467780326-300x239.jpg\" alt=\"\" width=\"300\" height=\"239\" srcset=\"https:\/\/www.hashtag.al\/wp-content\/uploads\/2020\/09\/luan-pobrati-e1601467780326-300x239.jpg 300w, https:\/\/www.hashtag.al\/wp-content\/uploads\/2020\/09\/luan-pobrati-e1601467780326.jpg 533w\" sizes=\"auto, (max-width: 300px) 100vw, 300px\" \/>Nga Luan Pobrati<\/strong><\/span><\/p>\n<p><span style=\"color: #000000;\">Ishte fillimi i viteve \u201970, koha kur piktori i popullit, Bukurosh Sejdini, i njohur ve\u00e7an\u00ebrisht p\u00ebr realizimin e portretit \u201cQemal Stafa\u201d dhe peizazhit \u201c\u00c7lirimi i Tiran\u00ebs\u201d, k\u00ebmb\u00ebngulte her\u00eb pas here pran\u00eb tim eti p\u00ebr t\u2019i b\u00ebr\u00eb nj\u00eb portret.<\/span><\/p>\n<p><span style=\"color: #000000;\">Babai i shmangej me kujdes k\u00ebrkes\u00ebs s\u00eb piktorit, si\u00e7 kishte b\u00ebr\u00eb ai dhe n\u00eb t\u00eb tjera raste, kur n\u00eb nj\u00eb veprimtari lokale nuk pranoi dhe kund\u00ebrshtoi t\u00eb k\u00ebndohej p\u00ebr t\u00eb, duke i q\u00ebndruar korrekt vetes dhe mos lejuar, qoft\u00eb dhe n\u00eb m\u00ebnyr\u00eb t\u00eb till\u00eb, t\u00eb p\u00ebrcillej te njer\u00ebzit kulti i tij, sikurse kish gjetur mir\u00ebkuptim nga protagonist\u00ebt, por n\u00eb prag t\u00eb 30-vjetorit t\u00eb \u00e7lirimit dhe shpalljes s\u00eb nj\u00eb konkursi komb\u00ebtar q\u00eb do t\u00eb organizohej n\u00eb kuad\u00ebr t\u00eb k\u00ebtij jubileu, Bukurosh Sejdini ngulmoi p\u00ebr t\u00eb realizuar synimin e vet, k\u00ebrkes\u00eb t\u00eb cil\u00ebn babai, si nj\u00eb partizan i hersh\u00ebm i Luft\u00ebs Antifashiste, k\u00ebsaj radhe nuk e kund\u00ebrshtoi.<\/span><\/p>\n<p><span style=\"color: #000000;\">P\u00ebr t\u00eb nisur pun\u00ebn, nj\u00eb nga dhomat e sht\u00ebpis\u00eb n\u00eb Elbasan, qyteti ku prindi im jetonte, u shnd\u00ebrrua nj\u00ebfar\u00eb kohe n\u00eb nj\u00eb ministudio, ku piktori Sejdini, m\u00eb shum\u00eb sesa l\u00ebvizte penelin, e shihja t\u00eb bisedonte dhe fliste me tim at\u00eb, nga m\u00eb b\u00ebnte p\u00ebrshtypje p\u00ebrqendrimi n\u00eb biseda i t\u00eb dyve.<\/span><\/p>\n<p><span style=\"color: #000000;\">Ishte piktori ai q\u00eb fjaloste dhe pyeste m\u00eb shpesh. Nd\u00ebrsa babai, personazhi i vendosur p\u00ebrball\u00eb penelit, si t\u00eb ishte v\u00ebn\u00eb p\u00ebrpara nj\u00eb provimi, m\u00eb shum\u00eb sesa i interesuar p\u00ebr portretin reagonte mes shpirtit, l\u00ebvizjes s\u00eb syve dhe mimik\u00ebs ndaj bisedave t\u00eb piktorit, pa e kuptuar se n\u00eb funksion t\u00eb q\u00ebllimit, zbulimit me mjesht\u00ebri t\u00eb bot\u00ebs s\u00eb brendshme t\u00eb tim eti konsistonte \u2018loja\u2019 e Bukurosh Sejdinit p\u00ebr ta fiksuar pas k\u00ebsaj natyrsh\u00ebm at\u00eb n\u00eb telajon e tij.<\/span><\/p>\n<p><span style=\"color: #000000;\">Kur mendonte se ia arrinte synimit, ishte Bukuroshi q\u00eb buz\u00ebqeshte, sikurse kur n\u00eb telajo fiksonte trazimin dhe l\u00ebndimin q\u00eb ai krijonte mes rr\u00ebfimit n\u00eb shpirtin e tim eti, ishte p\u00ebrs\u00ebri piktori q\u00eb gati sa nuk lotonte. Mes k\u00ebsaj m\u00ebnyre, nj\u00ebra an\u00eb e s\u00eb cil\u00ebs nxirrte n\u00eb pah bot\u00ebn e brendshme t\u00eb t\u00eb dyve, un\u00eb gjimnazist i at\u00ebhersh\u00ebm, shihja t\u00eb realizohej me mjesht\u00ebri portreti i babait, ku bashk\u00eb me figur\u00ebn dhe karakterin e tim eti v\u00ebreja t\u00eb pasqyrohej mes detajeve bota njer\u00ebzore q\u00eb bartte brenda vetes Hekuran Pobrati, duke ruajtur gjith\u00eb k\u00ebto vite n\u00eb kujtes\u00eb jo thjesht \u00e7mimin e par\u00eb dh\u00ebn\u00eb portretit, por mjesht\u00ebrin\u00eb e lart\u00eb t\u00eb piktorit t\u00eb popullit, Bukurosh Sejdini.<\/span><\/p>\n<p><span style=\"color: #000000;\">Do t\u00eb kalonin vite dhe n\u00eb nj\u00eb tjet\u00ebr koh\u00eb, pak pas \u201997-\u00ebs, brenda detyr\u00ebs me r\u00ebnd\u00ebsi n\u00eb Sh\u00ebrbimin Sekret, n\u00eb komunikim me nj\u00eb nga partner\u00ebt potent\u00eb t\u00eb nj\u00eb zbulimi t\u00eb huaj, ndaj t\u00eb cilit dikur ishte p\u00ebrballur e kish fituar im at\u00eb, n\u00eb shenj\u00eb mir\u00ebnjohjeje dhe respekti p\u00ebr bashk\u00ebpunimin ton\u00eb korrekt, n\u00eb prag t\u00eb transferimit nga Shqip\u00ebria, ai m\u00eb k\u00ebrkoi si relikte di\u00e7ka personale, duke u p\u00ebrqendruar me delikates\u00eb te guna e tim eti, njohur nga mjaft foto t\u00eb botuara edhe mbas \u201990-\u00ebs, e mbajtur mbi shpin\u00eb gjat\u00eb koh\u00ebs kur n\u00eb funksion t\u00eb detyr\u00ebs, rolit t\u00eb banditit dhe jet\u00ebs n\u00eb arrati, Hekuran Pobrati jetoi vite n\u00eb shpella, male e pyje me g\u00ebrxhe. \u00c7far\u00eb m\u00eb shkoi nd\u00ebrmend at\u00eb \u00e7ast ishte t\u2019i p\u00ebrgjigjesha shkurt: \u201cNuk kam\u201d.<\/span><\/p>\n<p><span style=\"color: #000000;\">Por s\u2019di \u00e7\u2019m\u00eb shtyu t\u2019i shpjegoja t\u00eb v\u00ebrtet\u00ebn. Guna, sikurse dhe portreti i piktorit t\u00eb njohur, u dogj\u00ebn gjoja n\u00eb em\u00ebr t\u00eb demokracis\u00eb teksa ishin t\u00eb ekspozuara n\u00eb nj\u00eb muze?!\u2026 Homologu i zbulimit t\u00eb huaj, vendi i t\u00eb cilit dikur kish d\u00ebshtuar para tim eti, tanim\u00eb partneri yn\u00eb i r\u00ebnd\u00ebsish\u00ebm, p\u00ebr nj\u00eb moment shtangu.<\/span><\/p>\n<p><span style=\"color: #000000;\">Nd\u00ebrsa un\u00eb q\u00eb i v\u00ebreja syt\u00eb, ia pash\u00eb ata t\u00eb mbushur teksa d\u00ebgjova t\u00eb thoshte: O Zot, po si mundet vall\u00eb?! Kuptohet, un\u00eb dhe ai nuk mendonin dhe as \u201cvotonim\u201d nj\u00ebsoj e p\u00ebr m\u00eb tep\u00ebr nuk flisnim dhe as b\u00ebnim politik\u00eb, por profesionalisht ne bashkoheshim p\u00ebr m\u00eb t\u00eb mir\u00ebn e vendeve tona, luft\u00ebs ndaj terrorizmit e krimit t\u00eb organizuar dhe p\u00ebr t\u00eb dy kjo ishte e r\u00ebnd\u00ebsishme.<\/span><\/p>\n<p><span style=\"color: #000000;\">E nisa k\u00ebshtu rr\u00ebfimin n\u00eb k\u00ebt\u00eb nj\u00ebqindvjetor t\u00eb lindjes s\u00eb tim eti, p\u00ebr t\u2019u treguar t\u00eb rinjve t\u00eb sot\u00ebm se p\u00ebr veprimtarin\u00eb dhe kontributin e Hekuran Pobratit, t\u00eb shok\u00ebve e koleg\u00ebve mes t\u00eb cil\u00ebve ai punoi e sakrifikoi, jan\u00eb realizuar filma dhe b\u00ebr\u00eb portrete, shkruar e folur q\u00eb n\u00eb gjallje, por jo m\u00eb pak n\u00eb k\u00ebto vite pas vdekjes. <\/span><\/p>\n<p><span style=\"color: #000000;\">K\u00ebto koh\u00eb, p\u00ebr tim at\u00eb kan\u00eb th\u00ebn\u00eb e shkruar se i sh\u00ebrbeu diktatur\u00ebs, por plot t\u00eb tjer\u00eb kan\u00eb v\u00ebn\u00eb n\u00eb dukje kontributin e vyer t\u00eb tij n\u00eb Luft\u00ebn Antifashiste, e sidomos n\u00eb luft\u00ebn kund\u00ebr banditizmit e terrorizmit, nga ndihet se aty ku nuk nd\u00ebrhyn e v\u00eb dor\u00eb politika, populli di t\u00eb vler\u00ebsoj\u00eb me men\u00e7uri e maturi historin\u00eb dhe gjith\u00eb ata heronj e d\u00ebshmor\u00eb t\u00eb atdheut q\u00eb kan\u00eb kontribuar n\u00eb t\u00eb mir\u00eb t\u00eb vendit, si\u00e7 nuk anashkalojn\u00eb rolin e pamohuesh\u00ebm t\u00eb Hekuran Pobratit dhe t\u00eb tjer\u00eb burrave si ai n\u00eb shmangien e nj\u00eb kryengritjeje t\u00eb armatosur, ku, si\u00e7 tanim\u00eb \u00ebsht\u00eb b\u00ebr\u00eb e njohur, planizues e hartues t\u00eb saj ishin t\u00eb huajt, por konflikti do t\u00eb ndodhte n\u00eb Shqip\u00ebri dhe p\u00ebrplasja do t\u00eb b\u00ebhej n\u00eb mes t\u00eb shqiptar\u00ebve.<\/span><\/p>\n<p><span style=\"color: #000000;\">Njeriu i zakonsh\u00ebm Hekuran Pobrati, -i till\u00eb p\u00ebr nga natyrshm\u00ebria dhe jo p\u00ebr nga veprimtaria, \u2013 nuk kishte trup e fizik t\u00eb ngjash\u00ebm me nj\u00eb \u201cSupermen\u201d a \u201cRambo\u201d, personazhe t\u00eb njohura k\u00ebto t\u00eb filmave amerikan\u00eb. <\/span><\/p>\n<p><span style=\"color: #000000;\">I rritur nga dhalla e \u00e7erepi i misrit, me shtat t\u00eb im\u00ebt e mustaqezi, gjith\u00e7ka ai b\u00ebri gjat\u00eb Luft\u00ebs Antifashiste dhe n\u00eb ato vite t\u00eb v\u00ebshtira pas \u00e7lirimit t\u00eb vendit n\u00eb paralizim t\u00eb \u201cpaq\u00ebsor\u00ebve parashutist\u00eb\u201d t\u00eb d\u00ebrguar n\u00eb Shqip\u00ebri nga p\u00ebrtej detit me thika nd\u00ebr dh\u00ebmb\u00eb dhe ampula helmi n\u00eb goj\u00eb, im at\u00eb i kreu me p\u00ebrkushtim mes privacioneve t\u00eb m\u00ebdha individuale e familjare dhe sa rrojti, ia dedikoi jo p\u00ebrmes propagand\u00ebs bajate, por fjal\u00ebs s\u00eb urt\u00eb e t\u00eb men\u00e7ur, mb\u00ebshtetjes n\u00eb popull, veprimeve t\u00eb zgjuara e t\u00eb matura agjenturore, pa neglizhuar cil\u00ebsit\u00eb e lindura e t\u00eb kultivuara mes nj\u00eb jete t\u00eb r\u00ebnd\u00eb e plot halle t\u00eb m\u00ebdha, brenda s\u00eb cil\u00ebs fshihej nj\u00eb eksperienc\u00eb e gjer\u00eb, q\u00eb p\u00ebr nga shkolla dhe filozofia nuk mbetej mbrapa Kembrixhit, ku sa p\u00ebr ilustrim ia vlen t\u00eb ndalem vet\u00ebm n\u00eb nj\u00eb: tendenc\u00ebn p\u00ebr t\u2019u paraqitur i par\u00ebnd\u00ebsish\u00ebm dhe inferior mes tyre, me q\u00ebllim p\u00ebr t\u2019ia rritur kund\u00ebrshtarit edhe m\u00eb tej fryrjen e kapardisjen, m\u00ebnyr\u00eb e holl\u00eb dhe fine kjo p\u00ebr t\u00eb mbuluar e neglizhuar veten n\u00eb funksion t\u00eb fitores.<\/span><\/p>\n<p><span style=\"color: #000000;\">Ishin ndoshta k\u00ebto arsye q\u00eb e shtynin Bukurosh Sejdinin t\u00eb komunikonte gjer\u00eb n\u00eb zb\u00ebrthim t\u00eb bot\u00ebs s\u00eb brendshme njer\u00ebzore dhe t\u00eb panjohurave t\u00eb tim eti, p\u00ebr t\u00eb zbuluar thell\u00eb dhe me mjesht\u00ebri se \u00e7\u2019fshihte vall\u00eb brenda vetes ky burr\u00eb i heshtur dhe trupim\u00ebt, pasi fiziku i zakonsh\u00ebm i Hekuran Pobratit nuk t\u00eb ndihmonte shum\u00eb p\u00ebr t\u00eb gjetur se ku i q\u00ebndronte forca dhe si e kish arritur a kapur suksesin ai.<\/span><\/p>\n<p><img loading=\"lazy\" decoding=\"async\" class=\"alignleft size-medium wp-image-402815\" src=\"https:\/\/hashtag.al\/wp-content\/uploads\/2020\/09\/pobrati2-200x300.jpg\" alt=\"\" width=\"200\" height=\"300\" srcset=\"https:\/\/www.hashtag.al\/wp-content\/uploads\/2020\/09\/pobrati2-200x300.jpg 200w, https:\/\/www.hashtag.al\/wp-content\/uploads\/2020\/09\/pobrati2-768x1152.jpg 768w, https:\/\/www.hashtag.al\/wp-content\/uploads\/2020\/09\/pobrati2-682x1024.jpg 682w, https:\/\/www.hashtag.al\/wp-content\/uploads\/2020\/09\/pobrati2.jpg 853w\" sizes=\"auto, (max-width: 200px) 100vw, 200px\" \/><\/p>\n<p><span style=\"color: #000000;\">Por kush ishte n\u00eb t\u00eb v\u00ebrtet\u00eb Hekuran Pobrati?<\/span><\/p>\n<p><span style=\"color: #000000;\">Im at\u00eb lindi m\u00eb 15 shtator 1920, por u rrit jetim n\u00eb skamje dhe mjerim. Dyerve t\u00eb bot\u00ebs, si\u00e7 thot\u00eb populli, i mb\u00ebshtetur nga t\u00eb af\u00ebrm e miq t\u00eb familjes, pasi beu i fshatit i vrau baban\u00eb p\u00ebr t\u2019i rr\u00ebmbyer m\u00eb pas gjith\u00e7ka, sht\u00ebpi e katandi, nd\u00ebrkoh\u00eb q\u00eb e kishte humbur edhe n\u00ebn\u00ebn.<\/span><\/p>\n<p><span style=\"color: #000000;\">N\u00eb fund t\u00eb viteve \u201930-t\u00eb, p\u00ebr t\u2019iu shmangur vdekjes q\u00eb i kanosej nga arsye politiko-ekonomike t\u00eb shprehura edhe p\u00ebrmes hasm\u00ebris\u00eb, e cila ve\u00e7 babait, Hasimit (i d\u00ebgjuar p\u00ebr pjes\u00ebmarrjen n\u00eb krye t\u00eb \u00e7et\u00ebs s\u00eb fshatit t\u00eb tij n\u00eb Luft\u00ebn e Vlor\u00ebs), i kish marr\u00eb jet\u00ebn edhe dy dajave t\u00eb tim eti, kapedan\u00ebve n\u00eb z\u00eb t\u00eb Skraparit, Tofik dhe Tajar V\u00ebndresha, secili komandant \u00e7ete komit\u00ebsh t\u00eb njohur n\u00eb luft\u00ebn p\u00ebr liri dhe pavar\u00ebsi dhe rrjedhoj\u00eb e marrjes s\u00eb gjakut t\u00eb tyre, veprim t\u00eb cilin Hekurani e kreu p\u00ebr t\u2019u dh\u00ebn\u00eb sinjalin antishqiptar\u00ebve se nuk luhet me patriotizmin, imponohet t\u00eb q\u00ebndroj\u00eb n\u00eb l\u00ebvizje nga Mallakastra n\u00eb fshatra t\u00eb Vlor\u00ebs e Tepelen\u00ebs dhe deri n\u00eb Kurvelesh.<\/span><\/p>\n<p><span style=\"color: #000000;\">N\u00eb mars t\u00eb \u201942-shit kontakton me Mustafa Matohitin dhe \u00ebsht\u00eb pik\u00ebrisht kjo koha kur Hekuran Pobrati nisi aktivitetin n\u00eb favor t\u00eb Luft\u00ebs Antifashiste, fillimisht si luft\u00ebtar n\u00eb \u00e7et\u00ebn e par\u00eb partizane t\u00eb Kurveleshit, p\u00ebr t\u2019u transferuar ca m\u00eb von\u00eb n\u00eb \u00e7et\u00ebn plak\u00eb t\u00eb Mallakastr\u00ebs dhe vijuar si kuad\u00ebr lufte n\u00eb Brigad\u00ebn e Par\u00eb nga krijimi deri n\u00eb \u00e7lirimin e plot\u00eb t\u00eb vendit, duke marr\u00eb pjes\u00eb n\u00eb mjaft luftime, por \u00e7far\u00eb ruante n\u00eb mendje dhe vler\u00ebsonte m\u00eb shum\u00eb ishte beteja p\u00ebr \u00e7lirimin e Tiran\u00ebs, ku bashk\u00eb me nj\u00ebsitin q\u00eb drejtonte, mor\u00ebn dhe mbrojt\u00ebn nga pushtuesi dy objekte me r\u00ebnd\u00ebsi, Radio-Tiran\u00ebn dhe Bank\u00ebn e Shtetit.<\/span><\/p>\n<p><span style=\"color: #000000;\">Mbas \u00e7lirimit, p\u00ebr nj\u00eb koh\u00eb ai sh\u00ebrbeu si z\u00ebvend\u00ebs dhe komandant batalioni n\u00eb Mbrojtjen e Popullit, por n\u00ebn akuza farse pas s\u00eb cilave fshihej dora e jugosllav\u00ebve dhe e ministrit t\u00eb Brendsh\u00ebm Ko\u00e7i Xoxe, n\u00eb fund t\u00eb \u201947-\u00ebs ai arrestohet padrejt\u00ebsisht, duke u liruar dhe fituar t\u00eb gjitha t\u00eb drejtat m\u00eb 1948, koh\u00eb kur angazhohet si kuad\u00ebr i Sh\u00ebrbimit Sekret brenda \u201cgrupit special\u201d n\u00eb luft\u00eb kund\u00ebr bandave diversioniste, kur Mehmet Shehu ishte minist\u00ebr i Brendsh\u00ebm dhe Kadri Hazbiu z\u00ebvend\u00ebs i tij.<\/span><\/p>\n<p><span style=\"color: #000000;\">\u201cGrupi special\u201d n\u00ebnkuptonte nisjen e loj\u00ebs me zbulimin anglo-amerikan, t\u00eb ideuar nga Mehmet Shehu dhe Kadri Hazbiu, ku Asim Aliko ishte \u201czgjedhur\u201d komandant i p\u00ebrgjithsh\u00ebm i Forcave t\u00eb Armatosura n\u00eb luft\u00eb kund\u00ebr komunizmit, nd\u00ebrsa Hekuran Pobrati luante rolin e z\u00ebvend\u00ebskomandantit t\u00eb p\u00ebrgjithsh\u00ebm t\u00eb udh\u00ebhequr gjoja nga Komiteti Qendror i Frontit t\u00eb Rezistenc\u00ebs, p\u00ebrmes t\u00eb cilit u organizuan radiolojat \u201cBuza e Bredhit\u201d dhe \u201cLiqeni i Vajkalit\u201d.<\/span><\/p>\n<p><span style=\"color: #000000;\">Kur ende isha f\u00ebmij\u00eb, p\u00ebr sa d\u00ebgjoja t\u00eb flitej p\u00ebr tim at\u00eb, kuptoja p\u00ebrkushtimin e madh t\u00eb tij gjat\u00eb Luft\u00ebs Antifashiste p\u00ebr nj\u00eb Shqip\u00ebri t\u00eb lir\u00eb dhe t\u00eb p\u00ebrparuar, pa shtyp\u00ebs e t\u00eb shtypur, e cila p\u00ebrcillej nga ai p\u00ebrmes modestis\u00eb, jet\u00ebs s\u00eb thjesht\u00eb e pa bam-bume, pa folur kurr\u00eb p\u00ebr plag\u00ebt e marra n\u00ebp\u00ebr beteja apo shtat\u00ebmb\u00ebdhjet\u00eb urdhrat e medaljet e dh\u00ebna p\u00ebr sakrificat e m\u00ebdha n\u00eb luft\u00ebn p\u00ebr \u00e7lirimin dhe mbrojtjen e atdheut, t\u00eb cilat i mbante fshehur n\u00eb sirtar pa ia treguar kujt, pasi asnj\u00ebher\u00eb nuk ia pash\u00eb t\u2019i vendoste n\u00eb gjoks, duke e motivuar k\u00ebt\u00eb si nj\u00eb akt respekti e mir\u00ebnjohje t\u00eb thell\u00eb ndaj shok\u00ebve t\u00eb r\u00ebn\u00eb n\u00eb luft\u00eb dhe si moskarshill\u00ebk ndaj njer\u00ebzve t\u00eb thjesht\u00eb, pran\u00eb t\u00eb cil\u00ebve ai rronte e jetonte.<\/span><\/p>\n<p><span style=\"color: #000000;\">Kaq dija un\u00eb n\u00eb f\u00ebmij\u00ebrin\u00eb time, t\u00eb tjerat i kam m\u00ebsuar gradualisht gjat\u00eb rritjes dhe maturimit si njeri. E gjej normale q\u00eb n\u00eb k\u00ebt\u00eb nj\u00ebqindvjetor t\u00eb lindjes s\u00eb tij t\u00eb flas e them di\u00e7ka edhe mbi at\u00eb mbr\u00ebmje t\u00eb ve\u00e7ant\u00eb t\u00eb 22 n\u00ebntorit 1969, e cila p\u00ebr emocionin q\u00eb do t\u00eb m\u00eb p\u00ebrcillte b\u00ebri q\u00eb p\u00ebr s\u00eb pari n\u00eb jet\u00ebn time, kur ende isha nj\u00eb voc\u00ebrrak, t\u00eb mendoja padashur vdekjen a vrasjen e tim eti, kur pas ngritjes s\u00eb receptorit t\u00eb telefonit t\u00eb sht\u00ebpis\u00eb ndesha papritur me z\u00ebrin e Kryeministrit t\u00eb vendit, Mehmet Shehu, i cili, si t\u00eb mos isha f\u00ebmij\u00eb, pyeti ku ndodhej im at\u00eb dhe pas p\u00ebrgjigjes, prer\u00eb m\u00eb uroi shpalljen \u2018Hero i Popullit\u2019 t\u00eb babait, duke m\u00eb k\u00ebshilluar t\u00eb hapja e t\u00eb d\u00ebgjoja radion.<\/span><\/p>\n<p><span style=\"color: #000000;\">Ndodhesha i vet\u00ebm me gjyshen, s\u00eb cil\u00ebs, nd\u00ebrsa i hapa radion, i tregova p\u00ebr sa m\u00eb tha Mehmet Shehu. \u201cE mjera un\u00eb, o bir!\u201d, r\u00ebnkoi thell\u00eb ajo si t\u00eb m\u00eb kujtonte se gjat\u00eb luft\u00ebs p\u00ebr \u00e7lirim kish varrosur me duar shtat\u00eb an\u00ebtar\u00eb t\u00eb vrar\u00eb t\u00eb familjes, mes t\u00eb cil\u00ebve dy djemt\u00eb e saj dhe si t\u2019i kisha dh\u00ebn\u00eb p\u00ebrs\u00ebri lajmin e nj\u00eb gj\u00ebme, u pushtua e t\u00ebra nga pik\u00ebllimi, pasi n\u00eb logjik\u00ebn e nj\u00eb t\u00eb moshuare, por dhe timen si f\u00ebmij\u00eb, urdhri i lart\u00eb \u201cHeroi i Popullit\u201d akordohej vet\u00ebm p\u00ebr t\u00eb r\u00ebn\u00ebt.<\/span><\/p>\n<p><span style=\"color: #000000;\">Ndaj, bashk\u00eb me r\u00ebnkimin, gjyshja at\u00eb \u00e7ast l\u00ebshoi dhe fjal\u00ebt e r\u00ebnda: \u201cE paskan vrar\u00eb t\u00ebt at\u00eb\u201d. N\u00eb mes k\u00ebsaj \u00e7oroditjeje, ne si t\u00eb ishim dy t\u00eb balsamosur, d\u00ebgjonim n\u00eb radio t\u00eb flitej p\u00ebr veprimtarin\u00eb e spikatur n\u00eb luft\u00ebn p\u00ebr \u00e7lirim dhe mbrojtjen e vendit t\u00eb Hekuran Pobratit, i cili me vendim t\u00eb posa\u00e7\u00ebm t\u00eb Presidiumit t\u00eb Kuvendit Popullor shpallej at\u00eb mbr\u00ebmje \u201cHero i Popullit\u201d dhe n\u00eb logjik\u00ebn ton\u00eb gjith\u00eb kjo shkonte n\u00eb sinkron me arsyetimin se im at\u00eb ishte vrar\u00eb.<\/span><\/p>\n<p><span style=\"color: #000000;\">\u00c7\u2019ndodhi e \u00e7\u2019u tha kur u mblodh\u00ebn t\u00eb gjith\u00eb e pran\u00eb nesh tanim\u00eb gjendeshin edhe drejtuesit e lart\u00eb t\u00eb partis\u00eb e t\u00eb pushtetit n\u00eb rreth ishin fjal\u00ebt befasuese t\u00eb tim eti, i cili, i sapokthyer nga nj\u00eb sh\u00ebrbim, i \u00e7uditur nga mysafir\u00ebt e pranish\u00ebm n\u00eb at\u00eb or\u00eb t\u00eb von\u00eb, duke mos ditur \u00e7\u2019kish ndodhur, foli qet\u00eb dhe pa nxitim: \u201cNuk duhet t\u00eb jem un\u00eb\u2026\u201d N\u00eb ceremonin\u00eb e dor\u00ebzimit t\u00eb dekorat\u00ebs s\u00eb lart\u00eb, me tone t\u00eb zjarrta Mehmet Shehu u ofroi t\u00eb pranishm\u00ebve vler\u00ebsime dhe etiketime t\u00eb tilla p\u00ebr tim at\u00eb si: \u201cMendjempreht\u00eb dhe trim i t\u00ebrbuar\u201d, \u201csyzgjuar e pun\u00ebholl\u00eb\u201d dhe plot t\u00eb tjera si k\u00ebto, sa un\u00eb tremb\u00ebdhjet\u00ebvje\u00e7ari nuk i kisha d\u00ebgjuar kurr\u00eb t\u00eb fliteshin deri at\u00ebher\u00eb p\u00ebr baban\u00eb dhe pavar\u00ebsisht mosh\u00ebs s\u00eb vog\u00ebl, kjo b\u00ebnte t\u00eb merrja nj\u00eb hije solemne, ndoshta ngaq\u00eb gjat\u00eb atyre tre-kat\u00ebr dit\u00ebve para ceremonis\u00eb, im at\u00eb na k\u00ebshillonte ne t\u00eb sht\u00ebpis\u00eb se ky vler\u00ebsim p\u00ebr t\u00eb duhej t\u00eb shnd\u00ebrrohej si nj\u00eb p\u00ebrgjegj\u00ebsi p\u00ebr t\u00eb gjith\u00eb pjes\u00ebtar\u00ebt e familjes.<\/span><\/p>\n<p><span style=\"color: #000000;\">Kjo mund t\u00eb duket e \u00e7uditshme sot, pasi spekulimet n\u00eb em\u00ebr t\u00eb demokracis\u00eb fatkeq\u00ebsisht i kan\u00eb ve\u00e7uar tanim\u00eb prind\u00ebrit nga f\u00ebmij\u00ebt dhe k\u00ebta t\u00eb fundit, n\u00eb em\u00ebr t\u00eb liris\u00eb e t\u00eb drejt\u00ebs s\u00eb njeriut shohin hallet, problemet, interesat dhe qejfet e pasionet e tyre t\u00eb mosh\u00ebs.<\/span><\/p>\n<p><span style=\"color: #000000;\">Por p\u00ebr bot\u00ebn dhe moralin e nj\u00eb idealisti, q\u00eb p\u00ebr hir t\u00eb vendit dhe popullit t\u00eb vet kishte mohuar gjith\u00e7ka, deri edhe jet\u00ebn normale t\u00eb f\u00ebmij\u00ebve dhe t\u00eb familjes, \u00e7far\u00eb un\u00eb them ishte me r\u00ebnd\u00ebsi, pasi n\u00eb logjik\u00ebn e koh\u00ebs uniteti i mendimit dhe i veprimit mes f\u00ebmij\u00ebs dhe prindit, vler\u00ebsohej si nj\u00eb \u00e7\u00ebshtje e lidhur ngusht\u00eb me t\u00eb mir\u00ebn e vendit, e cila shkonte deri n\u00eb mbajtjen q\u00ebndrim kur interesat n\u00eb mes pal\u00ebve cenoheshin.<\/span><\/p>\n<p><span style=\"color: #000000;\">Por le t\u00eb rikthehemi edhe p\u00ebr pak n\u00eb sall\u00eb, p\u00ebr t\u00eb treguar e komentuar jo pa arsye \u00e7\u2019foli e \u00e7\u2019tha im at\u00eb pas dor\u00ebzimit t\u00eb titullit \u201cHero i Popullit\u201d nga Mehmet Shehu dhe si \u00ebsht\u00eb komentuar e koncentruar n\u00eb koh\u00eb ky komunikim e q\u00ebndrim i tij. Hekuran Pobrati foli pa let\u00ebr.<\/span><\/p>\n<p><span style=\"color: #000000;\">E nisi fjal\u00ebn ngadal\u00eb, p\u00ebr t\u2019ia marr\u00eb vesh d\u00ebgjuesi t\u00eb gjitha. Nj\u00eb dit\u00eb par\u00eb ceremonis\u00eb, ai ndihej i trazuar dhe u kthye shpejt n\u00eb sht\u00ebpi. Shkruante brenda ambienteve t\u00eb tij. Hera-her\u00ebs dilte t\u00eb takonte njer\u00ebzit q\u00eb vinin p\u00ebr ta uruar dhe pastaj shkonte t\u00eb shkruante p\u00ebrs\u00ebri. Si\u00e7 u mor\u00ebm nj\u00eb cop\u00eb her\u00eb me lulet t\u00eb dy, pasion q\u00eb e trash\u00ebgoj nga ai, n\u00eb nj\u00eb \u00e7ast e pyeta: \u201cP\u00ebrse u ktheve kaq shpejt nga puna?\u201d.<\/span><\/p>\n<p><span style=\"color: #000000;\">Si t\u00eb ishte n\u00eb nj\u00eb mosh\u00eb me mua, babai uli kok\u00ebn dhe m\u00eb foli sinqerisht: \u201cE kam pak problem k\u00ebto dit\u00eb, m\u00eb v\u00ebshtrojn\u00eb me sy dhe duan t\u00eb m\u00eb urojn\u00eb t\u00eb gjith\u00eb\u201d. Un\u00eb s\u2019dija \u00e7\u2019t\u2019i thosha, por gjat\u00eb rritjes sime kam kuptuar se ai ndihej i bezdisur nga vler\u00ebsimet, pasi nuk i p\u00eblqente t\u00eb ishte n\u00eb qend\u00ebr t\u00eb v\u00ebmendjes dhe e lodhnin lavd\u00ebrimet, si\u00e7 do ta m\u00ebsoja m\u00eb mir\u00eb t\u00eb nes\u00ebrmen nga \u00e7far\u00eb do t\u00eb fliste n\u00eb ceremonin\u00eb e dekorimit.<\/span><\/p>\n<p><span style=\"color: #000000;\">E vendosa k\u00ebt\u00eb dialog t\u00eb thjesht\u00eb k\u00ebtu me tim at\u00eb t\u00eb shoq\u00ebruar dhe me pak koment, pasi \u00e7far\u00eb tha babai gjat\u00eb fjal\u00ebs s\u00eb tij si p\u00ebrgjigje ndaj vler\u00ebsimit t\u00eb lart\u00eb, por dhe \u00e7far\u00eb foli p\u00ebr t\u00eb gjat\u00eb dor\u00ebzimit t\u00eb titullit t\u00eb Mehmet Shehut, n\u00eb disa gj\u00ebra q\u00eb lidheshin me shqet\u00ebsimin e t\u00eb mosndierin mir\u00eb t\u00eb tij nga qenia njeri publik e n\u00eb qend\u00ebr t\u00eb v\u00ebmendjes, im at\u00eb dhe Kryeministri i vendit nuk ishin n\u00eb nj\u00eb mendje t\u00eb dy, por le t\u2019ia l\u00ebm\u00eb radh\u00ebn fjal\u00ebs s\u00eb babait gjat\u00eb zhvillimit t\u00eb ceremonis\u00eb: \u201cGjat\u00eb gjith\u00eb koh\u00ebs s\u00eb angazhimit tim n\u00eb detyra delikate, \u2013 tha n\u00eb mes t\u00eb fjal\u00ebs s\u00eb tij im at\u00eb, \u2013 m\u00eb ka shoq\u00ebruar bindja e thell\u00eb se lufta dhe puna nuk t\u00eb mohohen.<\/span><\/p>\n<p><span style=\"color: #000000;\">Ndaj, sa her\u00eb q\u00eb atdheu ma ka k\u00ebrkuar kok\u00ebn,- vijoi ai,- un\u00eb p\u00ebr t\u00eb e kam v\u00ebn\u00eb n\u00eb trast\u00eb. Por asnj\u00ebher\u00eb nuk kam d\u00ebshiruar q\u00eb ky vler\u00ebsim i lart\u00eb t\u00eb m\u00eb b\u00ebhej q\u00eb n\u00eb gjallje. Populli,- p\u00ebrfundoi iden\u00eb e tij babai,- thot\u00eb se trimit sa \u00ebsht\u00eb gjall\u00eb mos i k\u00ebndo k\u00ebng\u00eb me \u00e7ifteli se ka koh\u00eb me u korit\u201d.<\/span><\/p>\n<p><span style=\"color: #000000;\">Pra, Hekuran Pobrati iu shmang me kujdes vler\u00ebsimit t\u00eb lart\u00eb dhe p\u00ebrmes fakteve konkrete, duke p\u00ebrmendur me em\u00ebr njer\u00ebzit q\u00eb kishin sinjalizuar e informuar mbi ngjarje e veprime t\u00eb dyshimta, ai i ofroi t\u00eb pranishm\u00ebve plot argumente t\u00eb paatakueshme e t\u00eb pakund\u00ebrshtueshme se suksesi n\u00eb luft\u00ebn kund\u00ebr bandave i takonte popullit; ndaj, salla u ngrit n\u00eb k\u00ebmb\u00eb mes ovacioneve dhe Mehmet Shehu, i cili e ndjeu ngarkes\u00ebn e teprimit mes epiteteve t\u00eb p\u00ebrdorura, buz\u00ebqeshi me \u00e7ilt\u00ebrsi.<\/span><\/p>\n<p><span style=\"color: #000000;\">Por im at\u00eb, si p\u00ebr ta \u00e7uar deri n\u00eb fund iden\u00eb e tij, vazhdoi: \u201cNuk besoj se un\u00eb \u2018mendjemprehti\u2019 e \u2018syzgjuari\u2019 i kam b\u00ebr\u00eb vet\u00eb t\u00eb gjitha. Po t\u00eb mos ishte populli dhe mb\u00ebshtetja e tij, ne do t\u00eb izoloheshim n\u00ebp\u00ebr shpella dhe male. Ndaj, \u00e7\u2019u tha k\u00ebtu p\u00ebr mua, nuk mund t\u2019i mbaj dot t\u00eb gjitha, si\u00e7 \u00ebsht\u00eb n\u00eb fakt dhe pesha e k\u00ebsaj dekorate t\u00eb lart\u00eb\u201d.<\/span><\/p>\n<p><span style=\"color: #000000;\">Salla u ngrit n\u00eb k\u00ebmb\u00eb p\u00ebrs\u00ebri, por ai, si p\u00ebr t\u2019i v\u00ebn\u00eb ky\u00e7 fjal\u00ebs, e mbylli at\u00eb k\u00ebshtu: \u201c\u00cbsht\u00eb rasti t\u00eb fal\u00ebnderoj p\u00ebr mb\u00ebshtetjen e gjer\u00eb bashk\u00ebshorten time, pa ndihm\u00ebn e s\u00eb cil\u00ebs nuk do mund t\u00eb arrija kryerjen e misioneve t\u00eb ngarkuara, pasi p\u00ebr mua ajo nuk ka qen\u00eb thjesht skalioni mb\u00ebshtet\u00ebs dhe prapavija ime, pa t\u00eb cil\u00ebn nuk do t\u00eb isha dot i ftoht\u00eb n\u00eb detyrat e v\u00ebshtira q\u00eb kam kryer, por edhe garantuesja e suksesit t\u00eb rritjes dhe edukimit t\u00eb f\u00ebmij\u00ebve t\u00eb mi.<\/span><\/p>\n<p><span style=\"color: #000000;\">Ndaj, s\u2019e kam t\u00eb r\u00ebnd\u00eb q\u00eb tre cepat e k\u00ebtij ylli t\u00eb art\u00eb q\u00eb m\u2019u dor\u00ebzua sot, e them me bindje se i takojn\u00eb asaj, pasi n\u00eb munges\u00ebn time t\u00eb gjat\u00eb ishte ajo q\u00eb rriti dhe edukoi me kujdesin dhe v\u00ebmendjen e duhur f\u00ebmij\u00ebt e mi, n\u00eb m\u00ebnyr\u00eb t\u00eb till\u00eb q\u00eb ata t\u00eb mos m\u00eb rr\u00ebzonin mua \u2018murin\u2019 q\u00eb po ngrija me gjak dhe kaq shum\u00eb mund e djers\u00eb dita-dit\u00ebs\u201d.<\/span><\/p>\n<p><span style=\"color: #000000;\">Pas ceremonis\u00eb s\u00eb dekorimit, organizator\u00ebt shtruan nj\u00eb dark\u00eb, ku mes t\u00eb zgjedhurve ishte dhe nj\u00eb rreth i ngusht\u00eb i familjes s\u00eb heroit. Gjat\u00eb saj, si n\u00eb konfidenc\u00eb Mehmet Shehu i foli tim eti n\u00eb m\u00ebnyr\u00eb q\u00eb t\u00eb d\u00ebgjonin dhe ata q\u00eb ishin pran\u00eb tyre, se, kur n\u00eb Byro ishte propozuar dh\u00ebnia e titullit \u2018Hero i Popullit\u2019 Hekuran Pobratit, Enver Hoxha, Hysni Kapo, ai, Kryeministri pra i vendit, dhe Kadri Hazbiu i kishin ngritur lart t\u00eb dyja duart.<\/span><\/p>\n<p><span style=\"color: #000000;\">Im at\u00eb heshti. Por pas pak, p\u00ebr t\u00eb dh\u00ebn\u00eb nj\u00eb p\u00ebrgjigje, t\u00eb cil\u00ebn e d\u00ebgjuan p\u00ebrs\u00ebri edhe ata q\u00eb ishin af\u00ebr tyre, babai i tha: \u201cTani na jan\u00eb rritur f\u00ebmij\u00ebt, me t\u00eb mirat dhe t\u00eb k\u00ebqijat e tyre, t\u00eb cil\u00ebt kan\u00eb pjes\u00ebn e vet\u00eb edhe n\u00eb biografin\u00eb time. Ndaj k\u00ebt\u00eb dekorat\u00eb t\u00eb lart\u00eb nuk mund ta mbaj e ruaj vet\u00ebm, duhet ta mbaj e ruaj bashk\u00eb me ta, por si\u00e7 thash\u00eb dhe gjat\u00eb fjal\u00ebs sime n\u00eb sall\u00eb, nuk di a do t\u2019ia arrijm\u00eb dot\u2026?! Kryeministri i vendit nuk kish folur, por im at\u00eb, si p\u00ebr t\u2019i dh\u00ebn\u00eb z\u00eb heshtjes s\u00eb tij, vazhdoi: \u201cNuk \u00ebsht\u00eb e leht\u00eb t\u00eb hedh\u00ebsh posht\u00eb f\u00ebmij\u00ebn t\u00ebnd. Ja, pritm\u00eb mua tani krahun dhe hidhma n\u00eb plehra, \u00e7\u2019u fitua?!<\/span><\/p>\n<p><span style=\"color: #000000;\">Ata q\u00eb m\u00eb njohin dhe do t\u00eb m\u00eb shohin me nj\u00eb krah, do t\u00eb pyesin: po Hekuran Pobrati, pse s\u2019e ka krahun tjet\u00ebr?! Nd\u00ebrsa t\u00eb tjer\u00ebt, ata q\u00eb nuk m\u00eb njohin, do t\u00eb shohin krahun n\u00eb plehra, p\u00ebrs\u00ebri do t\u00eb pyesin: More, po ky krahu hedhur n\u00eb mes plehrave, i kujt \u00ebsht\u00eb?! \u2026 Burri i fort\u00eb Mehmet Shehu kish ulur kok\u00ebn dhe bashk\u00eb me heshtjen, si t\u00eb mos ndjente \u00e7\u2019do t\u2019i ndodhte vet\u00eb atij ca vite m\u00eb von\u00eb, pik\u00ebrisht ashtu sipas n\u00ebntekstit q\u00eb i p\u00ebrcolli fabula e sapod\u00ebgjuar, s\u2019ia vuri veshin fjal\u00ebs s\u00eb urt\u00eb t\u00eb nj\u00eb bashk\u00ebluft\u00ebtari t\u00eb vjet\u00ebr dhe si ta ngush\u00ebllonte at\u00eb p\u00ebr sa kishte merak, i ra shpatullave Hekuran Pobratit duke i th\u00ebn\u00eb t\u00eb kund\u00ebrt\u00ebn: \u201cJo mor jo, nuk do t\u00eb ndodh\u00eb k\u00ebshtu\u201d \u2026 <\/span><\/p>\n<p><span style=\"color: #000000;\">Gjat\u00eb dark\u00ebs, Kryeministri e kish sjell\u00eb natyrsh\u00ebm bised\u00ebn n\u00eb suksesin e kapjes gjall\u00eb t\u00eb kapoband\u00ebs s\u00eb njohur Hamit Matjani dhe t\u00eb tjer\u00ebve si ai, zbarkuar nat\u00ebn me parashuta n\u00eb Shqip\u00ebri, mbi baz\u00ebn e zhvillimit nga Sh\u00ebrbimi Sekret Shqiptar t\u00eb radioloj\u00ebs s\u00eb d\u00ebgjuar \u201cLiqeni i Vajkalit\u201d, organizuar ndaj zbulimeve anglo-amerikane, thuajse dhjet\u00eb vjet mbas Luft\u00ebs Antifashiste, ku kontributi i Asim Alikos dhe Hekuran Pobratit kishte qen\u00eb par\u00ebsor.<\/span><\/p>\n<p><span style=\"color: #000000;\"> Mehmet Shehu ngriti dolli p\u00ebr t\u00eb dy, por k\u00ebsaj radhe do t\u00eb ishte im at\u00eb ai, q\u00eb, teksa e fal\u00ebnderoi, di\u00e7ka i p\u00ebrmendi p\u00ebr takimin e asaj nat\u00eb t\u00eb ftoht\u00eb pranvere, pak pas mb\u00ebrritjes n\u00eb Biz\u00eb t\u00eb Martaneshit, ku brenda \u00e7adr\u00ebs s\u00eb maskuar ku q\u00ebndronte \u201cgrupi Special\u201d, hyn\u00eb nj\u00ebri pas tjetrit Mehmet Shehu dhe Kadri Hazbiu, p\u00ebr t\u2019i p\u00ebrsh\u00ebndetur e folur nga af\u00ebr me t\u00eb dy \u201cpersonazhet tip t\u00eb situatave tipike\u201d, t\u00eb cil\u00ebt pas ndeshjeve disamujore \u201ctru me tru\u201d t\u00eb zhvilluara mes zbulimeve anglo-amerikane dhe atij shqiptar, tanim\u00eb kishte ardhur ora t\u00eb p\u00ebrballeshin drejtp\u00ebrs\u00ebdrejti direkt me Hamit Matjanin, \u201cvegl\u00ebn\u201d e majorit \u201cXhon\u201d. \u2026<\/span><\/p>\n<p><span style=\"color: #000000;\">P\u00ebr sa d\u00ebgjoi nga im at\u00eb, vet\u00ebm pak pas dh\u00ebnies s\u00eb Yllit t\u00eb Art\u00eb, Mehmet Shehu ishte emocionuar, por Hekuran Pobrati, p\u00ebr t\u2019i larguar merakun komandantit t\u00eb vet gjat\u00eb luft\u00ebs partizane, s\u2019e kishte zgjatur se e dinte q\u00eb edhe atij s\u2019i p\u00eblqenin l\u00ebvdimet, ndaj kishte sjell\u00eb n\u00eb bised\u00eb nj\u00eb tjet\u00ebr preokupim t\u00eb koh\u00ebs s\u00eb viteve \u201cFurtun\u00eb\u201d: Gjat\u00eb radioloj\u00ebs \u201cLiqeni i Vajkalit\u201d, Sh\u00ebrbimi Sekret Shqiptar, p\u00ebr t\u00eb mos u gjendur p\u00ebrball\u00eb s\u00eb papritur\u00ebs, si\u00e7 mund t\u00eb ishte dhe varianti mos ndoshta ishin sh\u00ebrbimet anglo-amerikane ata q\u00eb po \u2018loznin\u2019 me ne dhe jo e kund\u00ebrta, shqet\u00ebsim q\u00eb me t\u00eb drejt\u00eb duhej t\u00eb sqarohej, brenda legjend\u00ebs s\u00eb madhe, pra radioloj\u00ebs, u organizua nj\u00eb kombinacion n\u00eb dukje fare i vog\u00ebl: Gjoja me sebep t\u00eb \u201csituat\u00ebs s\u00eb p\u00ebrshtatshme\u201d p\u00ebr organizimin e kryengritjes s\u00eb armatosur n\u00eb Shqip\u00ebri, Sh\u00ebrbimi Sekret Shqiptar u k\u00ebrkoi sh\u00ebrbimeve anglo-amerikane hedhjen me parashut\u00eb t\u00eb disa individ\u00ebve t\u00eb \u201cst\u00ebrvitur mir\u00eb\u201d n\u00eb kampet e tyre dhe t\u00eb njohur p\u00ebr gjoja autoritet e influenc\u00eb n\u00eb mjedise t\u00eb caktuara t\u00eb vendit, nga nj\u00ebra an\u00eb p\u00ebr t\u00eb mbuluar dhe justifikuar me k\u00ebt\u00eb rast k\u00ebrkes\u00ebn e b\u00ebr\u00eb p\u00ebr prurjen n\u00eb atdhe t\u00eb Hamit Matjanit, duke vendosur krah tij dhe emrat e disa t\u00eb tjer\u00ebve, midis t\u00eb cil\u00ebve edhe at\u00eb t\u00eb Halil Branic\u00ebs, q\u00eb m\u00eb shum\u00eb se i nevojsh\u00ebm, thirrej n\u00eb funksion t\u00eb sqarimit t\u00eb hipotez\u00ebs s\u00eb p\u00ebrfolur, pasi nga burime t\u00eb besuara njihej dhe dihej mir\u00eb q\u00eb ai ishte m\u00ebse i s\u00ebmur\u00eb.<\/span><\/p>\n<p><span style=\"color: #000000;\">Nga ana tjet\u00ebr, n\u00ebse anglo-amerikan\u00ebt do ta pranonin k\u00ebt\u00eb dhe do ta l\u00ebshonin n\u00eb aj\u00ebr Halil Branic\u00ebn me parashut\u00eb p\u00ebr t\u00eb zbritur n\u00eb Shqip\u00ebri, kaq ishte e mjaftueshme q\u00eb Sh\u00ebrbimi yn\u00eb Sekret t\u00eb konkludonte se ishim ne q\u00eb e drejtonim loj\u00ebn dhe jo e kund\u00ebrta. Fakti q\u00eb bashk\u00eb me Hamit Matjanin ata hodh\u00ebn edhe Halil Branic\u00ebn, t\u00eb cilin e mbyti tuberkulozi q\u00eb n\u00eb aj\u00ebr dhe sapo mb\u00ebrriti, pa pyetur p\u00ebr automatikun, ai donte t\u00eb dinte se ku i kishin r\u00ebn\u00eb ila\u00e7et, v\u00ebrtetonte m\u00eb s\u00eb miri se sh\u00ebrbimet anglo-amerikane, ve\u00e7 t\u00eb tjerash, nuk e njihnin realitetin ton\u00eb t\u00eb koh\u00ebs, ndaj dhe radiolojat i drejtoi e realizoi me sukses Sh\u00ebrbimi Sekret Shqiptar\u2026<\/span><\/p>\n<p><img loading=\"lazy\" decoding=\"async\" class=\"aligncenter size-full wp-image-402816\" src=\"https:\/\/hashtag.al\/wp-content\/uploads\/2020\/09\/hekuranpobrati-e1601467655301.jpg\" alt=\"\" width=\"1280\" height=\"960\" srcset=\"https:\/\/www.hashtag.al\/wp-content\/uploads\/2020\/09\/hekuranpobrati-e1601467655301.jpg 1280w, https:\/\/www.hashtag.al\/wp-content\/uploads\/2020\/09\/hekuranpobrati-e1601467655301-300x225.jpg 300w, https:\/\/www.hashtag.al\/wp-content\/uploads\/2020\/09\/hekuranpobrati-e1601467655301-768x576.jpg 768w, https:\/\/www.hashtag.al\/wp-content\/uploads\/2020\/09\/hekuranpobrati-e1601467655301-1024x768.jpg 1024w\" sizes=\"auto, (max-width: 1280px) 100vw, 1280px\" \/><\/p>\n<p><span style=\"color: #000000;\">Epilog<\/span><\/p>\n<p><span style=\"color: #000000;\">N\u00eb k\u00ebto vite t\u00eb pas \u201990-\u00ebs, mes njohjeve t\u00eb shumta personale dhe t\u00eb trash\u00ebguara nga prind\u00ebrit e mi, kam takuar e komunikuar me mjaft njer\u00ebz, prej t\u00eb cil\u00ebve kam marr\u00eb dashuri dhe respekt t\u00eb pamat edhe n\u00eb k\u00ebt\u00eb nj\u00ebqindvjetor t\u00eb lindjes s\u00eb tim eti, por nj\u00ebri prej tyre do t\u00eb mbetet e ve\u00e7ant\u00eb. Ishte komunikimi me 85-vje\u00e7aren Ruta Ded Kola, nga katundi i vjet\u00ebr i Mirdit\u00ebs, e njohur ndryshe si \u201cRudina\u201d, e cila n\u00eb vitet \u201950 hodhi band\u00ebn n\u00eb er\u00eb bashk\u00eb me kull\u00ebn, si t\u00eb ishte motra e Oso Kuk\u00ebs, ku fatkeq\u00ebsisht humbi jet\u00ebn edhe vajza e vetme e saj.<\/span><\/p>\n<p><span style=\"color: #000000;\">Pas k\u00ebsaj drame, Ruta jetoi koh\u00eb duke q\u00ebndruar dhe u strehuar n\u00eb gjysm\u00eb ilegalitet brenda familjes Pobrati, kur kjo p\u00ebrballonte jet\u00ebn n\u00eb \u201carrati\u201d t\u00eb Hekuranit, i cili s\u00eb bashku me shok\u00ebt e tij luftonte t\u00eb paralizonte dhe at\u00eb pjes\u00eb t\u00eb band\u00ebs q\u00eb mbeti pa u pastruar n\u00eb kull\u00ebn e hedhur n\u00eb er\u00eb nga \u201cRudina\u201d. M\u00eb von\u00eb, trim\u00ebresha mirditore u kthye pran\u00eb familjes, por si\u00e7 nuk harroi kurr\u00eb dram\u00ebn e f\u00ebmij\u00ebs s\u00eb vet\u00ebm t\u00eb vrar\u00eb nga bandit\u00ebt, ajo nj\u00ebsoj nuk harroi dashurin\u00eb dhe mb\u00ebshtetjen e mamas\u00eb sime, Ferasetit, e cila vepr\u00ebn e Rut\u00ebs e quante si t\u00eb djers\u00ebs dhe gjakut t\u00eb vet. Si\u00e7 nuk harron dot Hekuran Pobratin, p\u00ebr \u00e7ka ai b\u00ebri n\u00eb em\u00ebr t\u00eb detyr\u00ebs dhe dashuris\u00eb p\u00ebr popullin kund\u00ebr vras\u00ebsve t\u00eb f\u00ebmij\u00ebs s\u00eb saj.<\/span><\/p>\n<p><span style=\"color: #ff0000;\"><strong>VINI RE<\/strong><\/span>: <span style=\"color: #000000;\">Ky material \u00ebsht\u00eb pron\u00ebsi intelektuale e <a href=\"http:\/\/www.panorama.com.al\/i-biri-i-hekuran-pobratit-rrefen-detaje-per-radiolojen-e-sigurimit-si-u-arrestuan-hamit-matjani-e-halil-branica-agjenturat-e-huaja-u-detyruan-qe-ti-hidhnin-me\/\"><span style=\"color: #0000ff;\">Panorama<\/span><\/a><\/span><\/p>\n","protected":false,"gt_translate_keys":[{"key":"rendered","format":"html"}]},"excerpt":{"rendered":"<p>Nga Luan Pobrati Ishte fillimi i viteve \u201970, koha kur piktori i popullit, Bukurosh Sejdini, i njohur ve\u00e7an\u00ebrisht p\u00ebr realizimin e portretit \u201cQemal Stafa\u201d dhe peizazhit \u201c\u00c7lirimi i Tiran\u00ebs\u201d, k\u00ebmb\u00ebngulte her\u00eb pas here pran\u00eb tim eti p\u00ebr t\u2019i b\u00ebr\u00eb nj\u00eb portret. Babai i shmangej me kujdes k\u00ebrkes\u00ebs s\u00eb piktorit, si\u00e7 kishte b\u00ebr\u00eb ai dhe n\u00eb [&hellip;]<\/p>\n","protected":false,"gt_translate_keys":[{"key":"rendered","format":"html"}]},"author":51,"featured_media":402814,"comment_status":"open","ping_status":"open","sticky":false,"template":"","format":"standard","meta":{"footnotes":""},"categories":[20],"tags":[],"class_list":["post-402813","post","type-post","status-publish","format-standard","has-post-thumbnail","hentry","category-blog"],"gt_translate_keys":[{"key":"link","format":"url"}],"_links":{"self":[{"href":"https:\/\/www.hashtag.al\/index.php\/wp-json\/wp\/v2\/posts\/402813","targetHints":{"allow":["GET"]}}],"collection":[{"href":"https:\/\/www.hashtag.al\/index.php\/wp-json\/wp\/v2\/posts"}],"about":[{"href":"https:\/\/www.hashtag.al\/index.php\/wp-json\/wp\/v2\/types\/post"}],"author":[{"embeddable":true,"href":"https:\/\/www.hashtag.al\/index.php\/wp-json\/wp\/v2\/users\/51"}],"replies":[{"embeddable":true,"href":"https:\/\/www.hashtag.al\/index.php\/wp-json\/wp\/v2\/comments?post=402813"}],"version-history":[{"count":0,"href":"https:\/\/www.hashtag.al\/index.php\/wp-json\/wp\/v2\/posts\/402813\/revisions"}],"wp:featuredmedia":[{"embeddable":true,"href":"https:\/\/www.hashtag.al\/index.php\/wp-json\/wp\/v2\/media\/402814"}],"wp:attachment":[{"href":"https:\/\/www.hashtag.al\/index.php\/wp-json\/wp\/v2\/media?parent=402813"}],"wp:term":[{"taxonomy":"category","embeddable":true,"href":"https:\/\/www.hashtag.al\/index.php\/wp-json\/wp\/v2\/categories?post=402813"},{"taxonomy":"post_tag","embeddable":true,"href":"https:\/\/www.hashtag.al\/index.php\/wp-json\/wp\/v2\/tags?post=402813"}],"curies":[{"name":"wp","href":"https:\/\/api.w.org\/{rel}","templated":true}]}}