{"id":402758,"date":"2020-09-30T11:11:52","date_gmt":"2020-09-30T09:11:52","guid":{"rendered":"https:\/\/hashtag.al\/?p=402758"},"modified":"2020-09-30T11:11:52","modified_gmt":"2020-09-30T09:11:52","slug":"pd-publikon-listen-emrat-e-kandidateve-per-deputete-qe-votohen-te-enjten-ne-lezhe","status":"publish","type":"post","link":"https:\/\/www.hashtag.al\/index.php\/2020\/09\/30\/pd-publikon-listen-emrat-e-kandidateve-per-deputete-qe-votohen-te-enjten-ne-lezhe\/","title":{"rendered":"PD publikon list\u00ebn, emrat e kandidat\u00ebve p\u00ebr deputet\u00eb q\u00eb votohen t\u00eb enjten n\u00eb Lezh\u00eb","gt_translate_keys":[{"key":"rendered","format":"text"}]},"content":{"rendered":"<p><a href=\"https:\/\/hashtag.al\/wp-content\/uploads\/2020\/08\/Basha-PD.jpg\"><img loading=\"lazy\" decoding=\"async\" class=\"aligncenter size-full wp-image-391516\" src=\"https:\/\/hashtag.al\/wp-content\/uploads\/2020\/08\/Basha-PD.jpg\" alt=\"\" width=\"2048\" height=\"1365\" srcset=\"https:\/\/www.hashtag.al\/wp-content\/uploads\/2020\/08\/Basha-PD.jpg 2048w, https:\/\/www.hashtag.al\/wp-content\/uploads\/2020\/08\/Basha-PD-300x200.jpg 300w, https:\/\/www.hashtag.al\/wp-content\/uploads\/2020\/08\/Basha-PD-768x512.jpg 768w, https:\/\/www.hashtag.al\/wp-content\/uploads\/2020\/08\/Basha-PD-1024x683.jpg 1024w\" sizes=\"auto, (max-width: 2048px) 100vw, 2048px\" \/><\/a><\/p>\n<p><span style=\"color: #000000;\">Nd\u00ebrsa an\u00ebtar\u00ebsia n\u00eb Shkod\u00ebr po voton p\u00ebr p\u00ebrzgjedhjen e kandidat\u00ebve p\u00ebr deputet\u00eb, Partia Demokratike ka publikuar list\u00ebn e kandidat\u00ebve t\u00eb cil\u00ebt do t\u00eb votohen t\u00eb enjten n\u00eb qarkun e Lezh\u00ebs.<\/span><\/p>\n<p><span style=\"color: #000000;\"><em>\u201cDemokrat\u00ebt e Qarkut t\u00eb Lezh\u00ebs do t\u00eb votojn\u00eb t\u00eb enjten p\u00ebr kandidat\u00ebt e propozuar nga an\u00ebtar\u00ebsia, t\u00eb cil\u00ebt kan\u00eb kaluar filtrin paraprak t\u00eb verifikimit nga Komisioni i Vler\u00ebsimit t\u00eb Kandidat\u00ebve.\u201d<\/em>, thuhet n\u00eb njoftimin e PD-s\u00eb.<\/span><\/p>\n<p><span style=\"color: #000000;\">Sipas selis\u00eb, pas p\u00ebrfundimit t\u00eb procesit t\u00eb konsultimit me an\u00ebtar\u00ebsin\u00eb, kandidat\u00ebt e konfirmuar i n\u00ebnshtrohen vler\u00ebsimit p\u00ebrfundimtar t\u00eb Komisionit n\u00eb faz\u00ebn e tret\u00eb.<\/span><\/p>\n<p><span style=\"color: #000000;\">An\u00ebtar\u00ebt e komisionit votojn\u00eb bazuar, kryesisht, n\u00eb vler\u00ebsimin e performanc\u00ebs politike t\u00eb kandidatit dhe mund\u00ebsin\u00eb e maksimalizimit t\u00eb vot\u00ebs. <\/span><\/p>\n<p><span style=\"color: #000000;\">Pas k\u00ebtij vler\u00ebsimi p\u00ebrfundimtar, lista me kandidat\u00ebt q\u00eb kalojn\u00eb faz\u00ebn e tret\u00eb i dor\u00ebzohet p\u00ebr vendimmarrje finale Kryesis\u00eb s\u00eb Partis\u00eb Demokratike. <\/span><\/p>\n<p><span style=\"color: #000000;\">Votimi i konsultimit t\u00eb an\u00ebtar\u00ebsis\u00eb ka p\u00ebrfunduar n\u00eb Qarkun e Kuk\u00ebsit, Dibr\u00ebs, Gjirokastr\u00ebs dhe Beratit dhe sot po votohet n\u00eb Shkod\u00ebr. Nes\u00ebr \u00ebsht\u00eb Lezha q\u00eb voton, list\u00ebn me kandidat\u00ebt e m\u00ebposht\u00ebm.<\/span><\/p>\n<p><strong><span style=\"color: #000000;\">Dega Lezh\u00eb, Qarku Lezh\u00eb<\/span><\/strong><\/p>\n<p><span style=\"color: #000000;\">ALKETA MARKU<\/span><br \/>\n<span style=\"color: #000000;\">ALTIN MEMA<\/span><br \/>\n<span style=\"color: #000000;\">ANILA FRROKU<\/span><br \/>\n<span style=\"color: #000000;\">ARBEN NDOJ<\/span><br \/>\n<span style=\"color: #000000;\">DAVID SYKU<\/span><br \/>\n<span style=\"color: #000000;\">DOD ZHUBA<\/span><br \/>\n<span style=\"color: #000000;\">FRANGA HILA<\/span><br \/>\n<span style=\"color: #000000;\">GJOK VUKSANI<\/span><br \/>\n<span style=\"color: #000000;\">GJOVALIN GJELOSHI<\/span><br \/>\n<span style=\"color: #000000;\">LINDITA METALIAJ<\/span><br \/>\n<span style=\"color: #000000;\">PETRIT MARKU<\/span><br \/>\n<span style=\"color: #000000;\">ROZA HILA<\/span><br \/>\n<span style=\"color: #000000;\">SALVADOR KA\u00c7AJ<\/span><br \/>\n<span style=\"color: #000000;\">SEVELIAN KOSOVA<\/span><br \/>\n<span style=\"color: #000000;\">SILVANA KOLZIU<\/span><br \/>\n<span style=\"color: #000000;\">SOKOL NDOKA<\/span><\/p>\n<p><strong><span style=\"color: #000000;\">Dega Mirdit\u00eb:<\/span><\/strong><\/p>\n<p><span style=\"color: #000000;\">ALBERT MELYSHI<\/span><br \/>\n<span style=\"color: #000000;\">ALEKSANDER LALA<\/span><br \/>\n<span style=\"color: #000000;\">ALFRED DUKA<\/span><br \/>\n<span style=\"color: #000000;\">DORIAN GJOMARKAJ<\/span><br \/>\n<span style=\"color: #000000;\">EVEREST DEDAJ<\/span><br \/>\n<span style=\"color: #000000;\">GJERGJ PRENGA<\/span><br \/>\n<span style=\"color: #000000;\">GJON PJETRI<\/span><\/p>\n<p><strong><span style=\"color: #000000;\">Dega Kurbin:<\/span><\/strong><\/p>\n<p><span style=\"color: #000000;\">ANDON FRROKAJ<\/span><br \/>\n<span style=\"color: #000000;\">ELTON LASKA<\/span><br \/>\n<span style=\"color: #000000;\">GENC DOCI<\/span><br \/>\n<span style=\"color: #000000;\">INDRIT VOKSHI<\/span><br \/>\n<span style=\"color: #000000;\">KASTRIOT PREND PIROLI<\/span><br \/>\n<span style=\"color: #000000;\">LINDITA TOMA<\/span><br \/>\n<span style=\"color: #000000;\">LUIGJ ISUFI<\/span><br \/>\n<span style=\"color: #000000;\">MARJAN TUCI<\/span><\/p>\n","protected":false,"gt_translate_keys":[{"key":"rendered","format":"html"}]},"excerpt":{"rendered":"<p>Nd\u00ebrsa an\u00ebtar\u00ebsia n\u00eb Shkod\u00ebr po voton p\u00ebr p\u00ebrzgjedhjen e kandidat\u00ebve p\u00ebr deputet\u00eb, Partia Demokratike ka publikuar list\u00ebn e kandidat\u00ebve t\u00eb cil\u00ebt do t\u00eb votohen t\u00eb enjten n\u00eb qarkun e Lezh\u00ebs. \u201cDemokrat\u00ebt e Qarkut t\u00eb Lezh\u00ebs do t\u00eb votojn\u00eb t\u00eb enjten p\u00ebr kandidat\u00ebt e propozuar nga an\u00ebtar\u00ebsia, t\u00eb cil\u00ebt kan\u00eb kaluar filtrin paraprak t\u00eb verifikimit nga [&hellip;]<\/p>\n","protected":false,"gt_translate_keys":[{"key":"rendered","format":"html"}]},"author":30,"featured_media":391516,"comment_status":"open","ping_status":"open","sticky":false,"template":"","format":"standard","meta":{"footnotes":""},"categories":[65,13],"tags":[],"class_list":["post-402758","post","type-post","status-publish","format-standard","has-post-thumbnail","hentry","category-lajme","category-te-fundit"],"gt_translate_keys":[{"key":"link","format":"url"}],"_links":{"self":[{"href":"https:\/\/www.hashtag.al\/index.php\/wp-json\/wp\/v2\/posts\/402758","targetHints":{"allow":["GET"]}}],"collection":[{"href":"https:\/\/www.hashtag.al\/index.php\/wp-json\/wp\/v2\/posts"}],"about":[{"href":"https:\/\/www.hashtag.al\/index.php\/wp-json\/wp\/v2\/types\/post"}],"author":[{"embeddable":true,"href":"https:\/\/www.hashtag.al\/index.php\/wp-json\/wp\/v2\/users\/30"}],"replies":[{"embeddable":true,"href":"https:\/\/www.hashtag.al\/index.php\/wp-json\/wp\/v2\/comments?post=402758"}],"version-history":[{"count":0,"href":"https:\/\/www.hashtag.al\/index.php\/wp-json\/wp\/v2\/posts\/402758\/revisions"}],"wp:featuredmedia":[{"embeddable":true,"href":"https:\/\/www.hashtag.al\/index.php\/wp-json\/wp\/v2\/media\/391516"}],"wp:attachment":[{"href":"https:\/\/www.hashtag.al\/index.php\/wp-json\/wp\/v2\/media?parent=402758"}],"wp:term":[{"taxonomy":"category","embeddable":true,"href":"https:\/\/www.hashtag.al\/index.php\/wp-json\/wp\/v2\/categories?post=402758"},{"taxonomy":"post_tag","embeddable":true,"href":"https:\/\/www.hashtag.al\/index.php\/wp-json\/wp\/v2\/tags?post=402758"}],"curies":[{"name":"wp","href":"https:\/\/api.w.org\/{rel}","templated":true}]}}