{"id":402746,"date":"2020-09-30T11:03:06","date_gmt":"2020-09-30T09:03:06","guid":{"rendered":"https:\/\/hashtag.al\/?p=402746"},"modified":"2020-09-30T11:06:09","modified_gmt":"2020-09-30T09:06:09","slug":"budina-e-dha-shfaqjen-ne-presidence-pas-mosperfilljes-nga-rama-meta-nxjerr-pamjet","status":"publish","type":"post","link":"https:\/\/www.hashtag.al\/index.php\/2020\/09\/30\/budina-e-dha-shfaqjen-ne-presidence-pas-mosperfilljes-nga-rama-meta-nxjerr-pamjet\/","title":{"rendered":"Budina e dha shfaqjen n\u00eb Presidenc\u00eb pas mosp\u00ebrfilljes nga Rama, Meta nxjerr pamjet","gt_translate_keys":[{"key":"rendered","format":"text"}]},"content":{"rendered":"<p><span style=\"color: #000000;\"><a href=\"https:\/\/hashtag.al\/wp-content\/uploads\/2020\/09\/Budina.jpg\"><img loading=\"lazy\" decoding=\"async\" class=\"aligncenter size-full wp-image-402749\" src=\"https:\/\/hashtag.al\/wp-content\/uploads\/2020\/09\/Budina.jpg\" alt=\"\" width=\"1280\" height=\"853\" srcset=\"https:\/\/www.hashtag.al\/wp-content\/uploads\/2020\/09\/Budina.jpg 1280w, https:\/\/www.hashtag.al\/wp-content\/uploads\/2020\/09\/Budina-300x200.jpg 300w, https:\/\/www.hashtag.al\/wp-content\/uploads\/2020\/09\/Budina-768x512.jpg 768w, https:\/\/www.hashtag.al\/wp-content\/uploads\/2020\/09\/Budina-1024x682.jpg 1024w\" sizes=\"auto, (max-width: 1280px) 100vw, 1280px\" \/><\/a><\/span><\/p>\n<p><span style=\"color: #000000;\">Pasi kryeministri nuk i dha leje, Edmond Budina e vuri n\u00eb sken\u00eb monodram\u00ebn e tij \u201cProfeti i kokoshkave\u201d, ne\u0308 Presidence\u0308.<\/span><\/p>\n<p><span style=\"color: #000000;\">Kate\u0308r muaj pas shembjes se\u0308 Teatrit, regjisori Budina i k\u00ebrkoi kryeministrit t\u00eb jepte nj\u00eb shfaqje ne\u0308 truallin e Teatrit te\u0308 Shembur.<\/span><\/p>\n<p><span style=\"color: #000000;\">Por pasi k\u00ebrkesa iu refuzua, ishte Presidenca ajo q\u00eb hapi dyert p\u00ebr regjisorin dhe aktorin e njohur.<\/span><\/p>\n<p><span style=\"color: #000000;\"><em>\u201cNe ke\u0308rkuam ta jepnim shfaqjen ne\u0308 sheshin e Teatrit Kombe\u0308tar. Ke\u0308rkova leje, meqe\u0308 ata jane\u0308 zote\u0308r te\u0308 ke\u0308tij vendi. C\u0327dokush qe\u0308 mendon se une\u0308 be\u0308ra nje\u0308 gjest paqtues me Kryeministrin, duke i ke\u0308rkuar leje, gabohet,.. sepse une\u0308 e dija qe\u0308 ai nuk do ta jepte ke\u0308te\u0308 pe\u0308rgjigje, por doja te\u0308 dilte ne\u0308 pah meraku i tij pe\u0308r artin. Ndaj, ke\u0308rkova nje\u0308 vend tjete\u0308r pe\u0308r shfaqjen, nje\u0308 vend qe\u0308 te\u0308 jete\u0308 i lire\u0308, i pazaptuar nga PPP-te\u0308, i pazaptuar nga ky sekt qe\u0308 ka okupuar gjithc\u0327ka dhe pa ke\u0308rkuar leje prej tyre. Dhe i vetmi vend publik qe\u0308 e\u0308shte\u0308 i lire\u0308 ne\u0308 Tirane\u0308, e\u0308shte\u0308 Presidenca e Republike\u0308s\u201d<\/em> \u2013 tha Budina.<\/span><\/p>\n<p><a href=\"https:\/\/hashtag.al\/wp-content\/uploads\/2020\/09\/eB.jpg\"><img loading=\"lazy\" decoding=\"async\" class=\"aligncenter size-full wp-image-402750\" src=\"https:\/\/hashtag.al\/wp-content\/uploads\/2020\/09\/eB.jpg\" alt=\"\" width=\"1280\" height=\"853\" srcset=\"https:\/\/www.hashtag.al\/wp-content\/uploads\/2020\/09\/eB.jpg 1280w, https:\/\/www.hashtag.al\/wp-content\/uploads\/2020\/09\/eB-300x200.jpg 300w, https:\/\/www.hashtag.al\/wp-content\/uploads\/2020\/09\/eB-768x512.jpg 768w, https:\/\/www.hashtag.al\/wp-content\/uploads\/2020\/09\/eB-1024x682.jpg 1024w\" sizes=\"auto, (max-width: 1280px) 100vw, 1280px\" \/><\/a><\/p>\n<p><span style=\"color: #000000;\">Lidhur me shfaqjen, Budina ka shpjeguar: <em>\u201cKjo nuk e\u0308shte\u0308 nje\u0308 shfaqje kunde\u0308r dikujt, e\u0308shte\u0308 nje\u0308 monodrame\u0308 satire\u0308. \u201cProfeti i kokoshkave\u201d, e\u0308sht\u00eb nje\u0308 njeri delirant, i mbyllur ne\u0308 bunkerin e tij qe\u0308 e\u0308shte\u0308 i mbuluar me letra higjienike\u201d.<\/em><\/span><br \/>\n<em><span style=\"color: #000000;\">Presidenti i vendit Ilir Meta, n\u00eb nj\u00eb mesazh n\u00eb rrjetet sociale ka komentuar sot shfaqjen e Budin\u00ebs, duke th\u00ebn\u00eb se \u201ct\u00eb protestosh me art ka qen\u00eb forma q\u00eb ai ka zgjedhur\u201d.<\/span><\/em><\/p>\n<p><a href=\"https:\/\/hashtag.al\/wp-content\/uploads\/2020\/09\/eB.jpg\"><img loading=\"lazy\" decoding=\"async\" class=\"aligncenter size-full wp-image-402750\" src=\"https:\/\/hashtag.al\/wp-content\/uploads\/2020\/09\/eB.jpg\" alt=\"\" width=\"1280\" height=\"853\" srcset=\"https:\/\/www.hashtag.al\/wp-content\/uploads\/2020\/09\/eB.jpg 1280w, https:\/\/www.hashtag.al\/wp-content\/uploads\/2020\/09\/eB-300x200.jpg 300w, https:\/\/www.hashtag.al\/wp-content\/uploads\/2020\/09\/eB-768x512.jpg 768w, https:\/\/www.hashtag.al\/wp-content\/uploads\/2020\/09\/eB-1024x682.jpg 1024w\" sizes=\"auto, (max-width: 1280px) 100vw, 1280px\" \/><\/a><\/p>\n<p><span style=\"color: #000000;\">Meta deklaroi se institucioni i Presidenc\u00ebs do t\u2019i ket\u00eb gjithmon\u00eb dyert e hapura, duke e konsideruar si nj\u00eb k\u00ebshtjell\u00eb t\u00eb pamposhtur t\u00eb liris\u00eb, t\u00eb drejtave t\u00eb njeriut e demokracis\u00eb.<\/span><\/p>\n<p><em><span style=\"color: #000000;\">\u201cNj\u00eb mbr\u00ebmje artistike e paharruar dje n\u00eb Presidenc\u00eb, ku pat\u00ebm k\u00ebnaq\u00ebsin\u00eb e ve\u00e7ant\u00eb t\u00eb ndiqnim premier\u00ebn e monodram\u00ebs satirike \u201cProfeti i Kokoshkave\u201d t\u00eb artistit ton\u00eb t\u00eb shquar dhe regjisorit t\u00eb mir\u00ebnjohur, Edmond Budina.<\/span><\/em><br \/>\n<span style=\"color: #000000;\"><em>Shum\u00eb i lumtur q\u00eb kjo shfaqje e jasht\u00ebzakonshme teatrale, e lindur si shenj\u00eb proteste kund\u00ebr shkat\u00ebrrimit brutal dhe kriminal t\u00eb Teatrit Komb\u00ebtar, mblodhi me dhjet\u00ebra artist\u00eb, profesor\u00eb, diplomat\u00eb, politikan\u00eb e gazetar\u00eb q\u00eb gjithmon\u00eb do t\u2019i ken\u00eb dyert e hapura n\u00eb k\u00ebt\u00eb institucion, k\u00ebshtjell\u00eb t\u00eb pamposhtur t\u00eb liris\u00eb, t\u00eb drejtave t\u00eb njeriut e demokracis\u00eb, por edhe t\u00eb mbrojtjes s\u00eb artit dhe trash\u00ebgimis\u00eb kulturore komb\u00ebtare.\u201d<\/em>&#8211; thot\u00eb Meta.<\/span><\/p>\n<p><a href=\"https:\/\/hashtag.al\/wp-content\/uploads\/2020\/09\/ebudina.jpg\"><img loading=\"lazy\" decoding=\"async\" class=\"aligncenter size-full wp-image-402751\" src=\"https:\/\/hashtag.al\/wp-content\/uploads\/2020\/09\/ebudina.jpg\" alt=\"\" width=\"1280\" height=\"853\" srcset=\"https:\/\/www.hashtag.al\/wp-content\/uploads\/2020\/09\/ebudina.jpg 1280w, https:\/\/www.hashtag.al\/wp-content\/uploads\/2020\/09\/ebudina-300x200.jpg 300w, https:\/\/www.hashtag.al\/wp-content\/uploads\/2020\/09\/ebudina-768x512.jpg 768w, https:\/\/www.hashtag.al\/wp-content\/uploads\/2020\/09\/ebudina-1024x682.jpg 1024w\" sizes=\"auto, (max-width: 1280px) 100vw, 1280px\" \/><\/a><\/p>\n<p><span style=\"color: #000000;\">Presidenti ka cituar dhe Budin\u00ebn, duke th\u00ebn\u00eb se magjia e Teatrit q\u00ebndron tek fakti se gjithkush gjen sh\u00ebmb\u00ebltyr\u00ebn e nj\u00eb diktatori n\u00eb t\u00eb. Ai thot\u00eb se protesta \u00ebsht\u00eb qytetari.<\/span><\/p>\n<p><a href=\"https:\/\/hashtag.al\/wp-content\/uploads\/2020\/09\/bbudina.jpg\"><img loading=\"lazy\" decoding=\"async\" class=\"aligncenter size-full wp-image-402748\" src=\"https:\/\/hashtag.al\/wp-content\/uploads\/2020\/09\/bbudina.jpg\" alt=\"\" width=\"1280\" height=\"853\" srcset=\"https:\/\/www.hashtag.al\/wp-content\/uploads\/2020\/09\/bbudina.jpg 1280w, https:\/\/www.hashtag.al\/wp-content\/uploads\/2020\/09\/bbudina-300x200.jpg 300w, https:\/\/www.hashtag.al\/wp-content\/uploads\/2020\/09\/bbudina-768x512.jpg 768w, https:\/\/www.hashtag.al\/wp-content\/uploads\/2020\/09\/bbudina-1024x682.jpg 1024w\" sizes=\"auto, (max-width: 1280px) 100vw, 1280px\" \/><\/a><\/p>\n<p><em><span style=\"color: #000000;\"><a href=\"https:\/\/hashtag.al\/wp-content\/uploads\/2020\/09\/Meta-shfaqja.jpg\"><img loading=\"lazy\" decoding=\"async\" class=\"aligncenter size-full wp-image-402752\" src=\"https:\/\/hashtag.al\/wp-content\/uploads\/2020\/09\/Meta-shfaqja.jpg\" alt=\"\" width=\"1280\" height=\"853\" srcset=\"https:\/\/www.hashtag.al\/wp-content\/uploads\/2020\/09\/Meta-shfaqja.jpg 1280w, https:\/\/www.hashtag.al\/wp-content\/uploads\/2020\/09\/Meta-shfaqja-300x200.jpg 300w, https:\/\/www.hashtag.al\/wp-content\/uploads\/2020\/09\/Meta-shfaqja-768x512.jpg 768w, https:\/\/www.hashtag.al\/wp-content\/uploads\/2020\/09\/Meta-shfaqja-1024x682.jpg 1024w\" sizes=\"auto, (max-width: 1280px) 100vw, 1280px\" \/><\/a>&#8220;Profeti i Kokoshkave\u2019 \u00ebsht\u00eb nj\u00eb shfaqje kund\u00ebr dhun\u00ebs n\u00eb p\u00ebrgjith\u00ebsi dhe dhun\u00ebs s\u00eb pushtetit n\u00eb ve\u00e7anti, e frym\u00ebzuar nga protesta disa vje\u00e7are dhe kauza mbar\u00ebkomb\u00ebtare p\u00ebr mbrojtjen e Teatrit Komb\u00ebtar, e kthyer tashm\u00eb edhe n\u00eb \u00e7\u00ebshtje europiane.<\/span><\/em><br \/>\n<em><span style=\"color: #000000;\">Bashk\u00ebndaj plot\u00ebsisht t\u00eb nj\u00ebjtin q\u00ebndrim me artistin ton\u00eb t\u00eb mir\u00ebnjohur Edmond Budina se:<\/span><\/em><br \/>\n<em><span style=\"color: #000000;\">\u2018Magjia e teatrit, q\u00ebndron edhe n\u00eb at\u00eb, q\u00eb gjithkush gjen sh\u00ebmb\u00eblltyr\u00ebn e x-deliranti, pretendent \u2013 diktatori apo diktatori. Dhuna dhe prepotenca e pushtetit, pavar\u00ebsisht ngjyr\u00ebs, mbeten t\u00eb patolerueshme, sado t\u00eb p\u00ebrpiqesh t\u2019i vesh\u00ebsh me petkun e \u00ebnd\u00ebrrt t\u00eb demokracis\u00eb.<\/span><\/em><br \/>\n<em><span style=\"color: #000000;\">T\u00eb protestosht me art, kjo \u00ebsht\u00eb forma, q\u00eb un\u00eb kam zgjedhur. Por ju mos harroni: PROTESTA \u00cbSHT\u00cb QYTETARI!<\/span><\/em><br \/>\n<span style=\"color: #000000;\"><em>MOS HARRONI T\u00cb PROTESTONI P\u00cbR T\u00cb DREJTAT TUAJA!\u201d<\/em> &#8211; shkruan Meta, i cili publikon dhe pamje nga shfaqja e Budin\u00ebs.<\/span><\/p>\n<div style=\"width: 636px;\" class=\"wp-video\"><video class=\"wp-video-shortcode\" id=\"video-402746-1\" width=\"636\" height=\"360\" preload=\"metadata\" controls=\"controls\"><source type=\"video\/mp4\" src=\"https:\/\/hashtag.al\/wp-content\/uploads\/2020\/09\/videoplayback-2.mp4?_=1\" \/><a href=\"https:\/\/hashtag.al\/wp-content\/uploads\/2020\/09\/videoplayback-2.mp4\">https:\/\/hashtag.al\/wp-content\/uploads\/2020\/09\/videoplayback-2.mp4<\/a><\/video><\/div>\n<p>&nbsp;<\/p>\n","protected":false,"gt_translate_keys":[{"key":"rendered","format":"html"}]},"excerpt":{"rendered":"<p>Pasi kryeministri nuk i dha leje, Edmond Budina e vuri n\u00eb sken\u00eb monodram\u00ebn e tij \u201cProfeti i kokoshkave\u201d, ne\u0308 Presidence\u0308. Kate\u0308r muaj pas shembjes se\u0308 Teatrit, regjisori Budina i k\u00ebrkoi kryeministrit t\u00eb jepte nj\u00eb shfaqje ne\u0308 truallin e Teatrit te\u0308 Shembur. Por pasi k\u00ebrkesa iu refuzua, ishte Presidenca ajo q\u00eb hapi dyert p\u00ebr regjisorin dhe [&hellip;]<\/p>\n","protected":false,"gt_translate_keys":[{"key":"rendered","format":"html"}]},"author":30,"featured_media":402749,"comment_status":"open","ping_status":"open","sticky":false,"template":"","format":"standard","meta":{"footnotes":""},"categories":[65,13],"tags":[],"class_list":["post-402746","post","type-post","status-publish","format-standard","has-post-thumbnail","hentry","category-lajme","category-te-fundit"],"gt_translate_keys":[{"key":"link","format":"url"}],"_links":{"self":[{"href":"https:\/\/www.hashtag.al\/index.php\/wp-json\/wp\/v2\/posts\/402746","targetHints":{"allow":["GET"]}}],"collection":[{"href":"https:\/\/www.hashtag.al\/index.php\/wp-json\/wp\/v2\/posts"}],"about":[{"href":"https:\/\/www.hashtag.al\/index.php\/wp-json\/wp\/v2\/types\/post"}],"author":[{"embeddable":true,"href":"https:\/\/www.hashtag.al\/index.php\/wp-json\/wp\/v2\/users\/30"}],"replies":[{"embeddable":true,"href":"https:\/\/www.hashtag.al\/index.php\/wp-json\/wp\/v2\/comments?post=402746"}],"version-history":[{"count":0,"href":"https:\/\/www.hashtag.al\/index.php\/wp-json\/wp\/v2\/posts\/402746\/revisions"}],"wp:featuredmedia":[{"embeddable":true,"href":"https:\/\/www.hashtag.al\/index.php\/wp-json\/wp\/v2\/media\/402749"}],"wp:attachment":[{"href":"https:\/\/www.hashtag.al\/index.php\/wp-json\/wp\/v2\/media?parent=402746"}],"wp:term":[{"taxonomy":"category","embeddable":true,"href":"https:\/\/www.hashtag.al\/index.php\/wp-json\/wp\/v2\/categories?post=402746"},{"taxonomy":"post_tag","embeddable":true,"href":"https:\/\/www.hashtag.al\/index.php\/wp-json\/wp\/v2\/tags?post=402746"}],"curies":[{"name":"wp","href":"https:\/\/api.w.org\/{rel}","templated":true}]}}