{"id":402521,"date":"2020-09-29T10:17:46","date_gmt":"2020-09-29T08:17:46","guid":{"rendered":"https:\/\/hashtag.al\/?p=402521"},"modified":"2020-09-29T10:18:57","modified_gmt":"2020-09-29T08:18:57","slug":"shkodra-voton-sot-per-kandidatet-per-deputete-pd-zbulon-emrat","status":"publish","type":"post","link":"https:\/\/www.hashtag.al\/index.php\/2020\/09\/29\/shkodra-voton-sot-per-kandidatet-per-deputete-pd-zbulon-emrat\/","title":{"rendered":"Shkodra voton sot p\u00ebr kandidat\u00ebt p\u00ebr deputet\u00eb, PD zbulon emrat","gt_translate_keys":[{"key":"rendered","format":"text"}]},"content":{"rendered":"<p><a href=\"https:\/\/hashtag.al\/wp-content\/uploads\/2020\/08\/Basha-PD.jpg\"><img loading=\"lazy\" decoding=\"async\" class=\"aligncenter size-full wp-image-391516\" src=\"https:\/\/hashtag.al\/wp-content\/uploads\/2020\/08\/Basha-PD.jpg\" alt=\"\" width=\"2048\" height=\"1365\" srcset=\"https:\/\/www.hashtag.al\/wp-content\/uploads\/2020\/08\/Basha-PD.jpg 2048w, https:\/\/www.hashtag.al\/wp-content\/uploads\/2020\/08\/Basha-PD-300x200.jpg 300w, https:\/\/www.hashtag.al\/wp-content\/uploads\/2020\/08\/Basha-PD-768x512.jpg 768w, https:\/\/www.hashtag.al\/wp-content\/uploads\/2020\/08\/Basha-PD-1024x683.jpg 1024w\" sizes=\"auto, (max-width: 2048px) 100vw, 2048px\" \/><\/a><\/p>\n<p><span style=\"color: #000000;\">T\u00eb m\u00ebrkur\u00ebn e kan\u00eb radh\u00ebn demokrat\u00ebt e Qarkut t\u00eb Shkodr\u00ebs t\u00eb votojn\u00eb p\u00ebr kandidat\u00ebt e propozuar nga an\u00ebtar\u00ebsia, t\u00eb cil\u00ebt kan\u00eb kaluar filtrin paraprak t\u00eb verifikimit nga Komisioni i Vler\u00ebsimit t\u00eb Kandidat\u00ebve. <\/span><\/p>\n<p><span style=\"color: #000000;\">Si\u00e7 b\u00ebn me dije PD, qarku i Shkodr\u00ebs me 11 mandate, ka nj\u00eb num\u00ebr t\u00eb madh kandidat\u00ebsh potencial\u00eb p\u00ebr deputet\u00eb pasi jan\u00eb 39 individualitete q\u00eb synojn\u00eb t\u00eb p\u00ebrfaq\u00ebsojn\u00eb partin\u00eb n\u00eb zgjedhje. <\/span><\/p>\n<p><span style=\"color: #000000;\">Pas p\u00ebrfundimit t\u00eb procesit t\u00eb konsultimit me an\u00ebtar\u00ebsin\u00eb, kandidat\u00ebt e konfirmuar i n\u00ebnshtrohen vler\u00ebsimit p\u00ebrfundimtar t\u00eb Komisionit n\u00eb faz\u00ebn e tret\u00eb. <\/span><\/p>\n<p><span style=\"color: #000000;\">An\u00ebtar\u00ebt e komisionit votojn\u00eb bazuar, kryesisht, n\u00eb vler\u00ebsimin e performanc\u00ebs politike t\u00eb kandidatit dhe mund\u00ebsin\u00eb e maksimalizimit t\u00eb vot\u00ebs. Pas k\u00ebtij vler\u00ebsimi p\u00ebrfundimtar, lista me kandidat\u00ebt q\u00eb kalojn\u00eb faz\u00ebn e tret\u00eb i dor\u00ebzohet p\u00ebr vendimmarje finale Kryesis\u00eb s\u00eb Partis\u00eb Demokratike. <\/span><\/p>\n<p><span style=\"color: #000000;\">Deri m\u00eb tani, votimi i konsultimit t\u00eb an\u00ebtar\u00ebsis\u00eb ka p\u00ebrfunduar n\u00eb Qarkun e Kuk\u00ebsit, Dibr\u00ebs, Gjirokastr\u00ebs dhe Beratit. <\/span><\/p>\n<p><span style=\"color: #000000;\"><strong>Kandidat\u00ebt n\u00eb qarkun e Shkodr\u00ebs<\/strong><\/span><\/p>\n<p><span style=\"color: #000000;\"><strong>Dega Shkod\u00ebr<\/strong><\/span><br \/>\n<span style=\"color: #000000;\">1.ARBEN GJURAJ<\/span><br \/>\n<span style=\"color: #000000;\">2.ARTAN HAXHI<\/span><br \/>\n<span style=\"color: #000000;\">3.BARDH SPAHIA<\/span><br \/>\n<span style=\"color: #000000;\">4.BASHKIM RROJI<\/span><br \/>\n<span style=\"color: #000000;\">5.BENARDETA SYKU<\/span><br \/>\n<span style=\"color: #000000;\">6.BLENDI GJYLBEGAJ<\/span><br \/>\n<span style=\"color: #000000;\">7.EMILJANO PJETRI<\/span><br \/>\n<span style=\"color: #000000;\">8.FLORIAN BJANKU<\/span><br \/>\n<span style=\"color: #000000;\">9.GRETA BARDELI<\/span><br \/>\n<span style=\"color: #000000;\">1.HELGA SALLAKU<\/span><br \/>\n<span style=\"color: #000000;\">11.HELIDON BUSHATI<\/span><br \/>\n<span style=\"color: #000000;\">12.IMELDI SOKOLI<\/span><br \/>\n<span style=\"color: #000000;\">13.IZMIRA ULQINAKU<\/span><br \/>\n<span style=\"color: #000000;\">14.LEDINA MANDIJA<\/span><br \/>\n<span style=\"color: #000000;\">15.LORENC LUKA<\/span><br \/>\n<span style=\"color: #000000;\">16.MARK RUPA<\/span><br \/>\n<span style=\"color: #000000;\">17. NDOC ASHTA<\/span><br \/>\n<span style=\"color: #000000;\">18.NESTI KIRI<\/span><br \/>\n<span style=\"color: #000000;\">19.NEVILA BUSHATI<\/span><\/p>\n<p><span style=\"color: #000000;\">20.RAMIZ \u00c7OBAJ<\/span><br \/>\n<span style=\"color: #000000;\">21. ROMEO GURAKUQI<\/span><br \/>\n<span style=\"color: #000000;\">22.VOLTANA ADEMI<\/span><br \/>\n<span style=\"color: #000000;\">23.XHEMAL BUSHATI<\/span><\/p>\n<p><span style=\"color: #000000;\"><strong>Dega Vau i Dej\u00ebs<\/strong><\/span><br \/>\n<span style=\"color: #000000;\">1. GJOK ULDEDAJ<\/span><br \/>\n<span style=\"color: #000000;\">2. MARIN TUKAJ<\/span><br \/>\n<span style=\"color: #000000;\">3. PJETER LLESHI<\/span><br \/>\n<span style=\"color: #000000;\">4. ZEF HILA<\/span><\/p>\n<p><span style=\"color: #000000;\"><strong>Dega Mal\u00ebsi e Madhe<\/strong><\/span><br \/>\n<span style=\"color: #000000;\">1. ALDO GEGA<\/span><br \/>\n<span style=\"color: #000000;\">2. AUREL MARKAJ<\/span><br \/>\n<span style=\"color: #000000;\">3. ERMIRA COBAJ<\/span><br \/>\n<span style=\"color: #000000;\">4. FATBARDH ZEKAJ<\/span><br \/>\n<span style=\"color: #000000;\">5. RAMADAN LIKA<\/span><\/p>\n<p><span style=\"color: #000000;\"><strong>Dega Puk\u00eb<\/strong><\/span><br \/>\n<span style=\"color: #000000;\">1. ANTONETA ZAJA<\/span><br \/>\n<span style=\"color: #000000;\">2. GEZIM VATA<\/span><br \/>\n<span style=\"color: #000000;\">3. HIL KOLA<\/span><br \/>\n<span style=\"color: #000000;\">4. LODOVIK HASANI<\/span><br \/>\n<span style=\"color: #000000;\">5. NDOC FASLIA<\/span><br \/>\n<span style=\"color: #000000;\">6. PREL GJONI<\/span><br \/>\n<span style=\"color: #000000;\">7. RROK DODA<\/span><\/p>\n","protected":false,"gt_translate_keys":[{"key":"rendered","format":"html"}]},"excerpt":{"rendered":"<p>T\u00eb m\u00ebrkur\u00ebn e kan\u00eb radh\u00ebn demokrat\u00ebt e Qarkut t\u00eb Shkodr\u00ebs t\u00eb votojn\u00eb p\u00ebr kandidat\u00ebt e propozuar nga an\u00ebtar\u00ebsia, t\u00eb cil\u00ebt kan\u00eb kaluar filtrin paraprak t\u00eb verifikimit nga Komisioni i Vler\u00ebsimit t\u00eb Kandidat\u00ebve. Si\u00e7 b\u00ebn me dije PD, qarku i Shkodr\u00ebs me 11 mandate, ka nj\u00eb num\u00ebr t\u00eb madh kandidat\u00ebsh potencial\u00eb p\u00ebr deputet\u00eb pasi jan\u00eb 39 [&hellip;]<\/p>\n","protected":false,"gt_translate_keys":[{"key":"rendered","format":"html"}]},"author":30,"featured_media":391516,"comment_status":"open","ping_status":"open","sticky":false,"template":"","format":"standard","meta":{"footnotes":""},"categories":[65,13],"tags":[],"class_list":["post-402521","post","type-post","status-publish","format-standard","has-post-thumbnail","hentry","category-lajme","category-te-fundit"],"gt_translate_keys":[{"key":"link","format":"url"}],"_links":{"self":[{"href":"https:\/\/www.hashtag.al\/index.php\/wp-json\/wp\/v2\/posts\/402521","targetHints":{"allow":["GET"]}}],"collection":[{"href":"https:\/\/www.hashtag.al\/index.php\/wp-json\/wp\/v2\/posts"}],"about":[{"href":"https:\/\/www.hashtag.al\/index.php\/wp-json\/wp\/v2\/types\/post"}],"author":[{"embeddable":true,"href":"https:\/\/www.hashtag.al\/index.php\/wp-json\/wp\/v2\/users\/30"}],"replies":[{"embeddable":true,"href":"https:\/\/www.hashtag.al\/index.php\/wp-json\/wp\/v2\/comments?post=402521"}],"version-history":[{"count":0,"href":"https:\/\/www.hashtag.al\/index.php\/wp-json\/wp\/v2\/posts\/402521\/revisions"}],"wp:featuredmedia":[{"embeddable":true,"href":"https:\/\/www.hashtag.al\/index.php\/wp-json\/wp\/v2\/media\/391516"}],"wp:attachment":[{"href":"https:\/\/www.hashtag.al\/index.php\/wp-json\/wp\/v2\/media?parent=402521"}],"wp:term":[{"taxonomy":"category","embeddable":true,"href":"https:\/\/www.hashtag.al\/index.php\/wp-json\/wp\/v2\/categories?post=402521"},{"taxonomy":"post_tag","embeddable":true,"href":"https:\/\/www.hashtag.al\/index.php\/wp-json\/wp\/v2\/tags?post=402521"}],"curies":[{"name":"wp","href":"https:\/\/api.w.org\/{rel}","templated":true}]}}