{"id":402155,"date":"2020-09-27T15:14:57","date_gmt":"2020-09-27T13:14:57","guid":{"rendered":"https:\/\/hashtag.al\/?p=402155"},"modified":"2020-09-27T15:16:39","modified_gmt":"2020-09-27T13:16:39","slug":"silvio-berlusconi-rezulton-perseri-pozitiv-me-koronavirus","status":"publish","type":"post","link":"https:\/\/www.hashtag.al\/index.php\/2020\/09\/27\/silvio-berlusconi-rezulton-perseri-pozitiv-me-koronavirus\/","title":{"rendered":"Silvio Berlusconi rezulton p\u00ebrs\u00ebri pozitiv me koronavirus","gt_translate_keys":[{"key":"rendered","format":"text"}]},"content":{"rendered":"<p><span style=\"color: #000000;\"><a href=\"https:\/\/hashtag.al\/wp-content\/uploads\/2020\/09\/Berlusconi-1.jpg\"><img loading=\"lazy\" decoding=\"async\" class=\"aligncenter size-full wp-image-402157\" src=\"https:\/\/hashtag.al\/wp-content\/uploads\/2020\/09\/Berlusconi-1.jpg\" alt=\"\" width=\"764\" height=\"508\" srcset=\"https:\/\/www.hashtag.al\/wp-content\/uploads\/2020\/09\/Berlusconi-1.jpg 764w, https:\/\/www.hashtag.al\/wp-content\/uploads\/2020\/09\/Berlusconi-1-300x199.jpg 300w\" sizes=\"auto, (max-width: 764px) 100vw, 764px\" \/><\/a><\/span><\/p>\n<p><span style=\"color: #000000;\">Ka kaluar gati nj\u00eb muaj q\u00eb kur ish-kryeministri Silvio Berlusconi doli pozitiv n\u00eb testin p\u00ebr koronavirusin. Dhe sot, ai ka rezultuar p\u00ebrs\u00ebri pozitiv. <\/span><\/p>\n<p><span style=\"color: #000000;\"><span style=\"color: #0000ff;\"><a style=\"color: #0000ff;\" href=\"https:\/\/www.ilmeteo.it\/notizie\/coronavirus-berlusconi-ancora-positivo-e-fa-una-strana-richiesta-ecco-di-cosa-si-tratta-081343\">Mediat<\/a> <\/span>italiane shkruajn\u00eb se ngarkesa virale \u00ebsht\u00eb prap\u00eb e lart\u00eb tek lideri i Forza Italia, i cili \u00ebsht\u00eb ndjekur vazhdimisht nga mjeku i tij personal, Dr. Alberto Zangrillo.<\/span><\/p>\n<p><span style=\"color: #000000;\">Ai mbetet i izoluar n\u00eb vil\u00ebn e tij n\u00eb Arcore, pa takuar ask\u00ebnd p\u00ebrve\u00e7 partneres s\u00eb tij, Marta Fascina.<\/span><\/p>\n","protected":false,"gt_translate_keys":[{"key":"rendered","format":"html"}]},"excerpt":{"rendered":"<p>Ka kaluar gati nj\u00eb muaj q\u00eb kur ish-kryeministri Silvio Berlusconi doli pozitiv n\u00eb testin p\u00ebr koronavirusin. Dhe sot, ai ka rezultuar p\u00ebrs\u00ebri pozitiv. Mediat italiane shkruajn\u00eb se ngarkesa virale \u00ebsht\u00eb prap\u00eb e lart\u00eb tek lideri i Forza Italia, i cili \u00ebsht\u00eb ndjekur vazhdimisht nga mjeku i tij personal, Dr. Alberto Zangrillo. Ai mbetet i izoluar [&hellip;]<\/p>\n","protected":false,"gt_translate_keys":[{"key":"rendered","format":"html"}]},"author":30,"featured_media":402157,"comment_status":"open","ping_status":"open","sticky":false,"template":"","format":"standard","meta":{"footnotes":""},"categories":[6],"tags":[],"class_list":["post-402155","post","type-post","status-publish","format-standard","has-post-thumbnail","hentry","category-nderkombetare"],"gt_translate_keys":[{"key":"link","format":"url"}],"_links":{"self":[{"href":"https:\/\/www.hashtag.al\/index.php\/wp-json\/wp\/v2\/posts\/402155","targetHints":{"allow":["GET"]}}],"collection":[{"href":"https:\/\/www.hashtag.al\/index.php\/wp-json\/wp\/v2\/posts"}],"about":[{"href":"https:\/\/www.hashtag.al\/index.php\/wp-json\/wp\/v2\/types\/post"}],"author":[{"embeddable":true,"href":"https:\/\/www.hashtag.al\/index.php\/wp-json\/wp\/v2\/users\/30"}],"replies":[{"embeddable":true,"href":"https:\/\/www.hashtag.al\/index.php\/wp-json\/wp\/v2\/comments?post=402155"}],"version-history":[{"count":0,"href":"https:\/\/www.hashtag.al\/index.php\/wp-json\/wp\/v2\/posts\/402155\/revisions"}],"wp:featuredmedia":[{"embeddable":true,"href":"https:\/\/www.hashtag.al\/index.php\/wp-json\/wp\/v2\/media\/402157"}],"wp:attachment":[{"href":"https:\/\/www.hashtag.al\/index.php\/wp-json\/wp\/v2\/media?parent=402155"}],"wp:term":[{"taxonomy":"category","embeddable":true,"href":"https:\/\/www.hashtag.al\/index.php\/wp-json\/wp\/v2\/categories?post=402155"},{"taxonomy":"post_tag","embeddable":true,"href":"https:\/\/www.hashtag.al\/index.php\/wp-json\/wp\/v2\/tags?post=402155"}],"curies":[{"name":"wp","href":"https:\/\/api.w.org\/{rel}","templated":true}]}}