{"id":402141,"date":"2020-09-27T14:16:13","date_gmt":"2020-09-27T12:16:13","guid":{"rendered":"https:\/\/hashtag.al\/?p=402141"},"modified":"2020-09-27T14:43:16","modified_gmt":"2020-09-27T12:43:16","slug":"ministrja-manastirliu-nga-1-tetori-hapen-bar-kafet-restorantet-dhe-pishinat-ne-ambientet-e-mbyllura","status":"publish","type":"post","link":"https:\/\/www.hashtag.al\/index.php\/2020\/09\/27\/ministrja-manastirliu-nga-1-tetori-hapen-bar-kafet-restorantet-dhe-pishinat-ne-ambientet-e-mbyllura\/","title":{"rendered":"Ministrja Manastirliu: Nga 1 tetori hapen bar-kafet, restorantet dhe pishinat n\u00eb ambientet e mbyllura","gt_translate_keys":[{"key":"rendered","format":"text"}]},"content":{"rendered":"<p><span style=\"color: #000000;\"><a style=\"color: #000000;\" href=\"https:\/\/hashtag.al\/wp-content\/uploads\/2020\/09\/Ogerta.png\"><img loading=\"lazy\" decoding=\"async\" class=\"aligncenter size-full wp-image-402142\" src=\"https:\/\/hashtag.al\/wp-content\/uploads\/2020\/09\/Ogerta.png\" alt=\"\" width=\"710\" height=\"450\" srcset=\"https:\/\/www.hashtag.al\/wp-content\/uploads\/2020\/09\/Ogerta.png 710w, https:\/\/www.hashtag.al\/wp-content\/uploads\/2020\/09\/Ogerta-300x190.png 300w\" sizes=\"auto, (max-width: 710px) 100vw, 710px\" \/><\/a><\/span><\/p>\n<p><span style=\"color: #000000;\">Duke filluar nga 1 tetori do rihapen bar-kafet\u00eb, restorantet dhe pishinat n\u00eb ambiente t\u00eb mbyllura.<\/span><\/p>\n<p><span style=\"color: #000000;\">Ministrja e Sh\u00ebndet\u00ebsis\u00eb Ogerta Manastirliu, tha se Komiteti Teknik i Ekspert\u00ebve ka miratuar protokollet e siguris\u00eb p\u00ebr leht\u00ebsimin e k\u00ebtyre masave p\u00ebr muajt n\u00eb vijim.<\/span><\/p>\n<p><span style=\"color: #000000;\"><em>&#8220;N\u00eb vijim t\u00eb Paket\u00ebs s\u00eb Masave, Komiteti Teknik i Ekspert\u00ebve ka miratuar Protokollet e posatshme t\u00eb siguris\u00eb p\u00ebr rihapjen nga data 1 Tetor, t\u00eb restoranteve dhe bareve n\u00eb ambiente t\u00eb mbyllura si dhe t\u00eb pishinave n\u00eb ambiente t\u00eb mbyllura, ku distancimi fizik, higjiena dhe mbajtja e mask\u00ebs nga stafet q\u00eb sh\u00ebrbejn\u00eb \u00ebsht\u00eb e detyrueshme n\u00eb \u00e7do subjekt&#8221;<\/em>, b\u00ebn me dije Manastirliu.<\/span><\/p>\n<p><span style=\"color: #000000;\">Nd\u00ebrkoh\u00eb klubet e nat\u00ebs dhe diskot do t\u00eb vijojn\u00eb t\u00eb mbeten t\u00eb mbyllura.<\/span><\/p>\n<p><span style=\"color: #000000;\">Ajo theksoi se zbatimi i protokolleve t\u00eb siguris\u00eb \u00ebsht\u00eb kusht i panegociuesh\u00ebm ndaj k\u00ebrkoi bashk\u00ebpunimin e qytetar\u00ebve dhe biznesit.<\/span><\/p>\n<p><span style=\"color: #000000;\"><strong>DEKLARATA E MANASTIRLIUT<\/strong><\/span><\/p>\n<p><span style=\"color: #000000;\">Shqip\u00ebria hyn n\u00eb jav\u00ebn e 40 t\u00eb epidemis\u00eb s\u00eb Coronavirusit, nj\u00eb sfid\u00eb e v\u00ebshtir\u00eb me t\u00eb cil\u00ebn po p\u00ebrballemi prej shtat\u00eb muajsh.<\/span><br \/>\n<span style=\"color: #000000;\">Dua t\u00eb falenderoj nga zemra mjek\u00ebt, infermier\u00ebt, farmacist\u00ebt, ekipet e urgjenc\u00ebs, dhe gjith\u00eb stafi mb\u00ebshtet\u00ebs q\u00eb sh\u00ebrbejn\u00eb plot profesionaliz\u00ebm dhe p\u00ebrkushtim.<\/span><\/p>\n<p><span style=\"color: #000000;\">N\u00eb \u00e7do cep t\u00eb Shqip\u00ebris\u00eb, n\u00eb spitale dhe qendra sh\u00ebndet\u00ebsore. Po ashtu dua t\u00eb falenderoj p\u00ebr kujdesin e treguar n\u00eb zbatimin e protokolleve t\u00eb siguris\u00eb n\u00eb shkolla ne k\u00ebto dy jav\u00eb t\u00eb para t\u00eb fillimit t\u00eb vitit shkollor, stafet e institucioneve shkollore, m\u00ebsuesit dhe nx\u00ebn\u00ebsit por edhe t\u00eb gjith\u00eb prind\u00ebrit.<\/span><\/p>\n<p><span style=\"color: #000000;\">Nj\u00eb pun\u00eb e madhe \u00ebsht\u00eb b\u00ebr\u00eb n\u00eb terren nga koordinator\u00ebt e shkollave n\u00eb bashk\u00ebpunim me NJVKSH p\u00ebr t\u00eb identifikuar, testuar dhe izoluar n\u00eb koh\u00eb \u00e7do rast t\u00eb dyshuar, p\u00ebr t\u00eb ndjekur dhe trajtuar \u00e7do rast t\u00eb konfirmuar dhe p\u00ebr t\u00eb shmangur p\u00ebrhapjen e virusit n\u00eb institucionet arsimore dhe komunitet.<\/span><\/p>\n<p><span style=\"color: #000000;\">Rikujtojm\u00eb edhe nj\u00eb her\u00eb t\u00eb mos neglizhohet n\u00eb asnj\u00eb dit\u00eb, kujdesi ndaj masave t\u00eb higjen\u00ebs, mbajtja e mask\u00ebs, pasi periudha e vjesht\u00ebs k\u00ebrkon m\u00eb shum\u00eb angazhim nga t\u00eb gjitha pal\u00ebt.<\/span><\/p>\n<p><span style=\"color: #000000;\">T\u00eb dashur qytetar\u00eb, Gjat\u00eb k\u00ebtyre muajve t\u00eb luft\u00ebs son\u00eb t\u00eb p\u00ebrditshme me virusin, ne nuk i kemi ndalur p\u00ebr asnj\u00eb \u00e7ast p\u00ebrpjekjet tona, duke b\u00ebr\u00eb maksimumin e mund\u00ebsive p\u00ebr mbrojtjen e sh\u00ebndetit tuaj.<\/span><\/p>\n<p><span style=\"color: #000000;\">Kemi siguruar mjetet e mbrojtjes personale p\u00ebr stafet tona mjek\u00ebsore, furnizimet e nevojshme dhe medikamente n\u00eb spitalet Covid, kemi p\u00ebrgatitur p\u00ebr \u00e7do eventualitet, dyfishimin e kapaciteteve n\u00eb shtret\u00ebr duke p\u00ebrfshir\u00eb edhe spitalet rajonale, kemi shtuar testimet, gjurmimin dhe kemi fuqizuar ekipet e epidemiolog\u00ebve t\u00eb terrenit, p\u00ebr t\u00eb zbatuar sa m\u00eb me efikasitet strategjin\u00eb ton\u00eb t\u00eb kufizimit t\u00eb p\u00ebrhapjes s\u00eb koronavirusit.<\/span><\/p>\n<p><span style=\"color: #000000;\">N\u00eb vijim t\u00eb Paket\u00ebs s\u00eb Masave, Komiteti Teknik i Ekspert\u00ebve ka miratuar Protokollet e posatshme t\u00eb siguris\u00eb p\u00ebr rihapjen nga data 1 Tetor, t\u00eb restoranteve n\u00eb ambiente t\u00eb mbyllura, bar-kafeve dhe pishinave n\u00eb ambiente t\u00eb mbyllura, ku distancimi fizik, higjiena dhe mbajtja e mask\u00ebs nga stafet q\u00eb sh\u00ebrbejn\u00eb \u00ebsht\u00eb e detyrueshme n\u00eb \u00e7do subjekt.<\/span><\/p>\n<p><span style=\"color: #000000;\">Besoj t\u00eb gjith\u00eb biem dakort se respektimi i rregullave dhe protokolleve t\u00eb siguris\u00eb \u00ebsht\u00eb KUSHT I PANEGOCIUESH\u00cbM p\u00ebr t\u00eb vijuar pa nd\u00ebrpreje aktivitetet e biznesit dhe t\u00eb sh\u00ebrbimeve dhe q\u00eb ekonomia t\u00eb mos c\u00ebnohet nga kufizimet e detyruara p\u00ebr shkak t\u00eb ruajtjes s\u00eb sh\u00ebndetit publik.<\/span><\/p>\n<p><span style=\"color: #000000;\">Sjellim n\u00eb v\u00ebmendje se do t\u00eb vijojn\u00eb t\u00eb mbeten t\u00eb mbyllura sipas Aktit Normativ t\u00eb miratuar n\u00eb muajin Korrik, t\u00eb gjitha klubet e nat\u00ebs, lounge-bar, pub-e, diskot apo veprimtari t\u00eb k\u00ebtij lloji. Task-Forca e inspektimit t\u00eb protokolleve anticovid, Policia e Shtetit dhe policia bashkiake do t\u00eb inspektojn\u00eb zbatimin e masave dhe protokolleve duke nd\u00ebrmarr\u00eb masat sipas legjislacionit n\u00eb fuqi n\u00eb rast t\u00eb shkeljes s\u00eb protokolleve me q\u00ebllim mbrojtjen e sh\u00ebndetit tuaj. Gjat\u00eb k\u00ebtyre muajve kemi m\u00ebsuar sesi mund t\u00eb p\u00ebrballemi me k\u00ebt\u00eb virus. Mbi t\u00eb gjitha, m\u00ebsuam se n\u00ebse duam ta luftojm\u00eb k\u00ebt\u00eb virus duhet q\u00eb t\u00eb jemi t\u00eb bashkuar n\u00eb nj\u00eb front, autoritetet sh\u00ebndet\u00ebsore dhe qytetar\u00eb. N\u00ebse duam q\u00eb ne vet\u00eb, njer\u00ebzit tan\u00eb m\u00eb t\u00eb dashur, t\u00eb dalin t\u00eb pad\u00ebmtuar nga kjo luft\u00eb, duhet q\u00eb t\u00eb vazhdojm\u00eb t\u00eb zbatojm\u00eb me p\u00ebrgjegjshm\u00ebri rregullat e thjeshta t\u00eb distancimit social, higjen\u00ebs dhe mbajtjen e detyrueshme t\u00eb mask\u00ebs. N\u00ebse duam q\u00eb aktivitetet ekonomike t\u00eb mos pengohen, q\u00eb ekonomia t\u00eb ec\u00eb p\u00ebrpara, duhet t\u00eb marrim p\u00ebrgjegj\u00ebsin\u00eb q\u00eb na takon, duke nisur nga institucionet, biznesi dhe tek \u00e7do qytetar, duke v\u00ebn\u00eb sh\u00ebndetin t\u00eb parin!<\/span><\/p>\n","protected":false,"gt_translate_keys":[{"key":"rendered","format":"html"}]},"excerpt":{"rendered":"<p>Duke filluar nga 1 tetori do rihapen bar-kafet\u00eb, restorantet dhe pishinat n\u00eb ambiente t\u00eb mbyllura. Ministrja e Sh\u00ebndet\u00ebsis\u00eb Ogerta Manastirliu, tha se Komiteti Teknik i Ekspert\u00ebve ka miratuar protokollet e siguris\u00eb p\u00ebr leht\u00ebsimin e k\u00ebtyre masave p\u00ebr muajt n\u00eb vijim. &#8220;N\u00eb vijim t\u00eb Paket\u00ebs s\u00eb Masave, Komiteti Teknik i Ekspert\u00ebve ka miratuar Protokollet e posatshme [&hellip;]<\/p>\n","protected":false,"gt_translate_keys":[{"key":"rendered","format":"html"}]},"author":30,"featured_media":402142,"comment_status":"open","ping_status":"open","sticky":false,"template":"","format":"standard","meta":{"footnotes":""},"categories":[22,65,13],"tags":[],"class_list":["post-402141","post","type-post","status-publish","format-standard","has-post-thumbnail","hentry","category-ballina","category-lajme","category-te-fundit"],"gt_translate_keys":[{"key":"link","format":"url"}],"_links":{"self":[{"href":"https:\/\/www.hashtag.al\/index.php\/wp-json\/wp\/v2\/posts\/402141","targetHints":{"allow":["GET"]}}],"collection":[{"href":"https:\/\/www.hashtag.al\/index.php\/wp-json\/wp\/v2\/posts"}],"about":[{"href":"https:\/\/www.hashtag.al\/index.php\/wp-json\/wp\/v2\/types\/post"}],"author":[{"embeddable":true,"href":"https:\/\/www.hashtag.al\/index.php\/wp-json\/wp\/v2\/users\/30"}],"replies":[{"embeddable":true,"href":"https:\/\/www.hashtag.al\/index.php\/wp-json\/wp\/v2\/comments?post=402141"}],"version-history":[{"count":0,"href":"https:\/\/www.hashtag.al\/index.php\/wp-json\/wp\/v2\/posts\/402141\/revisions"}],"wp:featuredmedia":[{"embeddable":true,"href":"https:\/\/www.hashtag.al\/index.php\/wp-json\/wp\/v2\/media\/402142"}],"wp:attachment":[{"href":"https:\/\/www.hashtag.al\/index.php\/wp-json\/wp\/v2\/media?parent=402141"}],"wp:term":[{"taxonomy":"category","embeddable":true,"href":"https:\/\/www.hashtag.al\/index.php\/wp-json\/wp\/v2\/categories?post=402141"},{"taxonomy":"post_tag","embeddable":true,"href":"https:\/\/www.hashtag.al\/index.php\/wp-json\/wp\/v2\/tags?post=402141"}],"curies":[{"name":"wp","href":"https:\/\/api.w.org\/{rel}","templated":true}]}}