{"id":402045,"date":"2020-09-26T20:56:00","date_gmt":"2020-09-26T18:56:00","guid":{"rendered":"https:\/\/hashtag.al\/?p=402045"},"modified":"2020-09-26T20:56:00","modified_gmt":"2020-09-26T18:56:00","slug":"anetaret-e-pd-se-ne-diber-mat-dhe-bulqize-zgjedhin-kandidatet-e-preferuar-per-deputet","status":"publish","type":"post","link":"https:\/\/www.hashtag.al\/index.php\/2020\/09\/26\/anetaret-e-pd-se-ne-diber-mat-dhe-bulqize-zgjedhin-kandidatet-e-preferuar-per-deputet\/","title":{"rendered":"An\u00ebtar\u00ebt e PD-s\u00eb n\u00eb Dib\u00ebr, Mat dhe Bulqiz\u00eb zgjedhin kandidat\u00ebt e preferuar p\u00ebr deputet","gt_translate_keys":[{"key":"rendered","format":"text"}]},"content":{"rendered":"<p><img loading=\"lazy\" decoding=\"async\" class=\"aligncenter size-full wp-image-396131\" src=\"https:\/\/hashtag.al\/wp-content\/uploads\/2020\/08\/seliapd.jpg\" alt=\"\" width=\"1348\" height=\"681\" srcset=\"https:\/\/www.hashtag.al\/wp-content\/uploads\/2020\/08\/seliapd.jpg 1348w, https:\/\/www.hashtag.al\/wp-content\/uploads\/2020\/08\/seliapd-300x152.jpg 300w, https:\/\/www.hashtag.al\/wp-content\/uploads\/2020\/08\/seliapd-768x388.jpg 768w, https:\/\/www.hashtag.al\/wp-content\/uploads\/2020\/08\/seliapd-1024x517.jpg 1024w\" sizes=\"auto, (max-width: 1348px) 100vw, 1348px\" \/><\/p>\n<p><span style=\"color: #000000;\">An\u00ebtar\u00ebt e Partis\u00eb Demokratike n\u00eb Dib\u00ebr, Bulqiz\u00eb e Mat kan\u00eb p\u00ebrzgjedhur kandidat\u00ebt q\u00eb kalojn\u00eb n\u00eb faz\u00ebn tjet\u00ebr t\u00eb procesit t\u00eb p\u00ebrzgjedhjes p\u00ebr n\u00eb listat p\u00ebrfundimtare p\u00ebr zgjedhjet e vitit 2021.<\/span><\/p>\n<p><span style=\"color: #000000;\">N\u00eb Dib\u00ebr ka 7 kandidat\u00eb, teksa jan\u00eb skualifikuar\u00a0 Agron Qoku dhe Bajram Balliu. N\u00eb Bulqiz\u00eb votoi 50% e an\u00ebtar\u00ebsis\u00eb, teksa edhe n\u00eb Mat ka 7 kandidat\u00eb pasi pjes\u00ebmarrja ishte 60%. N\u00eb rang qarku u sh\u00ebnua nj\u00eb pjes\u00ebmarrje prej 57.6%.<\/span><\/p>\n<p><span style=\"color: #000000;\">Nga shum\u00eb kandidat\u00eb, an\u00ebtar\u00ebsia e PD ka zgjedhur 20 n\u00eb rang qarku, duke skualifikuar vet\u00ebm 2 n\u00eb Dib\u00ebr.<\/span><\/p>\n<p><span style=\"color: #000000;\">Kandidat\u00ebt e Dibr\u00ebs<\/span><\/p>\n<p><span style=\"color: #000000;\">1.XHEMAL GJUNKSHI<\/span><br \/>\n<span style=\"color: #000000;\">2. LUAN HAKA<\/span><br \/>\n<span style=\"color: #000000;\">3.ILIR HYSA<\/span><br \/>\n<span style=\"color: #000000;\">4.JETON KALOSHI<\/span><br \/>\n<span style=\"color: #000000;\">5.MIRELA MAZARI<\/span><br \/>\n<span style=\"color: #000000;\">6.NEHAT COLLAKU<\/span><br \/>\n<span style=\"color: #000000;\">7. ALBERT KOJKU<\/span><\/p>\n<p><span style=\"color: #000000;\">Kandidat\u00ebt e Bulqiz\u00ebs<\/span><\/p>\n<p><span style=\"color: #000000;\">1.BARDHYL RAMA<\/span><\/p>\n<p><span style=\"color: #000000;\">2.DURIM BALLA<\/span><br \/>\n<span style=\"color: #000000;\">3. EDMOND ISAKU<\/span><br \/>\n<span style=\"color: #000000;\">4.FLLANXA LOSHA<\/span><br \/>\n<span style=\"color: #000000;\">5.MUIS LLANI<\/span><br \/>\n<span style=\"color: #000000;\">6.PETRIT DODA<\/span><\/p>\n<p><span style=\"color: #000000;\">Kandidat\u00ebt e Matit<\/span><\/p>\n<p><span style=\"color: #000000;\">KRESHNIK COLLAKU<\/span><br \/>\n<span style=\"color: #000000;\">DHURATA CUPI<\/span><br \/>\n<span style=\"color: #000000;\">BASIR CUPA<\/span><br \/>\n<span style=\"color: #000000;\">NEZIR RIZVANI<\/span><br \/>\n<span style=\"color: #000000;\">DENIS VATA<\/span><br \/>\n<span style=\"color: #000000;\">LINDITA DODA<\/span><br \/>\n<span style=\"color: #000000;\">DEA KAZIU<\/span><\/p>\n<p>&nbsp;<\/p>\n","protected":false,"gt_translate_keys":[{"key":"rendered","format":"html"}]},"excerpt":{"rendered":"<p>An\u00ebtar\u00ebt e Partis\u00eb Demokratike n\u00eb Dib\u00ebr, Bulqiz\u00eb e Mat kan\u00eb p\u00ebrzgjedhur kandidat\u00ebt q\u00eb kalojn\u00eb n\u00eb faz\u00ebn tjet\u00ebr t\u00eb procesit t\u00eb p\u00ebrzgjedhjes p\u00ebr n\u00eb listat p\u00ebrfundimtare p\u00ebr zgjedhjet e vitit 2021. N\u00eb Dib\u00ebr ka 7 kandidat\u00eb, teksa jan\u00eb skualifikuar\u00a0 Agron Qoku dhe Bajram Balliu. N\u00eb Bulqiz\u00eb votoi 50% e an\u00ebtar\u00ebsis\u00eb, teksa edhe n\u00eb Mat ka 7 [&hellip;]<\/p>\n","protected":false,"gt_translate_keys":[{"key":"rendered","format":"html"}]},"author":32,"featured_media":396131,"comment_status":"open","ping_status":"open","sticky":false,"template":"","format":"standard","meta":{"footnotes":""},"categories":[65,13],"tags":[],"class_list":["post-402045","post","type-post","status-publish","format-standard","has-post-thumbnail","hentry","category-lajme","category-te-fundit"],"gt_translate_keys":[{"key":"link","format":"url"}],"_links":{"self":[{"href":"https:\/\/www.hashtag.al\/index.php\/wp-json\/wp\/v2\/posts\/402045","targetHints":{"allow":["GET"]}}],"collection":[{"href":"https:\/\/www.hashtag.al\/index.php\/wp-json\/wp\/v2\/posts"}],"about":[{"href":"https:\/\/www.hashtag.al\/index.php\/wp-json\/wp\/v2\/types\/post"}],"author":[{"embeddable":true,"href":"https:\/\/www.hashtag.al\/index.php\/wp-json\/wp\/v2\/users\/32"}],"replies":[{"embeddable":true,"href":"https:\/\/www.hashtag.al\/index.php\/wp-json\/wp\/v2\/comments?post=402045"}],"version-history":[{"count":0,"href":"https:\/\/www.hashtag.al\/index.php\/wp-json\/wp\/v2\/posts\/402045\/revisions"}],"wp:featuredmedia":[{"embeddable":true,"href":"https:\/\/www.hashtag.al\/index.php\/wp-json\/wp\/v2\/media\/396131"}],"wp:attachment":[{"href":"https:\/\/www.hashtag.al\/index.php\/wp-json\/wp\/v2\/media?parent=402045"}],"wp:term":[{"taxonomy":"category","embeddable":true,"href":"https:\/\/www.hashtag.al\/index.php\/wp-json\/wp\/v2\/categories?post=402045"},{"taxonomy":"post_tag","embeddable":true,"href":"https:\/\/www.hashtag.al\/index.php\/wp-json\/wp\/v2\/tags?post=402045"}],"curies":[{"name":"wp","href":"https:\/\/api.w.org\/{rel}","templated":true}]}}