{"id":401659,"date":"2020-09-24T18:47:53","date_gmt":"2020-09-24T16:47:53","guid":{"rendered":"https:\/\/hashtag.al\/?p=401659"},"modified":"2020-09-24T18:47:53","modified_gmt":"2020-09-24T16:47:53","slug":"besa-shahini-i-dorezon-detyren-evis-kushit-tregon-keshilltarin-e-saj-me-te-mire","status":"publish","type":"post","link":"https:\/\/www.hashtag.al\/index.php\/2020\/09\/24\/besa-shahini-i-dorezon-detyren-evis-kushit-tregon-keshilltarin-e-saj-me-te-mire\/","title":{"rendered":"Besa Shahini i dor\u00ebzon detyr\u00ebn Evis Kushit, tregon k\u00ebshilltarin e saj m\u00eb t\u00eb mir\u00eb","gt_translate_keys":[{"key":"rendered","format":"text"}]},"content":{"rendered":"<p><img loading=\"lazy\" decoding=\"async\" class=\"aligncenter size-full wp-image-401660\" src=\"https:\/\/hashtag.al\/wp-content\/uploads\/2020\/09\/120196741_2684400188483744_8575081950302307466_n.jpg\" alt=\"\" width=\"960\" height=\"640\" srcset=\"https:\/\/www.hashtag.al\/wp-content\/uploads\/2020\/09\/120196741_2684400188483744_8575081950302307466_n.jpg 960w, https:\/\/www.hashtag.al\/wp-content\/uploads\/2020\/09\/120196741_2684400188483744_8575081950302307466_n-300x200.jpg 300w, https:\/\/www.hashtag.al\/wp-content\/uploads\/2020\/09\/120196741_2684400188483744_8575081950302307466_n-768x512.jpg 768w\" sizes=\"auto, (max-width: 960px) 100vw, 960px\" \/><\/p>\n<p><span style=\"color: #000000;\">Besa Shahini i ka dor\u00ebzuar pasardh\u00ebses s\u00eb saj detyr\u00ebn e Ministrit t\u00eb Arsimit.<\/span><\/p>\n<p><span style=\"color: #000000;\">Me an\u00eb t\u00eb nj\u00eb postimi n\u00eb rrjetet sociale Shahini ka treguar edhe k\u00ebshilltarin e saj m\u00eb t\u00eb mir\u00eb gjat\u00eb periudh\u00ebs q\u00eb mbajti postin e drejtimit t\u00eb arsimit n\u00eb Shqip\u00ebri.<\/span><\/p>\n<p><span style=\"color: #000000;\">Shahini thot\u00eb se k\u00ebshilltari i saj m\u00eb i mir\u00eb ka qen\u00eb \u201cParlamenti i Nx\u00ebn\u00ebsve\u201d.<\/span><\/p>\n<p><span style=\"color: #000000;\">\u201c<em>Sot, para p\u00ebrfaq\u00ebsuesve t\u00eb \u201cParlamentit t\u00eb Nx\u00ebn\u00ebsve\u201d, dor\u00ebzova zyrtarisht detyr\u00ebn e Ministres s\u00eb Arsimit, Sportit dhe Rinis\u00eb tek Ministrja Evis Kushi.<\/em><\/span><\/p>\n<p><span style=\"color: #000000;\"><em>\u201cParlamenti i Nx\u00ebn\u00ebsve\u201d ka qen\u00eb k\u00ebshilltari im m\u00eb i mir\u00eb p\u00ebr politikat e arsimit parauniversitar, sidomos gjat\u00eb organizimit t\u00eb m\u00ebsimit n\u00eb kushte sht\u00ebpie n\u00eb periudh\u00ebn e pandemis\u00eb, e cila vazhdon t\u00eb jet\u00eb akoma mes nesh. Jan\u00eb nx\u00ebn\u00ebsit dhe student\u00ebt ata p\u00ebr t\u00eb cil\u00ebt b\u00ebhen politikat arsimore, ndaj z\u00ebri i tyre \u00ebsht\u00eb edhe spiranca q\u00eb i duhet mendimit politik n\u00eb fush\u00ebn e arsimit.<\/em><\/span><\/p>\n<p><span style=\"color: #000000;\"><em>Evisit, i uroj gjith\u00eb t\u00eb mirat dhe suksese n\u00eb detyr\u00ebn e re, nj\u00eb detyr\u00eb e v\u00ebshtir\u00eb por jasht\u00ebzakonisht p\u00ebrmbush\u00ebse dhe me impakt t\u00eb lart\u00eb n\u00eb shoq\u00ebr<\/em>i\u201d, shkruan Shahini<\/span><\/p>\n<p>&nbsp;<\/p>\n","protected":false,"gt_translate_keys":[{"key":"rendered","format":"html"}]},"excerpt":{"rendered":"<p>Besa Shahini i ka dor\u00ebzuar pasardh\u00ebses s\u00eb saj detyr\u00ebn e Ministrit t\u00eb Arsimit. Me an\u00eb t\u00eb nj\u00eb postimi n\u00eb rrjetet sociale Shahini ka treguar edhe k\u00ebshilltarin e saj m\u00eb t\u00eb mir\u00eb gjat\u00eb periudh\u00ebs q\u00eb mbajti postin e drejtimit t\u00eb arsimit n\u00eb Shqip\u00ebri. Shahini thot\u00eb se k\u00ebshilltari i saj m\u00eb i mir\u00eb ka qen\u00eb \u201cParlamenti i [&hellip;]<\/p>\n","protected":false,"gt_translate_keys":[{"key":"rendered","format":"html"}]},"author":32,"featured_media":401660,"comment_status":"open","ping_status":"open","sticky":false,"template":"","format":"standard","meta":{"footnotes":""},"categories":[65,13],"tags":[],"class_list":["post-401659","post","type-post","status-publish","format-standard","has-post-thumbnail","hentry","category-lajme","category-te-fundit"],"gt_translate_keys":[{"key":"link","format":"url"}],"_links":{"self":[{"href":"https:\/\/www.hashtag.al\/index.php\/wp-json\/wp\/v2\/posts\/401659","targetHints":{"allow":["GET"]}}],"collection":[{"href":"https:\/\/www.hashtag.al\/index.php\/wp-json\/wp\/v2\/posts"}],"about":[{"href":"https:\/\/www.hashtag.al\/index.php\/wp-json\/wp\/v2\/types\/post"}],"author":[{"embeddable":true,"href":"https:\/\/www.hashtag.al\/index.php\/wp-json\/wp\/v2\/users\/32"}],"replies":[{"embeddable":true,"href":"https:\/\/www.hashtag.al\/index.php\/wp-json\/wp\/v2\/comments?post=401659"}],"version-history":[{"count":0,"href":"https:\/\/www.hashtag.al\/index.php\/wp-json\/wp\/v2\/posts\/401659\/revisions"}],"wp:featuredmedia":[{"embeddable":true,"href":"https:\/\/www.hashtag.al\/index.php\/wp-json\/wp\/v2\/media\/401660"}],"wp:attachment":[{"href":"https:\/\/www.hashtag.al\/index.php\/wp-json\/wp\/v2\/media?parent=401659"}],"wp:term":[{"taxonomy":"category","embeddable":true,"href":"https:\/\/www.hashtag.al\/index.php\/wp-json\/wp\/v2\/categories?post=401659"},{"taxonomy":"post_tag","embeddable":true,"href":"https:\/\/www.hashtag.al\/index.php\/wp-json\/wp\/v2\/tags?post=401659"}],"curies":[{"name":"wp","href":"https:\/\/api.w.org\/{rel}","templated":true}]}}