{"id":401528,"date":"2020-09-24T10:42:33","date_gmt":"2020-09-24T08:42:33","guid":{"rendered":"https:\/\/hashtag.al\/?p=401528"},"modified":"2020-09-24T10:42:33","modified_gmt":"2020-09-24T08:42:33","slug":"bluzat-e-bardha-proteste-te-heshtur-tek-urgjenca-e-qsut-se-rama-na-mashtroi-dje-per-takimin","status":"publish","type":"post","link":"https:\/\/www.hashtag.al\/index.php\/2020\/09\/24\/bluzat-e-bardha-proteste-te-heshtur-tek-urgjenca-e-qsut-se-rama-na-mashtroi-dje-per-takimin\/","title":{"rendered":"Bluzat e bardha protest\u00eb t\u00eb heshtur tek Urgjenca e QSUT-s\u00eb: Rama na mashtroi dje p\u00ebr takimin","gt_translate_keys":[{"key":"rendered","format":"text"}]},"content":{"rendered":"<p><a href=\"https:\/\/hashtag.al\/wp-content\/uploads\/2020\/09\/protesta-e-heshtur-e-mjekeve-6.jpeg\"><img loading=\"lazy\" decoding=\"async\" class=\"aligncenter size-full wp-image-401534\" src=\"https:\/\/hashtag.al\/wp-content\/uploads\/2020\/09\/protesta-e-heshtur-e-mjekeve-6.jpeg\" alt=\"\" width=\"1280\" height=\"622\" srcset=\"https:\/\/www.hashtag.al\/wp-content\/uploads\/2020\/09\/protesta-e-heshtur-e-mjekeve-6.jpeg 1280w, https:\/\/www.hashtag.al\/wp-content\/uploads\/2020\/09\/protesta-e-heshtur-e-mjekeve-6-300x146.jpeg 300w, https:\/\/www.hashtag.al\/wp-content\/uploads\/2020\/09\/protesta-e-heshtur-e-mjekeve-6-768x373.jpeg 768w, https:\/\/www.hashtag.al\/wp-content\/uploads\/2020\/09\/protesta-e-heshtur-e-mjekeve-6-1024x498.jpeg 1024w\" sizes=\"auto, (max-width: 1280px) 100vw, 1280px\" \/><\/a><\/p>\n<p><span style=\"color: #000000;\">Ashtu si\u00e7 kishin paralajm\u00ebruar, mjek\u00ebt dhe infermier\u00ebt kan\u00eb mbajtur sot nj\u00eb protest\u00eb t\u00eb heshtur nj\u00eb or\u00ebshe tek Urgjenca e QSUT-s\u00eb. <\/span><\/p>\n<p><span style=\"color: #000000;\">Bluzat e bardha kan\u00eb l\u00ebn\u00eb p\u00ebr pak pun\u00ebn dhe kan\u00eb q\u00ebndruar n\u00eb ambientet e jashtme t\u00eb Urgjenc\u00ebs n\u00eb QSUT n\u00eb shenj\u00eb proteste p\u00ebr kushtet n\u00eb t\u00eb cilat jan\u00eb t\u00eb detyruar t\u00eb punojn\u00eb.<\/span><\/p>\n<p><span style=\"color: #000000;\">Dr. Ibrahim Ruka kirurg n\u00eb QSUT tha p\u00ebr mediat q\u00eb sindikata u mashtrua pasi as kryeministri Edi Rama as ministrja e Sh\u00ebndet\u00ebsis\u00eb Ogerta Manastirliu nuk kan\u00eb pranuar takimin me p\u00ebrfaq\u00ebsin\u00eb e mjek\u00ebve.<\/span><\/p>\n<p><em><span style=\"color: #000000;\">\u201cSot sapo mor\u00ebm lajmin q\u00eb dhe kryeministri dhe ministrja nuk kan\u00eb pranuar t\u00eb takohen me p\u00ebrfaq\u00ebsin\u00eb e sindikat\u00ebs por kan\u00eb l\u00ebn\u00eb k\u00ebshilltar\u00ebt n\u00eb dispozicion t\u00eb tyre. Ky \u00ebsht\u00eb nj\u00eb mashtrim i madh q\u00eb i kan\u00eb b\u00ebr\u00eb sindikat\u00ebs dje.<\/span><\/em><br \/>\n<span style=\"color: #000000;\"><em>Besoj q\u00eb do mblidhet k\u00ebshilli koordinativ dhe do vendos\u00eb p\u00ebr m\u00eb tutje. Sot \u00ebsht\u00eb nj\u00eb or\u00ebshe protesta m\u00eb pas do merret vendim nga k\u00ebshilli\u201d<\/em>, deklaroi kirurgu Ruka.<\/span><\/p>\n<p><span style=\"color: #000000;\">Dit\u00ebn e djeshme policia refuzoi k\u00ebrkes\u00ebn e mjek\u00ebve p\u00ebr t\u00eb protestuar, nd\u00ebrsa kryeministri Edi Rama i ftoi ata p\u00ebr nj\u00eb diskutim sot n\u00eb or\u00ebn 09:00.<\/span><\/p>\n<p><span style=\"color: #000000;\">Mjek\u00ebt k\u00ebrkojn\u00eb paga dinjitoze si dhe sigurimin e jet\u00ebs teksa vendi p\u00ebrballet me pandemin\u00eb e Covid-19.<\/span><\/p>\n<p><a href=\"https:\/\/hashtag.al\/wp-content\/uploads\/2020\/09\/protesta-e-heshtur-e-mjekeve-5.jpeg\"><img loading=\"lazy\" decoding=\"async\" class=\"aligncenter size-full wp-image-401533\" src=\"https:\/\/hashtag.al\/wp-content\/uploads\/2020\/09\/protesta-e-heshtur-e-mjekeve-5.jpeg\" alt=\"\" width=\"1280\" height=\"622\" srcset=\"https:\/\/www.hashtag.al\/wp-content\/uploads\/2020\/09\/protesta-e-heshtur-e-mjekeve-5.jpeg 1280w, https:\/\/www.hashtag.al\/wp-content\/uploads\/2020\/09\/protesta-e-heshtur-e-mjekeve-5-300x146.jpeg 300w, https:\/\/www.hashtag.al\/wp-content\/uploads\/2020\/09\/protesta-e-heshtur-e-mjekeve-5-768x373.jpeg 768w, https:\/\/www.hashtag.al\/wp-content\/uploads\/2020\/09\/protesta-e-heshtur-e-mjekeve-5-1024x498.jpeg 1024w\" sizes=\"auto, (max-width: 1280px) 100vw, 1280px\" \/><\/a> <a href=\"https:\/\/hashtag.al\/wp-content\/uploads\/2020\/09\/protesta-e-heshtur-e-mjekeve-4.jpeg\"><img loading=\"lazy\" decoding=\"async\" class=\"aligncenter size-full wp-image-401532\" src=\"https:\/\/hashtag.al\/wp-content\/uploads\/2020\/09\/protesta-e-heshtur-e-mjekeve-4.jpeg\" alt=\"\" width=\"622\" height=\"1280\" srcset=\"https:\/\/www.hashtag.al\/wp-content\/uploads\/2020\/09\/protesta-e-heshtur-e-mjekeve-4.jpeg 622w, https:\/\/www.hashtag.al\/wp-content\/uploads\/2020\/09\/protesta-e-heshtur-e-mjekeve-4-146x300.jpeg 146w, https:\/\/www.hashtag.al\/wp-content\/uploads\/2020\/09\/protesta-e-heshtur-e-mjekeve-4-498x1024.jpeg 498w\" sizes=\"auto, (max-width: 622px) 100vw, 622px\" \/><\/a> <a href=\"https:\/\/hashtag.al\/wp-content\/uploads\/2020\/09\/protesta-e-heshtur-e-mjekeve-3.jpeg\"><img loading=\"lazy\" decoding=\"async\" class=\"aligncenter size-full wp-image-401531\" src=\"https:\/\/hashtag.al\/wp-content\/uploads\/2020\/09\/protesta-e-heshtur-e-mjekeve-3.jpeg\" alt=\"\" width=\"622\" height=\"1280\" srcset=\"https:\/\/www.hashtag.al\/wp-content\/uploads\/2020\/09\/protesta-e-heshtur-e-mjekeve-3.jpeg 622w, https:\/\/www.hashtag.al\/wp-content\/uploads\/2020\/09\/protesta-e-heshtur-e-mjekeve-3-146x300.jpeg 146w, https:\/\/www.hashtag.al\/wp-content\/uploads\/2020\/09\/protesta-e-heshtur-e-mjekeve-3-498x1024.jpeg 498w\" sizes=\"auto, (max-width: 622px) 100vw, 622px\" \/><\/a> <a href=\"https:\/\/hashtag.al\/wp-content\/uploads\/2020\/09\/protesta-e-heshtur-e-mjekeve-2.jpeg\"><img loading=\"lazy\" decoding=\"async\" class=\"aligncenter size-full wp-image-401530\" src=\"https:\/\/hashtag.al\/wp-content\/uploads\/2020\/09\/protesta-e-heshtur-e-mjekeve-2.jpeg\" alt=\"\" width=\"622\" height=\"1280\" srcset=\"https:\/\/www.hashtag.al\/wp-content\/uploads\/2020\/09\/protesta-e-heshtur-e-mjekeve-2.jpeg 622w, https:\/\/www.hashtag.al\/wp-content\/uploads\/2020\/09\/protesta-e-heshtur-e-mjekeve-2-146x300.jpeg 146w, https:\/\/www.hashtag.al\/wp-content\/uploads\/2020\/09\/protesta-e-heshtur-e-mjekeve-2-498x1024.jpeg 498w\" sizes=\"auto, (max-width: 622px) 100vw, 622px\" \/><\/a> <a href=\"https:\/\/hashtag.al\/wp-content\/uploads\/2020\/09\/protesta-e-heshtur-e-mjekeve-1.jpeg\"><img loading=\"lazy\" decoding=\"async\" class=\"aligncenter size-full wp-image-401529\" src=\"https:\/\/hashtag.al\/wp-content\/uploads\/2020\/09\/protesta-e-heshtur-e-mjekeve-1.jpeg\" alt=\"\" width=\"1280\" height=\"622\" srcset=\"https:\/\/www.hashtag.al\/wp-content\/uploads\/2020\/09\/protesta-e-heshtur-e-mjekeve-1.jpeg 1280w, https:\/\/www.hashtag.al\/wp-content\/uploads\/2020\/09\/protesta-e-heshtur-e-mjekeve-1-300x146.jpeg 300w, https:\/\/www.hashtag.al\/wp-content\/uploads\/2020\/09\/protesta-e-heshtur-e-mjekeve-1-768x373.jpeg 768w, https:\/\/www.hashtag.al\/wp-content\/uploads\/2020\/09\/protesta-e-heshtur-e-mjekeve-1-1024x498.jpeg 1024w\" sizes=\"auto, (max-width: 1280px) 100vw, 1280px\" \/><\/a><\/p>\n","protected":false,"gt_translate_keys":[{"key":"rendered","format":"html"}]},"excerpt":{"rendered":"<p>Ashtu si\u00e7 kishin paralajm\u00ebruar, mjek\u00ebt dhe infermier\u00ebt kan\u00eb mbajtur sot nj\u00eb protest\u00eb t\u00eb heshtur nj\u00eb or\u00ebshe tek Urgjenca e QSUT-s\u00eb. Bluzat e bardha kan\u00eb l\u00ebn\u00eb p\u00ebr pak pun\u00ebn dhe kan\u00eb q\u00ebndruar n\u00eb ambientet e jashtme t\u00eb Urgjenc\u00ebs n\u00eb QSUT n\u00eb shenj\u00eb proteste p\u00ebr kushtet n\u00eb t\u00eb cilat jan\u00eb t\u00eb detyruar t\u00eb punojn\u00eb. Dr. Ibrahim Ruka [&hellip;]<\/p>\n","protected":false,"gt_translate_keys":[{"key":"rendered","format":"html"}]},"author":30,"featured_media":401534,"comment_status":"open","ping_status":"open","sticky":false,"template":"","format":"standard","meta":{"footnotes":""},"categories":[65,13],"tags":[],"class_list":["post-401528","post","type-post","status-publish","format-standard","has-post-thumbnail","hentry","category-lajme","category-te-fundit"],"gt_translate_keys":[{"key":"link","format":"url"}],"_links":{"self":[{"href":"https:\/\/www.hashtag.al\/index.php\/wp-json\/wp\/v2\/posts\/401528","targetHints":{"allow":["GET"]}}],"collection":[{"href":"https:\/\/www.hashtag.al\/index.php\/wp-json\/wp\/v2\/posts"}],"about":[{"href":"https:\/\/www.hashtag.al\/index.php\/wp-json\/wp\/v2\/types\/post"}],"author":[{"embeddable":true,"href":"https:\/\/www.hashtag.al\/index.php\/wp-json\/wp\/v2\/users\/30"}],"replies":[{"embeddable":true,"href":"https:\/\/www.hashtag.al\/index.php\/wp-json\/wp\/v2\/comments?post=401528"}],"version-history":[{"count":0,"href":"https:\/\/www.hashtag.al\/index.php\/wp-json\/wp\/v2\/posts\/401528\/revisions"}],"wp:featuredmedia":[{"embeddable":true,"href":"https:\/\/www.hashtag.al\/index.php\/wp-json\/wp\/v2\/media\/401534"}],"wp:attachment":[{"href":"https:\/\/www.hashtag.al\/index.php\/wp-json\/wp\/v2\/media?parent=401528"}],"wp:term":[{"taxonomy":"category","embeddable":true,"href":"https:\/\/www.hashtag.al\/index.php\/wp-json\/wp\/v2\/categories?post=401528"},{"taxonomy":"post_tag","embeddable":true,"href":"https:\/\/www.hashtag.al\/index.php\/wp-json\/wp\/v2\/tags?post=401528"}],"curies":[{"name":"wp","href":"https:\/\/api.w.org\/{rel}","templated":true}]}}