{"id":401233,"date":"2020-09-22T16:29:59","date_gmt":"2020-09-22T14:29:59","guid":{"rendered":"https:\/\/hashtag.al\/?p=401233"},"modified":"2020-09-22T16:29:59","modified_gmt":"2020-09-22T14:29:59","slug":"vucic-zotohet-te-permbushe-marreveshjen-e-nenshkruar-ne-uashington","status":"publish","type":"post","link":"https:\/\/www.hashtag.al\/index.php\/2020\/09\/22\/vucic-zotohet-te-permbushe-marreveshjen-e-nenshkruar-ne-uashington\/","title":{"rendered":"Vu\u00e7i\u00e7 zotohet t\u00eb p\u00ebrmbush\u00eb marr\u00ebveshjen e n\u00ebnshkruar n\u00eb Uashington","gt_translate_keys":[{"key":"rendered","format":"text"}]},"content":{"rendered":"<p><img loading=\"lazy\" decoding=\"async\" class=\"aligncenter size-full wp-image-401234\" src=\"https:\/\/hashtag.al\/wp-content\/uploads\/2020\/09\/vucicgrenell-1.png\" alt=\"\" width=\"1000\" height=\"451\" srcset=\"https:\/\/www.hashtag.al\/wp-content\/uploads\/2020\/09\/vucicgrenell-1.png 1000w, https:\/\/www.hashtag.al\/wp-content\/uploads\/2020\/09\/vucicgrenell-1-300x135.png 300w, https:\/\/www.hashtag.al\/wp-content\/uploads\/2020\/09\/vucicgrenell-1-768x346.png 768w\" sizes=\"auto, (max-width: 1000px) 100vw, 1000px\" \/><\/p>\n<p><span style=\"color: #000000;\">Presidenti i Serbis\u00eb \u00ebsht\u00eb zotuar sot se do e zbatoj\u00eb marr\u00ebveshjen e Uashingtonit. Deklarata e Vu\u00e7i\u00e7 erdhi pas takimit me delegacionin amerikan n\u00eb Beograd. <\/span><\/p>\n<p><span style=\"color: #000000;\">N\u00eb takim mor\u00ebn pjes\u00eb p\u00ebrve\u00e7 tij edhe kryeministrja e vendit, B\u00ebrnabi\u00e7, i d\u00ebrguari i posa\u00e7\u00ebm i presidentit amerikan Trump p\u00ebr dialogun Kosov\u00eb-Serbi, Grenell si dhe shefi i Korporat\u00ebs Nd\u00ebrkomb\u00ebtare t\u00eb Financave t\u00eb Zhvillimit t\u00eb SHBA-s\u00eb (DFC), Adam Boehler.<\/span><\/p>\n<p><span style=\"color: #000000;\">Pas k\u00ebtij takimi, n\u00eb konferenc\u00ebn p\u00ebr mediet, Vu\u00e7i\u00e7 deklaroi se Serbia dhe Amerika nuk kan\u00eb pasur nj\u00eb marr\u00ebveshje t\u00eb till\u00eb q\u00eb nga viti 1881.<\/span><\/p>\n<p><span style=\"color: #000000;\"><em>\u201cQ\u00eb at\u00ebher\u00eb, ne nuk kemi pasur marr\u00ebveshje kaq t\u00eb r\u00ebnd\u00ebsishme. Ne hap\u00ebm der\u00ebn p\u00ebr miq\u00ebsin\u00eb e vjet\u00ebr. Dhe un\u00eb dua t\u00eb fal\u00ebnderoj ve\u00e7an\u00ebrisht presidentin Trump, i cili donte t\u00eb na d\u00ebgjonte dhe q\u00eb kishte durim t\u00eb mjaftuesh\u00ebm dhe q\u00eb donte t\u00eb tregonte respekt p\u00ebr qytetar\u00ebt e Serbis\u00eb. Ne do t\u00eb p\u00ebrmbushim detyrimet tona. Absolutisht jam i sigurt se mund t\u00eb arrijm\u00eb rezultate t\u00eb m\u00ebdha me miqt\u00eb tan\u00eb amerikan\u00eb. Kjo \u00ebsht\u00eb nj\u00eb dit\u00eb e mir\u00eb p\u00ebr Serbin\u00eb.\u201d<\/em> &#8211; u shpreh Vu\u00e7i\u00e7, shkruan Lajmi.<\/span><\/p>\n","protected":false,"gt_translate_keys":[{"key":"rendered","format":"html"}]},"excerpt":{"rendered":"<p>Presidenti i Serbis\u00eb \u00ebsht\u00eb zotuar sot se do e zbatoj\u00eb marr\u00ebveshjen e Uashingtonit. Deklarata e Vu\u00e7i\u00e7 erdhi pas takimit me delegacionin amerikan n\u00eb Beograd. N\u00eb takim mor\u00ebn pjes\u00eb p\u00ebrve\u00e7 tij edhe kryeministrja e vendit, B\u00ebrnabi\u00e7, i d\u00ebrguari i posa\u00e7\u00ebm i presidentit amerikan Trump p\u00ebr dialogun Kosov\u00eb-Serbi, Grenell si dhe shefi i Korporat\u00ebs Nd\u00ebrkomb\u00ebtare t\u00eb Financave [&hellip;]<\/p>\n","protected":false,"gt_translate_keys":[{"key":"rendered","format":"html"}]},"author":51,"featured_media":401234,"comment_status":"open","ping_status":"open","sticky":false,"template":"","format":"standard","meta":{"footnotes":""},"categories":[149],"tags":[],"class_list":["post-401233","post","type-post","status-publish","format-standard","has-post-thumbnail","hentry","category-kosoverajon"],"gt_translate_keys":[{"key":"link","format":"url"}],"_links":{"self":[{"href":"https:\/\/www.hashtag.al\/index.php\/wp-json\/wp\/v2\/posts\/401233","targetHints":{"allow":["GET"]}}],"collection":[{"href":"https:\/\/www.hashtag.al\/index.php\/wp-json\/wp\/v2\/posts"}],"about":[{"href":"https:\/\/www.hashtag.al\/index.php\/wp-json\/wp\/v2\/types\/post"}],"author":[{"embeddable":true,"href":"https:\/\/www.hashtag.al\/index.php\/wp-json\/wp\/v2\/users\/51"}],"replies":[{"embeddable":true,"href":"https:\/\/www.hashtag.al\/index.php\/wp-json\/wp\/v2\/comments?post=401233"}],"version-history":[{"count":0,"href":"https:\/\/www.hashtag.al\/index.php\/wp-json\/wp\/v2\/posts\/401233\/revisions"}],"wp:featuredmedia":[{"embeddable":true,"href":"https:\/\/www.hashtag.al\/index.php\/wp-json\/wp\/v2\/media\/401234"}],"wp:attachment":[{"href":"https:\/\/www.hashtag.al\/index.php\/wp-json\/wp\/v2\/media?parent=401233"}],"wp:term":[{"taxonomy":"category","embeddable":true,"href":"https:\/\/www.hashtag.al\/index.php\/wp-json\/wp\/v2\/categories?post=401233"},{"taxonomy":"post_tag","embeddable":true,"href":"https:\/\/www.hashtag.al\/index.php\/wp-json\/wp\/v2\/tags?post=401233"}],"curies":[{"name":"wp","href":"https:\/\/api.w.org\/{rel}","templated":true}]}}