{"id":401219,"date":"2020-09-22T15:34:51","date_gmt":"2020-09-22T13:34:51","guid":{"rendered":"https:\/\/hashtag.al\/?p=401219"},"modified":"2020-09-22T15:47:53","modified_gmt":"2020-09-22T13:47:53","slug":"bylykbashi-keshilli-politik-smund-te-jete-fasade-kur-ska-konsensus-i-drejtohemi-osbe-odihr-it","status":"publish","type":"post","link":"https:\/\/www.hashtag.al\/index.php\/2020\/09\/22\/bylykbashi-keshilli-politik-smund-te-jete-fasade-kur-ska-konsensus-i-drejtohemi-osbe-odihr-it\/","title":{"rendered":"Bylykbashi: K\u00ebshilli Politik s&#8217;mund t\u00eb jet\u00eb fasad\u00eb, kur s&#8217;ka konsensus i drejtohemi OSBE\/ODIHR-it","gt_translate_keys":[{"key":"rendered","format":"text"}]},"content":{"rendered":"<p><img loading=\"lazy\" decoding=\"async\" class=\"aligncenter size-full wp-image-390591\" src=\"https:\/\/hashtag.al\/wp-content\/uploads\/2020\/07\/Bylykbashi-Vasili-Keshilli-POlitik1111.jpg\" alt=\"\" width=\"1280\" height=\"853\" srcset=\"https:\/\/www.hashtag.al\/wp-content\/uploads\/2020\/07\/Bylykbashi-Vasili-Keshilli-POlitik1111.jpg 1280w, https:\/\/www.hashtag.al\/wp-content\/uploads\/2020\/07\/Bylykbashi-Vasili-Keshilli-POlitik1111-300x200.jpg 300w, https:\/\/www.hashtag.al\/wp-content\/uploads\/2020\/07\/Bylykbashi-Vasili-Keshilli-POlitik1111-768x512.jpg 768w, https:\/\/www.hashtag.al\/wp-content\/uploads\/2020\/07\/Bylykbashi-Vasili-Keshilli-POlitik1111-1024x682.jpg 1024w\" sizes=\"auto, (max-width: 1280px) 100vw, 1280px\" \/>sh<\/p>\n<p><span style=\"color: #000000;\">Pas mbledhjes s\u00eb K\u00ebshillit Politik, p\u00ebrfaq\u00ebsuesit e opozit\u00ebs jasht\u00ebparlamentare, Bylykkashi e Vasili than\u00eb p\u00ebr mediat se q\u00ebllimi i saj \u00ebsht\u00eb ruajtja e formul\u00ebs s\u00eb koalicioneve si\u00e7 \u00ebsht\u00eb tani n\u00eb Kodin Zgjedhor. <\/span><\/p>\n<p><span style=\"color: #000000;\">P\u00ebr k\u00ebt\u00eb arsye, ata than\u00eb se i ishin drejtuar OSBE\/ODIHR-it me nj\u00eb let\u00ebr p\u00ebr t\u00eb k\u00ebrkuar opinionin e saj lidhur me \u00e7\u00ebshtjen n\u00eb fjal\u00eb. \u00a0<\/span><\/p>\n<p><span style=\"color: #000000;\"><em>\u201cOpozita e bashkuar i \u00ebsht\u00eb drejtuar OSBE\/ODIHR me pyetje specifike lidhur me c\u00ebshtjen thelb\u00ebsore q\u00eb p\u00ebrballet ky k\u00ebshill. Ne k\u00ebrkojm\u00eb ruajtjne e koliaicionit sic jan\u00eb sot n\u00eb Kodin zgjedhor, PS k\u00ebrkon t\u00eb ndryshoj\u00eb rregullat kur procesi ka nisur. Shkresa n\u00eb koordinim me faktorin nd\u00ebrkomb\u00ebtar dhe me mb\u00ebshtetjen e tyre. K\u00ebshilli \u00ebsht\u00eb ngritur dhe ka funksionuar me nxitjen e partner\u00ebve nd\u00ebrkomb\u00ebtar\u00eb SHBA dhe BE, dhe n\u00eb k\u00ebt\u00eb proces opozita i ka q\u00ebndruar angazhimeve s\u00eb marr\u00ebveshjes s\u00eb 14 janarit.\u00a0 K\u00ebrkuam konsensus dhe u gjet m\u00eb 30 qershor, mbi baz\u00ebn e marr\u00ebveshjes s\u00eb 5 qershorit. Sot PS s\u00ebrish refuzoi t\u2019i drejtohemi OSBE\/ODIHR. P\u00ebrfaq\u00ebsuesi i PS bojkotoi mbledhjen. Jemi t\u00eb gatsh\u00ebm t\u00eb vazhdojm\u00eb, presim reflektim nga PS sa m\u00eb par\u00eb.\u201d<\/em> &#8211; tha Bylykbashi.<\/span><\/p>\n<p><span style=\"color: #000000;\">Ai shtoi m\u00eb tej se q\u00ebllimi i k\u00ebshillit ishte arritja e konsensusit mes partive p\u00ebr t\u00eb garantuar procesin zgjedhor t\u00eb 25 prillit 2021. <\/span><\/p>\n<p><span style=\"color: #000000;\">Bylykbashi tha gjithashtu se k\u00ebshilli s\u2019mund t\u00eb jet\u00eb fasad\u00eb dhe \u00ebsht\u00eb shumica apo q\u00eb po shkel marr\u00ebveshjen.<\/span><\/p>\n<p><span style=\"color: #000000;\"><em>\u201cQ\u00ebllimi i k\u00ebtij k\u00ebshilli \u00ebsht\u00eb arritja e konsensusit p\u00ebr t\u00eb garantuar procesin zgjedhor. N\u00ebse s\u2019ka konsensus duhet t\u2019i drejtohemi OSBE-ODIHR. K\u00ebshilli s\u2019mund t\u00eb jet\u00eb as fasad\u00eb, as vul\u00eb noteri i mazhoranc\u00ebs p\u00ebr interesat e saj politike. Ky k\u00ebshill duhet t\u00eb funksionoj\u00eb me konsensus. Opozita ka p\u00ebr draft kodin zgjedhor ekzistues, n\u00eb shkelje t\u00eb draftit \u00ebsht\u00eb maxhoranca, ndaj po i drejtohemi ODIHR.\u201d<\/em> &#8211; shtoi Bylykbashi.<\/span><\/p>\n","protected":false,"gt_translate_keys":[{"key":"rendered","format":"html"}]},"excerpt":{"rendered":"<p>sh Pas mbledhjes s\u00eb K\u00ebshillit Politik, p\u00ebrfaq\u00ebsuesit e opozit\u00ebs jasht\u00ebparlamentare, Bylykkashi e Vasili than\u00eb p\u00ebr mediat se q\u00ebllimi i saj \u00ebsht\u00eb ruajtja e formul\u00ebs s\u00eb koalicioneve si\u00e7 \u00ebsht\u00eb tani n\u00eb Kodin Zgjedhor. P\u00ebr k\u00ebt\u00eb arsye, ata than\u00eb se i ishin drejtuar OSBE\/ODIHR-it me nj\u00eb let\u00ebr p\u00ebr t\u00eb k\u00ebrkuar opinionin e saj lidhur me \u00e7\u00ebshtjen n\u00eb [&hellip;]<\/p>\n","protected":false,"gt_translate_keys":[{"key":"rendered","format":"html"}]},"author":51,"featured_media":390591,"comment_status":"open","ping_status":"open","sticky":false,"template":"","format":"standard","meta":{"footnotes":""},"categories":[65,13],"tags":[],"class_list":["post-401219","post","type-post","status-publish","format-standard","has-post-thumbnail","hentry","category-lajme","category-te-fundit"],"gt_translate_keys":[{"key":"link","format":"url"}],"_links":{"self":[{"href":"https:\/\/www.hashtag.al\/index.php\/wp-json\/wp\/v2\/posts\/401219","targetHints":{"allow":["GET"]}}],"collection":[{"href":"https:\/\/www.hashtag.al\/index.php\/wp-json\/wp\/v2\/posts"}],"about":[{"href":"https:\/\/www.hashtag.al\/index.php\/wp-json\/wp\/v2\/types\/post"}],"author":[{"embeddable":true,"href":"https:\/\/www.hashtag.al\/index.php\/wp-json\/wp\/v2\/users\/51"}],"replies":[{"embeddable":true,"href":"https:\/\/www.hashtag.al\/index.php\/wp-json\/wp\/v2\/comments?post=401219"}],"version-history":[{"count":0,"href":"https:\/\/www.hashtag.al\/index.php\/wp-json\/wp\/v2\/posts\/401219\/revisions"}],"wp:featuredmedia":[{"embeddable":true,"href":"https:\/\/www.hashtag.al\/index.php\/wp-json\/wp\/v2\/media\/390591"}],"wp:attachment":[{"href":"https:\/\/www.hashtag.al\/index.php\/wp-json\/wp\/v2\/media?parent=401219"}],"wp:term":[{"taxonomy":"category","embeddable":true,"href":"https:\/\/www.hashtag.al\/index.php\/wp-json\/wp\/v2\/categories?post=401219"},{"taxonomy":"post_tag","embeddable":true,"href":"https:\/\/www.hashtag.al\/index.php\/wp-json\/wp\/v2\/tags?post=401219"}],"curies":[{"name":"wp","href":"https:\/\/api.w.org\/{rel}","templated":true}]}}