{"id":401209,"date":"2020-09-22T14:47:48","date_gmt":"2020-09-22T12:47:48","guid":{"rendered":"https:\/\/hashtag.al\/?p=401209"},"modified":"2020-09-22T15:50:55","modified_gmt":"2020-09-22T13:50:55","slug":"televizioni-danez-shfaq-te-rriturir-lakurit-para-te-miturve-kritikohet-ashper-video","status":"publish","type":"post","link":"https:\/\/www.hashtag.al\/index.php\/2020\/09\/22\/televizioni-danez-shfaq-te-rriturir-lakurit-para-te-miturve-kritikohet-ashper-video\/","title":{"rendered":"Televizioni danez shfaq t\u00eb rriturit lakuriq para t\u00eb miturve, kritikohet ashp\u00ebr (Video)","gt_translate_keys":[{"key":"rendered","format":"text"}]},"content":{"rendered":"<p><img loading=\"lazy\" decoding=\"async\" class=\"aligncenter size-full wp-image-401210\" src=\"https:\/\/hashtag.al\/wp-content\/uploads\/2020\/09\/tvdanimarke.png\" alt=\"\" width=\"1043\" height=\"597\" srcset=\"https:\/\/www.hashtag.al\/wp-content\/uploads\/2020\/09\/tvdanimarke.png 1043w, https:\/\/www.hashtag.al\/wp-content\/uploads\/2020\/09\/tvdanimarke-300x172.png 300w, https:\/\/www.hashtag.al\/wp-content\/uploads\/2020\/09\/tvdanimarke-768x440.png 768w, https:\/\/www.hashtag.al\/wp-content\/uploads\/2020\/09\/tvdanimarke-1024x586.png 1024w\" sizes=\"auto, (max-width: 1043px) 100vw, 1043px\" \/><\/p>\n<p><span style=\"color: #000000;\">Programi televiziv danez \u2018Ultra Strips Down\u2019 \u00ebsht\u00eb kritikuar p\u00ebr shkak t\u00eb t\u00eb rriturve q\u00eb kalojn\u00eb me trupat e tyre lakuriq para f\u00ebmij\u00ebve, disa t\u00eb mosh\u00ebs shtat\u00eb vje\u00e7are.<\/span><\/p>\n<p><span style=\"color: #000000;\">Kritika ndaj programit \u00ebsht\u00eb b\u00ebr\u00eb virale n\u00eb mediat sociale dit\u00ebt e fundit pasi nxiti polemika n\u00eb Danimark\u00eb n\u00eb fillim t\u00eb k\u00ebtij muaji.<\/span><\/p>\n<p><span style=\"color: #000000;\">Kryetari i grupit t\u00eb Partis\u00eb Popullore, Peter Skaarup, kritikoi shfaqjen televizive, duke i th\u00ebn\u00eb tabloidit danez BT: <em>&#8220;Ai korrupton f\u00ebmij\u00ebt tan\u00eb, t\u00eb cil\u00ebt n\u00eb at\u00eb mosh\u00eb tashm\u00eb kan\u00eb shum\u00eb gj\u00ebra p\u00ebr t\u00eb cilat mendojn\u00eb dhe u kalojn\u00eb n\u00ebp\u00ebr kok\u00eb. Nuk ka nevoj\u00eb p\u00ebr k\u00ebto gj\u00ebra mbi t\u00eb gjitha.\u201d<\/em><\/span><\/p>\n<p><span style=\"color: #000000;\">Morten Skov Hansen, nj\u00eb redaktor i transmetuesit televiziv DR Ultra, mbrojti programin, duke th\u00ebn\u00eb se ai ishte menduar p\u00ebr nj\u00eb audienc\u00eb me f\u00ebmij\u00eb nga 9 deri n\u00eb 14 vje\u00e7.<\/span><\/p>\n<p><span style=\"color: #000000;\"><em>\u201cQ\u00ebllimi \u00ebsht\u00eb t\u00eb ilustrojm\u00eb tek f\u00ebmij\u00ebt danez\u00eb ndryshimin e trupave midis t\u00eb cil\u00ebve jetojm\u00eb, por shum\u00eb rrall\u00eb shohim. Kjo duhet t&#8217;i ndihmoj\u00eb f\u00ebmij\u00ebt t\u00eb m\u00ebsojn\u00eb si p\u00ebr trupin e tyre dhe p\u00ebr trupat e tjer\u00eb dhe p\u00ebr t\u00eb siguruar nj\u00eb imazh m\u00eb t\u00eb larmish\u00ebm t\u00eb trupit natyror t\u00eb njeriut sesa at\u00eb q\u00eb f\u00ebmij\u00ebt zakonisht hasin n\u00eb mediat sociale, p\u00ebr shembull.&#8221;<\/em> &#8211; tha ai.<\/span><\/p>\n<div style=\"width: 1170px;\" class=\"wp-video\"><video class=\"wp-video-shortcode\" id=\"video-401209-1\" width=\"1170\" height=\"658\" preload=\"metadata\" controls=\"controls\"><source type=\"video\/mp4\" src=\"https:\/\/hashtag.al\/wp-content\/uploads\/2020\/09\/danimarkeshow.mp4?_=1\" \/><a href=\"https:\/\/hashtag.al\/wp-content\/uploads\/2020\/09\/danimarkeshow.mp4\">https:\/\/hashtag.al\/wp-content\/uploads\/2020\/09\/danimarkeshow.mp4<\/a><\/video><\/div>\n","protected":false,"gt_translate_keys":[{"key":"rendered","format":"html"}]},"excerpt":{"rendered":"<p>Programi televiziv danez \u2018Ultra Strips Down\u2019 \u00ebsht\u00eb kritikuar p\u00ebr shkak t\u00eb t\u00eb rriturve q\u00eb kalojn\u00eb me trupat e tyre lakuriq para f\u00ebmij\u00ebve, disa t\u00eb mosh\u00ebs shtat\u00eb vje\u00e7are. Kritika ndaj programit \u00ebsht\u00eb b\u00ebr\u00eb virale n\u00eb mediat sociale dit\u00ebt e fundit pasi nxiti polemika n\u00eb Danimark\u00eb n\u00eb fillim t\u00eb k\u00ebtij muaji. Kryetari i grupit t\u00eb Partis\u00eb Popullore, [&hellip;]<\/p>\n","protected":false,"gt_translate_keys":[{"key":"rendered","format":"html"}]},"author":51,"featured_media":401210,"comment_status":"open","ping_status":"open","sticky":false,"template":"","format":"standard","meta":{"footnotes":""},"categories":[53],"tags":[],"class_list":["post-401209","post","type-post","status-publish","format-standard","has-post-thumbnail","hentry","category-fast-foodi"],"gt_translate_keys":[{"key":"link","format":"url"}],"_links":{"self":[{"href":"https:\/\/www.hashtag.al\/index.php\/wp-json\/wp\/v2\/posts\/401209","targetHints":{"allow":["GET"]}}],"collection":[{"href":"https:\/\/www.hashtag.al\/index.php\/wp-json\/wp\/v2\/posts"}],"about":[{"href":"https:\/\/www.hashtag.al\/index.php\/wp-json\/wp\/v2\/types\/post"}],"author":[{"embeddable":true,"href":"https:\/\/www.hashtag.al\/index.php\/wp-json\/wp\/v2\/users\/51"}],"replies":[{"embeddable":true,"href":"https:\/\/www.hashtag.al\/index.php\/wp-json\/wp\/v2\/comments?post=401209"}],"version-history":[{"count":0,"href":"https:\/\/www.hashtag.al\/index.php\/wp-json\/wp\/v2\/posts\/401209\/revisions"}],"wp:featuredmedia":[{"embeddable":true,"href":"https:\/\/www.hashtag.al\/index.php\/wp-json\/wp\/v2\/media\/401210"}],"wp:attachment":[{"href":"https:\/\/www.hashtag.al\/index.php\/wp-json\/wp\/v2\/media?parent=401209"}],"wp:term":[{"taxonomy":"category","embeddable":true,"href":"https:\/\/www.hashtag.al\/index.php\/wp-json\/wp\/v2\/categories?post=401209"},{"taxonomy":"post_tag","embeddable":true,"href":"https:\/\/www.hashtag.al\/index.php\/wp-json\/wp\/v2\/tags?post=401209"}],"curies":[{"name":"wp","href":"https:\/\/api.w.org\/{rel}","templated":true}]}}