{"id":400884,"date":"2020-09-21T08:22:48","date_gmt":"2020-09-21T06:22:48","guid":{"rendered":"https:\/\/hashtag.al\/?p=400884"},"modified":"2020-09-21T08:26:37","modified_gmt":"2020-09-21T06:26:37","slug":"atentat-me-arme-ndaj-shqiptarit-ne-mes-te-plazhit-ne-itali","status":"publish","type":"post","link":"https:\/\/www.hashtag.al\/index.php\/2020\/09\/21\/atentat-me-arme-ndaj-shqiptarit-ne-mes-te-plazhit-ne-itali\/","title":{"rendered":"Atentat me arm\u00eb ndaj shqiptarit n\u00eb mes t\u00eb plazhit n\u00eb Itali","gt_translate_keys":[{"key":"rendered","format":"text"}]},"content":{"rendered":"<p><span style=\"color: #000000;\"><a href=\"https:\/\/hashtag.al\/wp-content\/uploads\/2020\/09\/2-5.jpg\"><img loading=\"lazy\" decoding=\"async\" class=\"aligncenter size-full wp-image-400885\" src=\"https:\/\/hashtag.al\/wp-content\/uploads\/2020\/09\/2-5.jpg\" alt=\"\" width=\"1000\" height=\"563\" srcset=\"https:\/\/www.hashtag.al\/wp-content\/uploads\/2020\/09\/2-5.jpg 1000w, https:\/\/www.hashtag.al\/wp-content\/uploads\/2020\/09\/2-5-300x169.jpg 300w, https:\/\/www.hashtag.al\/wp-content\/uploads\/2020\/09\/2-5-768x432.jpg 768w\" sizes=\"auto, (max-width: 1000px) 100vw, 1000px\" \/><\/a>Atentat me arm\u00eb ndaj nj\u00eb shqiptari n\u00eb Itali. <\/span><\/p>\n<p><span style=\"color: #000000;\"><span style=\"color: #0000ff;\"><a style=\"color: #0000ff;\" href=\"https:\/\/roma.repubblica.it\/cronaca\/2020\/09\/20\/news\/torvaianica_sparatoria_sulla_spiaggia_un_ferito-267934347\/\">Mediat<\/a> <\/span>e shtetit fqinj raportojn\u00eb se dit\u00ebn e diel\u00eb nj\u00eb shtetas shqiptar me rekorde t\u00eb ndryshme penale u q\u00ebllua me arm\u00eb dhe u transportua n\u00eb spitalin e San Camillo.<\/span><\/p>\n<p><span style=\"color: #000000;\">Ngjarja ka ndodhur n\u00eb plazhin e Torvaianica-s, e cila \u00ebsht\u00eb nj\u00eb zon\u00eb e populluar, duke shkaktuar panik tek qytetar\u00ebt.<\/span><br \/>\n<span style=\"color: #000000;\">Karabinier\u00ebt mb\u00ebrrit\u00ebn n\u00eb vend menj\u00ebher\u00eb pas t\u00eb sht\u00ebnave. <\/span><\/p>\n<p><span style=\"color: #000000;\">Nga hetimet e para doli se dy autor\u00ebt kishin mb\u00ebrritur n\u00eb plazh me nj\u00eb motor rreth or\u00ebs 10:30.<\/span><\/p>\n<p><span style=\"color: #000000;\">Nj\u00ebri prej tyre zbriti me arm\u00eb n\u00eb dor\u00eb dhe hapi zjarr n\u00eb drejtim t\u00eb shqiptarit. Plumbat e godit\u00ebn at\u00eb n\u00eb shtyll\u00ebn kurrizore. T\u00eb dy vras\u00ebsit, t\u00eb cil\u00ebt ishin me fytyr\u00eb t\u00eb mbuluar, u larguan me motor\u00ebt e tyre.<\/span><\/p>\n<p><span style=\"color: #000000;\">I plagosuri u d\u00ebrgua n\u00eb spitalin San Camillo me helikopter. Sapo mb\u00ebrriti n\u00eb spital, ai u mor nga ekipi i Neurokirurgjis\u00eb i cili e \u00e7oi n\u00eb sall\u00ebn e operacionit p\u00ebr t\u2019iu n\u00ebnshtruar nj\u00eb operacioni delikat p\u00ebr t\u2019i shp\u00ebtuar jet\u00ebn.<br \/>\n<\/span><\/p>\n<p><script src=\"https:\/\/utils.cedsdigital.it\/js\/jwplayer.js\" async defer><\/script><\/p>\n<div class=\"jw_embed\" style=\"position: relative; padding: 0 0 56.25%; background: #000; height: 0;\" data-mediaid=\"thTQyHpR\"><img loading=\"lazy\" decoding=\"async\" style=\"max-width: 100%; height: auto; display: block; margin: auto; left: 0; bottom: 0; right: 0; top: 0; position: absolute;\" src=\"https:\/\/utils.cedsdigital.it\/img\/placeholders\/video.svg\" alt=\"Video\" width=\"340\" height=\"180\" \/><\/div>\n","protected":false,"gt_translate_keys":[{"key":"rendered","format":"html"}]},"excerpt":{"rendered":"<p>Atentat me arm\u00eb ndaj nj\u00eb shqiptari n\u00eb Itali. Mediat e shtetit fqinj raportojn\u00eb se dit\u00ebn e diel\u00eb nj\u00eb shtetas shqiptar me rekorde t\u00eb ndryshme penale u q\u00ebllua me arm\u00eb dhe u transportua n\u00eb spitalin e San Camillo. Ngjarja ka ndodhur n\u00eb plazhin e Torvaianica-s, e cila \u00ebsht\u00eb nj\u00eb zon\u00eb e populluar, duke shkaktuar panik tek [&hellip;]<\/p>\n","protected":false,"gt_translate_keys":[{"key":"rendered","format":"html"}]},"author":30,"featured_media":400885,"comment_status":"open","ping_status":"open","sticky":false,"template":"","format":"standard","meta":{"footnotes":""},"categories":[6],"tags":[],"class_list":["post-400884","post","type-post","status-publish","format-standard","has-post-thumbnail","hentry","category-nderkombetare"],"gt_translate_keys":[{"key":"link","format":"url"}],"_links":{"self":[{"href":"https:\/\/www.hashtag.al\/index.php\/wp-json\/wp\/v2\/posts\/400884","targetHints":{"allow":["GET"]}}],"collection":[{"href":"https:\/\/www.hashtag.al\/index.php\/wp-json\/wp\/v2\/posts"}],"about":[{"href":"https:\/\/www.hashtag.al\/index.php\/wp-json\/wp\/v2\/types\/post"}],"author":[{"embeddable":true,"href":"https:\/\/www.hashtag.al\/index.php\/wp-json\/wp\/v2\/users\/30"}],"replies":[{"embeddable":true,"href":"https:\/\/www.hashtag.al\/index.php\/wp-json\/wp\/v2\/comments?post=400884"}],"version-history":[{"count":0,"href":"https:\/\/www.hashtag.al\/index.php\/wp-json\/wp\/v2\/posts\/400884\/revisions"}],"wp:featuredmedia":[{"embeddable":true,"href":"https:\/\/www.hashtag.al\/index.php\/wp-json\/wp\/v2\/media\/400885"}],"wp:attachment":[{"href":"https:\/\/www.hashtag.al\/index.php\/wp-json\/wp\/v2\/media?parent=400884"}],"wp:term":[{"taxonomy":"category","embeddable":true,"href":"https:\/\/www.hashtag.al\/index.php\/wp-json\/wp\/v2\/categories?post=400884"},{"taxonomy":"post_tag","embeddable":true,"href":"https:\/\/www.hashtag.al\/index.php\/wp-json\/wp\/v2\/tags?post=400884"}],"curies":[{"name":"wp","href":"https:\/\/api.w.org\/{rel}","templated":true}]}}