{"id":400796,"date":"2020-09-20T18:41:49","date_gmt":"2020-09-20T16:41:49","guid":{"rendered":"https:\/\/hashtag.al\/?p=400796"},"modified":"2020-09-20T18:41:49","modified_gmt":"2020-09-20T16:41:49","slug":"protesta-ne-gjermani-e-spanje-kunder-kufizimeve-mbi-covid-19","status":"publish","type":"post","link":"https:\/\/www.hashtag.al\/index.php\/2020\/09\/20\/protesta-ne-gjermani-e-spanje-kunder-kufizimeve-mbi-covid-19\/","title":{"rendered":"Protesta n\u00eb Gjermani e Spanj\u00eb kund\u00ebr kufizimeve mbi Covid-19","gt_translate_keys":[{"key":"rendered","format":"text"}]},"content":{"rendered":"<p><img loading=\"lazy\" decoding=\"async\" class=\"aligncenter size-full wp-image-400797\" src=\"https:\/\/hashtag.al\/wp-content\/uploads\/2020\/09\/dyseldorf.jpg\" alt=\"\" width=\"1200\" height=\"675\" srcset=\"https:\/\/www.hashtag.al\/wp-content\/uploads\/2020\/09\/dyseldorf.jpg 1200w, https:\/\/www.hashtag.al\/wp-content\/uploads\/2020\/09\/dyseldorf-300x169.jpg 300w, https:\/\/www.hashtag.al\/wp-content\/uploads\/2020\/09\/dyseldorf-768x432.jpg 768w, https:\/\/www.hashtag.al\/wp-content\/uploads\/2020\/09\/dyseldorf-1024x576.jpg 1024w\" sizes=\"auto, (max-width: 1200px) 100vw, 1200px\" \/><\/p>\n<p><span style=\"color: #000000;\">Mij\u00ebra qytetar\u00eb u mblodh\u00ebn n\u00eb Gjermani e Spanj\u00eb p\u00ebr t\u00eb kund\u00ebrshtuar kufizimet e qeverive respektive lidhur me pandemin\u00eb Covid-19. <\/span><\/p>\n<p><span style=\"color: #000000;\">N\u00eb Gjermani protesta u zhvillua n\u00eb Dyseldorf, ku qytetar\u00ebt mbanin n\u00eb duar pankarta me sh\u00ebnimet; \u2018fund panikut, pandemia e koron\u00ebs \u00ebsht\u00eb nj\u00eb g\u00ebnjesht\u00ebr\u2019 dhe \u2018rebel\u00ebt e koron\u00ebs\u2019. Ata brohorisnin gjithashtu \u2018Lironi Julian Assange\u2019. <\/span><\/p>\n<p><span style=\"color: #000000;\">Ata nuk mbanin maska nd\u00ebrkoh\u00eb q\u00eb protestonin. Protest\u00eb u zhvillua edhe n\u00eb kryeqytetin e Spanj\u00ebs, Madrid. Ata kund\u00ebrshtojn\u00eb kufizimet e vendosura nga kryebashkiaku lidhur me pandemin\u00eb Covid-19. <\/span><\/p>\n<p><span style=\"color: #000000;\">Ndryshe nga protestuesit n\u00eb Gjermani, ata mbanin maska n\u00eb fytyr\u00eb dhe u p\u00ebrpoq\u00ebn t\u00eb ruajn\u00eb larg\u00ebsin\u00eb fizike t\u00eb k\u00ebrkuar na autoritetet. Ata b\u00ebn\u00eb thirrje q\u00eb presidenti rajonal, Isabel Diaz Ayuso, t\u00eb dor\u00ebrhiqej.<\/span><\/p>\n","protected":false,"gt_translate_keys":[{"key":"rendered","format":"html"}]},"excerpt":{"rendered":"<p>Mij\u00ebra qytetar\u00eb u mblodh\u00ebn n\u00eb Gjermani e Spanj\u00eb p\u00ebr t\u00eb kund\u00ebrshtuar kufizimet e qeverive respektive lidhur me pandemin\u00eb Covid-19. N\u00eb Gjermani protesta u zhvillua n\u00eb Dyseldorf, ku qytetar\u00ebt mbanin n\u00eb duar pankarta me sh\u00ebnimet; \u2018fund panikut, pandemia e koron\u00ebs \u00ebsht\u00eb nj\u00eb g\u00ebnjesht\u00ebr\u2019 dhe \u2018rebel\u00ebt e koron\u00ebs\u2019. Ata brohorisnin gjithashtu \u2018Lironi Julian Assange\u2019. Ata nuk mbanin [&hellip;]<\/p>\n","protected":false,"gt_translate_keys":[{"key":"rendered","format":"html"}]},"author":51,"featured_media":400797,"comment_status":"open","ping_status":"open","sticky":false,"template":"","format":"standard","meta":{"footnotes":""},"categories":[6],"tags":[],"class_list":["post-400796","post","type-post","status-publish","format-standard","has-post-thumbnail","hentry","category-nderkombetare"],"gt_translate_keys":[{"key":"link","format":"url"}],"_links":{"self":[{"href":"https:\/\/www.hashtag.al\/index.php\/wp-json\/wp\/v2\/posts\/400796","targetHints":{"allow":["GET"]}}],"collection":[{"href":"https:\/\/www.hashtag.al\/index.php\/wp-json\/wp\/v2\/posts"}],"about":[{"href":"https:\/\/www.hashtag.al\/index.php\/wp-json\/wp\/v2\/types\/post"}],"author":[{"embeddable":true,"href":"https:\/\/www.hashtag.al\/index.php\/wp-json\/wp\/v2\/users\/51"}],"replies":[{"embeddable":true,"href":"https:\/\/www.hashtag.al\/index.php\/wp-json\/wp\/v2\/comments?post=400796"}],"version-history":[{"count":0,"href":"https:\/\/www.hashtag.al\/index.php\/wp-json\/wp\/v2\/posts\/400796\/revisions"}],"wp:featuredmedia":[{"embeddable":true,"href":"https:\/\/www.hashtag.al\/index.php\/wp-json\/wp\/v2\/media\/400797"}],"wp:attachment":[{"href":"https:\/\/www.hashtag.al\/index.php\/wp-json\/wp\/v2\/media?parent=400796"}],"wp:term":[{"taxonomy":"category","embeddable":true,"href":"https:\/\/www.hashtag.al\/index.php\/wp-json\/wp\/v2\/categories?post=400796"},{"taxonomy":"post_tag","embeddable":true,"href":"https:\/\/www.hashtag.al\/index.php\/wp-json\/wp\/v2\/tags?post=400796"}],"curies":[{"name":"wp","href":"https:\/\/api.w.org\/{rel}","templated":true}]}}