{"id":400740,"date":"2020-09-20T13:36:09","date_gmt":"2020-09-20T11:36:09","guid":{"rendered":"https:\/\/hashtag.al\/?p=400740"},"modified":"2020-09-20T14:38:00","modified_gmt":"2020-09-20T12:38:00","slug":"profesori-danez-suedia-eshte-afer-arritjes-se-imunitetit-te-tufes","status":"publish","type":"post","link":"https:\/\/www.hashtag.al\/index.php\/2020\/09\/20\/profesori-danez-suedia-eshte-afer-arritjes-se-imunitetit-te-tufes\/","title":{"rendered":"Profesori danez: Suedia \u00ebsht\u00eb af\u00ebr arritjes s\u00eb imunitetit t\u00eb tuf\u00ebs","gt_translate_keys":[{"key":"rendered","format":"text"}]},"content":{"rendered":"<p><img loading=\"lazy\" decoding=\"async\" class=\"aligncenter size-full wp-image-400741\" src=\"https:\/\/hashtag.al\/wp-content\/uploads\/2020\/09\/suedi.jpg\" alt=\"\" width=\"980\" height=\"551\" srcset=\"https:\/\/www.hashtag.al\/wp-content\/uploads\/2020\/09\/suedi.jpg 980w, https:\/\/www.hashtag.al\/wp-content\/uploads\/2020\/09\/suedi-300x169.jpg 300w, https:\/\/www.hashtag.al\/wp-content\/uploads\/2020\/09\/suedi-768x432.jpg 768w\" sizes=\"auto, (max-width: 980px) 100vw, 980px\" \/><\/p>\n<p><span style=\"color: #000000;\">Nd\u00ebrsa pjesa m\u00eb e madhe e Evrop\u00ebs po lufton t\u00eb p\u00ebrmbaj\u00eb nj\u00eb val\u00eb t\u00eb dyt\u00eb t\u00eb infeksioneve t\u00eb koronavirusit, nj\u00eb profesor danez ka pohuar se pandemia &#8220;mund t\u00eb p\u00ebrfundoj\u00eb&#8221; n\u00eb Suedi, fal\u00eb imunitetit t\u00eb tuf\u00ebs.<\/span><\/p>\n<p><span style=\"color: #000000;\">Suedia regjistroi 224 raste t\u00eb Covid-19 t\u00eb enjten, nj\u00eb num\u00ebr af\u00ebrsisht i nj\u00ebjt\u00eb me infeksionet e reja ditore p\u00ebr dy muajt e fundit. Asnj\u00eb pacient nuk vdiq. Sidoqoft\u00eb, situata n\u00eb pjes\u00ebn m\u00eb t\u00eb madhe t\u00eb Evrop\u00ebs \u00ebsht\u00eb e ndryshme.<\/span><\/p>\n<p><span style=\"color: #000000;\">300,000 raste t\u00eb reja u regjistruan n\u00eb t\u00eb gjith\u00eb kontinentin jav\u00ebn e kaluar, me Organizat\u00ebn Bot\u00ebrore t\u00eb Sh\u00ebndet\u00ebsis\u00eb duke e quajtur rritjen e infeksioneve nj\u00eb &#8220;thirrje zgjimi&#8221;.<\/span><\/p>\n<p><span style=\"color: #000000;\">Edhe fqinji i Suedis\u00eb, Danimarka, pa nj\u00eb mesatare prej 61 rastesh p\u00ebr 1 milion njer\u00ebz gjat\u00eb gjith\u00eb jav\u00ebs, krahasuar me 23 raste relativisht modeste t\u00eb Suedis\u00eb.<\/span><\/p>\n<p><span style=\"color: #000000;\">Kim Sneppen, nj\u00eb profesor i biokompleksitetit n\u00eb Institutin Niels Bohr t\u00eb Kopenhag\u00ebs, beson se suedez\u00ebt m\u00eb n\u00eb fund po zhvillojn\u00eb imunitetin e tuf\u00ebs \u2019ndaj virusit vdekjeprur\u00ebs.<\/span><\/p>\n<p><span style=\"color: #000000;\">&#8220;<em>Ka indikacione se suedez\u00ebt kan\u00eb fituar nj\u00eb element t\u00eb imunitetit ndaj s\u00ebmundjes, i cili, s\u00eb bashku me gjith\u00e7ka tjet\u00ebr q\u00eb po b\u00ebjn\u00eb p\u00ebr t\u00eb parandaluar p\u00ebrhapjen e infeksionit, \u00ebsht\u00eb e mjaftueshme p\u00ebr t\u00eb mbajtur s\u00ebmundjen posht\u00eb<\/em>,&#8221; \u00a0tha ai p\u00ebr Politiken k\u00ebt\u00eb jav\u00eb.<\/span><\/p>\n<p><span style=\"color: #000000;\">Kur nj\u00eb p\u00ebrqindje t\u00eb caktuar t\u00eb popullsis\u00eb q\u00eb \u00ebsht\u00eb infektuar me nj\u00eb virus, \u00ebsht\u00eb rikuperuar dhe \u00ebsht\u00eb rritur imuniteti, virusi nuk mund t\u00eb gjej\u00eb m\u00eb shum\u00eb mbajt\u00ebs t\u00eb rinj p\u00ebr tu p\u00ebrhapur. N\u00eb k\u00ebt\u00eb pik\u00eb, popullata ka arritur imunitetin e tuf\u00ebs \u2019ndaj virusit. N\u00eb m\u00ebnyr\u00eb tipike, 60 p\u00ebrqind e popullsis\u00eb duhet t\u00eb infektohet p\u00ebr t\u00eb arritur k\u00ebt\u00eb pik\u00eb, por matematikani i Universitetit t\u00eb Stokholmit Tom Britton i tha Politiken se edhe &#8220;imuniteti 20 p\u00ebrqind b\u00ebn nj\u00eb ndryshim mjaft t\u00eb madh&#8221;.<\/span><\/p>\n<p><span style=\"color: #000000;\">Sidoqoft\u00eb, imuniteti i tuf\u00ebs ishte nj\u00eb koncept i diskutuesh\u00ebm n\u00eb fillim t\u00eb pandemis\u00eb s\u00eb koronavirusit. Kryeministri britanik Boris Johnson u kritikua n\u00eb media p\u00ebr sugjerimin se MB mund t\u00eb marr\u00eb virusin natyralisht dhe t\u00eb p\u00ebsoj\u00eb nj\u00eb rritje afatshkurt\u00ebr t\u00eb vdekjeve n\u00eb k\u00ebmbim t\u00eb imunitetit t\u00eb tuf\u00ebs n\u00eb planin afatgjat\u00eb.<\/span><\/p>\n<p><span style=\"color: #000000;\">Suedia ishte i vetmi vend evropian q\u00eb p\u00ebrqafoi k\u00ebt\u00eb ide dhe vendosi t\u00eb mos zbatonte nj\u00eb bllokim. Grumbullimet e m\u00eb shum\u00eb se 50 njer\u00ebzve u ndaluan dhe t\u00eb moshuarve u tha q\u00eb t\u00eb q\u00ebndronin n\u00eb sht\u00ebpi. Nga ana tjet\u00ebr maskat nuk rekomandoheshin, dhe baret, restorantet, shkollat \u200b\u200bdhe bizneset mbet\u00ebn t\u00eb hapura. Qytetar\u00ebve iu k\u00ebrkua, nuk u urdh\u00ebruan, t\u00eb praktikonin distancimin shoq\u00ebror dhe t\u00eb punonin nga sht\u00ebpia n\u00ebse ishte e mundur.<\/span><\/p>\n<p><span style=\"color: #000000;\">P\u00ebrkundrazi, Danimarka ishte nj\u00eb nga vendet e para evropiane q\u00eb vendosi nj\u00eb bllokim ndaj qytetar\u00ebve t\u00eb saj. T\u00eb gjitha shkollat \u200b\u200bu mbyll\u00ebn dhe pun\u00ebtor\u00ebt jo-thelb\u00ebsor\u00eb u urdh\u00ebruan t\u00eb q\u00ebndronin n\u00eb sht\u00ebpi. Takimet e m\u00eb shum\u00eb se dhjet\u00eb njer\u00ebzve ishin t\u00eb ndaluara dhe qendrat tregtare, baret, restorantet dhe bizneset e kontaktit t\u00eb ngusht\u00eb si sallonet dhe palestrat u mbyll\u00ebn.<\/span><\/p>\n<p><span style=\"color: #000000;\">K\u00ebto kufizime u hoq\u00ebn n\u00eb qershor, por vendi q\u00eb at\u00ebher\u00eb ka p\u00ebrjetuar nj\u00eb rritje t\u00eb infeksioneve t\u00eb reja. 454 raste t\u00eb Covid-19 u raportuan t\u00eb Premten, numri m\u00eb i lart\u00eb ditor q\u00eb nga fillimi i pandemis\u00eb.<\/span><\/p>\n<p><span style=\"color: #000000;\">Suedia, megjithat\u00eb, pagoi nj\u00eb \u00e7mim p\u00ebr suksesin e saj n\u00eb dukje afatgjat\u00eb. N\u00eb 580, numri i vdekjeve t\u00eb vendit p\u00ebr 1 milion banor\u00eb \u00ebsht\u00eb pes\u00eb her\u00eb m\u00eb i lart\u00eb se 109 i Danimark\u00ebs &#8211; dhe shkalla e vdekjeve ishte shum\u00eb m\u00eb e lart\u00eb n\u00eb Suedi n\u00eb Prill, Maj dhe Qershor sesa ishte n\u00eb Danimark\u00eb.<\/span><\/p>\n<p><span style=\"color: #000000;\">&#8220;<em>Kjo \u00ebsht\u00eb ajo q\u00eb ata kan\u00eb paguar. Nga ana pozitive, ata tani mund t\u00eb mbarojn\u00eb pun\u00eb me epidemin\u00eb,<\/em>&#8221; tha Sneppen.<\/span><\/p>\n<p><span style=\"color: #000000;\">Sidoqoft\u00eb, shkalla e fatalitetit t\u00eb Suedis\u00eb \u00ebsht\u00eb akoma m\u00eb e ul\u00ebt se disa vende q\u00eb zbatuan bllokime t\u00eb ashpra, si Spanja dhe Britania e Madhe, p\u00ebrkat\u00ebsisht me 652 dhe 614 vdekje p\u00ebr 1 milion.<\/span><\/p>\n<p><span style=\"color: #000000;\">N\u00eb fund t\u00eb majit, rreth gjysma e vdekjeve t\u00eb Suedis\u00eb kishin ndodhur n\u00eb sht\u00ebpit\u00eb e t\u00eb moshuarve dhe k\u00ebto fatalitete shkaktuan nj\u00eb burim zem\u00ebrimi publik n\u00eb fillim t\u00eb k\u00ebsaj vere. Nd\u00ebrsa qarkullonin histori t\u00eb pacient\u00ebve t\u00eb moshuar t\u00eb l\u00ebn\u00eb p\u00ebr t\u00eb vdekur n\u00eb k\u00ebto ambiente, Kryeministri Stefan Lofven pranoi se qeveria e tij &#8220;<em>nuk arriti t\u00eb mbroj\u00eb njer\u00ebzit m\u00eb t\u00eb preksh\u00ebm, m\u00eb t\u00eb moshuarit, megjith\u00eb q\u00ebllimet tona m\u00eb t\u00eb mira<\/em>&#8220;.<\/span><\/p>\n<p><span style=\"color: #000000;\">Pavar\u00ebsisht nga numri i t\u00eb vdekurve, kryepidemiologu suedez, Anders Tegnell, tha p\u00ebr France24, jav\u00ebn e kaluar se &#8220;<em>ne jemi t\u00eb k\u00ebnaqur me strategjin\u00eb ton\u00eb<\/em>&#8220;, duke shtuar: &#8220;ne po shkojm\u00eb drejt vjesht\u00ebs me nj\u00ebfar\u00eb besimi&#8221;.\/<strong>Hashtag.al<\/strong><\/span><\/p>\n<p><strong><span style=\"color: #ff0000;\">VINI RE: <\/span><\/strong><span style=\"color: #000000;\">Materiali \u00ebsht\u00eb pron\u00ebsi intelektuale e <span style=\"color: #0000ff;\">RT<\/span>, p\u00ebrktheu n\u00eb shqip<\/span> <strong>Klaudio Agolli<\/strong><\/p>\n","protected":false,"gt_translate_keys":[{"key":"rendered","format":"html"}]},"excerpt":{"rendered":"<p>Nd\u00ebrsa pjesa m\u00eb e madhe e Evrop\u00ebs po lufton t\u00eb p\u00ebrmbaj\u00eb nj\u00eb val\u00eb t\u00eb dyt\u00eb t\u00eb infeksioneve t\u00eb koronavirusit, nj\u00eb profesor danez ka pohuar se pandemia &#8220;mund t\u00eb p\u00ebrfundoj\u00eb&#8221; n\u00eb Suedi, fal\u00eb imunitetit t\u00eb tuf\u00ebs. Suedia regjistroi 224 raste t\u00eb Covid-19 t\u00eb enjten, nj\u00eb num\u00ebr af\u00ebrsisht i nj\u00ebjt\u00eb me infeksionet e reja ditore p\u00ebr dy [&hellip;]<\/p>\n","protected":false,"gt_translate_keys":[{"key":"rendered","format":"html"}]},"author":32,"featured_media":400741,"comment_status":"open","ping_status":"open","sticky":false,"template":"","format":"standard","meta":{"footnotes":""},"categories":[22,6,13],"tags":[],"class_list":["post-400740","post","type-post","status-publish","format-standard","has-post-thumbnail","hentry","category-ballina","category-nderkombetare","category-te-fundit"],"gt_translate_keys":[{"key":"link","format":"url"}],"_links":{"self":[{"href":"https:\/\/www.hashtag.al\/index.php\/wp-json\/wp\/v2\/posts\/400740","targetHints":{"allow":["GET"]}}],"collection":[{"href":"https:\/\/www.hashtag.al\/index.php\/wp-json\/wp\/v2\/posts"}],"about":[{"href":"https:\/\/www.hashtag.al\/index.php\/wp-json\/wp\/v2\/types\/post"}],"author":[{"embeddable":true,"href":"https:\/\/www.hashtag.al\/index.php\/wp-json\/wp\/v2\/users\/32"}],"replies":[{"embeddable":true,"href":"https:\/\/www.hashtag.al\/index.php\/wp-json\/wp\/v2\/comments?post=400740"}],"version-history":[{"count":0,"href":"https:\/\/www.hashtag.al\/index.php\/wp-json\/wp\/v2\/posts\/400740\/revisions"}],"wp:featuredmedia":[{"embeddable":true,"href":"https:\/\/www.hashtag.al\/index.php\/wp-json\/wp\/v2\/media\/400741"}],"wp:attachment":[{"href":"https:\/\/www.hashtag.al\/index.php\/wp-json\/wp\/v2\/media?parent=400740"}],"wp:term":[{"taxonomy":"category","embeddable":true,"href":"https:\/\/www.hashtag.al\/index.php\/wp-json\/wp\/v2\/categories?post=400740"},{"taxonomy":"post_tag","embeddable":true,"href":"https:\/\/www.hashtag.al\/index.php\/wp-json\/wp\/v2\/tags?post=400740"}],"curies":[{"name":"wp","href":"https:\/\/api.w.org\/{rel}","templated":true}]}}