{"id":400727,"date":"2020-09-20T12:11:19","date_gmt":"2020-09-20T10:11:19","guid":{"rendered":"https:\/\/hashtag.al\/?p=400727"},"modified":"2020-09-20T12:24:57","modified_gmt":"2020-09-20T10:24:57","slug":"a-po-ben-propagande-veliaj-me-bamiresit-dhe-parate-e-bashkimit-evropian","status":"publish","type":"post","link":"https:\/\/www.hashtag.al\/index.php\/2020\/09\/20\/a-po-ben-propagande-veliaj-me-bamiresit-dhe-parate-e-bashkimit-evropian\/","title":{"rendered":"A po b\u00ebn propagand\u00eb Veliaj me bamir\u00ebsit dhe parat\u00eb e Bashkimit Evropian?","gt_translate_keys":[{"key":"rendered","format":"text"}]},"content":{"rendered":"<p><img loading=\"lazy\" decoding=\"async\" class=\"aligncenter size-full wp-image-400728\" src=\"https:\/\/hashtag.al\/wp-content\/uploads\/2020\/09\/veliaj-xhesika-berberi.png\" alt=\"\" width=\"900\" height=\"467\" srcset=\"https:\/\/www.hashtag.al\/wp-content\/uploads\/2020\/09\/veliaj-xhesika-berberi.png 900w, https:\/\/www.hashtag.al\/wp-content\/uploads\/2020\/09\/veliaj-xhesika-berberi-300x156.png 300w, https:\/\/www.hashtag.al\/wp-content\/uploads\/2020\/09\/veliaj-xhesika-berberi-768x399.png 768w\" sizes=\"auto, (max-width: 900px) 100vw, 900px\" \/><\/p>\n<p><span style=\"color: #000000;\">T\u00ebrmeti i 26 n\u00ebntorit t\u00eb vitit t\u00eb kaluar shembi mij\u00ebra sht\u00ebpi n\u00eb tre qarqe t\u00eb vendit dhe la n\u00eb qiell t\u00eb hapur familje t\u00eb t\u00ebra, si edhe shkaktoi dhjet\u00ebra viktima t\u00eb cilat mbet\u00ebn n\u00eb rr\u00ebnoja.<\/span><\/p>\n<p><span style=\"color: #000000;\">Por pas t\u00ebrmetit do vinte radha e procesit t\u00eb rind\u00ebrtimit dhe procesi m\u00eb i v\u00ebshtir\u00eb ishte gjetja e parave p\u00ebr nd\u00ebrtimin e sht\u00ebpive dhe akomodimin e qytetar\u00ebve t\u00eb mbetur pa banesat e tyre.<\/span><\/p>\n<p><span style=\"color: #000000;\">N\u00eb konferenc\u00ebn e donator\u00ebve Shqip\u00ebris\u00eb iu premtuan 1.1 miliard\u00eb euro p\u00ebr procesin e rind\u00ebrtimit p\u00ebrve\u00e7 fondeve t\u00eb buxhetit t\u00eb shtetit apo edhe donator\u00ebve vendas.<\/span><\/p>\n<p><span style=\"color: #000000;\">Pas k\u00ebtij procesi ka nisur rind\u00ebrtimi i sht\u00ebpive t\u00eb para dhe duket se bamir\u00ebsit jan\u00eb nj\u00eb hap para.<\/span><\/p>\n<p><span style=\"color: #000000;\">Dit\u00ebn e sotme modelja q\u00eb punon n\u00eb Nju Jork Xhesika Berberi dor\u00ebzoi \u00e7el\u00ebsat p\u00ebr familjen \u00c7akirri n\u00eb Ndroq t\u00eb Bashkis\u00eb s\u00eb Tiran\u00ebs.<\/span><\/p>\n<p><span style=\"color: #000000;\">N\u00eb dh\u00ebnien e sht\u00ebpive nuk mund t\u00eb mungonte kryetari i Bashkis\u00eb Erion Veliaj i cili shoq\u00ebronte modelen.<\/span><\/p>\n<p><span style=\"color: #000000;\">Edhe pse duket larg dita kur me fondet e shtetit apo t\u00eb BE-s\u00eb t\u00eb jepen sht\u00ebpit\u00eb e para Veliaj nuk nguron t\u00eb shfaqet krahas bamir\u00ebsve t\u00eb ndrysh\u00ebm p\u00ebr t\u00eb inauguruar sht\u00ebpit\u00eb.<\/span><\/p>\n<p><span style=\"color: #000000;\">\u201c<em>Shteti b\u00ebn sa mundet, por edhe shteti ka limite. Kur shteti nuk i b\u00ebn t\u00eb gjitha gj\u00ebrat vet\u00eb, k\u00ebrkon ndihm\u00eb nga shoq\u00ebria, nga njer\u00ebzit e famsh\u00ebm, nga ata q\u00eb kan\u00eb mund\u00ebsi, nga njer\u00ebz q\u00eb frym\u00ebzojn\u00eb t\u00eb tjer\u00ebt. Fal\u00eb Xhesik\u00ebs, Adrola Dushit dhe gjith\u00eb artist\u00ebve t\u00eb tjer\u00eb, q\u00eb kan\u00eb nj\u00eb reputacion, n\u00eb vend q\u00eb ta p\u00ebrdorin reputacionin p\u00ebr m\u00eb shum\u00eb vanitet, p\u00ebr Instagram e Facebook, vendos\u00ebn q\u00eb k\u00ebt\u00eb reputacion ta shfryt\u00ebzojn\u00eb per t\u2019i b\u00ebr\u00eb sht\u00ebpin\u00eb Nuriut dhe Enos s\u00eb vog\u00ebl. Ndaj, edhe un\u00eb e kam zemr\u00ebn plot me mir\u00ebnjohje p\u00ebr ta. Ne do ta b\u00ebjm\u00eb pun\u00ebn ton\u00eb, jemi n\u00eb nj\u00eb faz\u00eb ku kemi 1 mij\u00eb sht\u00ebpi t\u00eb porositura, por \u00e7do njeri q\u00eb na heq nj\u00eb pjes\u00eb t\u00eb barr\u00ebs, na jep nje dor\u00eb<\/em>\u201d- tha Veliaj.<\/span><\/p>\n<p><span style=\"color: #000000;\">Pas k\u00ebtyre deklaratave t\u00eb Veliajt i cili shtrin dor\u00ebn sa her\u00eb ka nevoj\u00eb p\u00ebr t\u00eb kryer pun\u00eb publike lind pyetja \u201c<em>A po b\u00ebn Veliaj propagand\u00eb me parat\u00eb e bamir\u00ebsve dhe Bashkimit Evropian?\u201d<\/em><\/span><\/p>\n<p><span style=\"color: #000000;\">Sa sht\u00ebpi jan\u00eb nd\u00ebrtuar me parat\u00eb e buxhetit t\u00eb shtetit deri m\u00eb tani?<\/span><\/p>\n<p><span style=\"color: #000000;\">\u00c7far\u00eb do ndodh\u00eb me buxhetin n\u00eb dispozicion t\u00eb nd\u00ebrtimit t\u00eb sht\u00ebpive individuale n\u00ebse i marrin p\u00ebrsip\u00ebr bamir\u00ebsit?<\/span><\/p>\n<p><span style=\"color: #000000;\">Si po shp\u00ebrndahen fondet e dh\u00ebna nga Bashkimi Evropian p\u00ebr rind\u00ebrtimin?<\/span><\/p>\n<p><span style=\"color: #000000;\">Kur do filloj\u00eb nd\u00ebrtimi i lagjeve n\u00eb qytet p\u00ebr pallatet e shembura?<\/span><\/p>\n<p><span style=\"color: #000000;\">Qeveria shqiptare karakterizohet nga shtrirja e dor\u00ebs te bamir\u00ebs si Samir Mane, Elvis Na\u00e7i apo Fundjava Ndryshe\/<strong>Hashtag.al<\/strong><\/span><\/p>\n","protected":false,"gt_translate_keys":[{"key":"rendered","format":"html"}]},"excerpt":{"rendered":"<p>T\u00ebrmeti i 26 n\u00ebntorit t\u00eb vitit t\u00eb kaluar shembi mij\u00ebra sht\u00ebpi n\u00eb tre qarqe t\u00eb vendit dhe la n\u00eb qiell t\u00eb hapur familje t\u00eb t\u00ebra, si edhe shkaktoi dhjet\u00ebra viktima t\u00eb cilat mbet\u00ebn n\u00eb rr\u00ebnoja. Por pas t\u00ebrmetit do vinte radha e procesit t\u00eb rind\u00ebrtimit dhe procesi m\u00eb i v\u00ebshtir\u00eb ishte gjetja e parave p\u00ebr [&hellip;]<\/p>\n","protected":false,"gt_translate_keys":[{"key":"rendered","format":"html"}]},"author":32,"featured_media":400728,"comment_status":"open","ping_status":"open","sticky":false,"template":"","format":"standard","meta":{"footnotes":""},"categories":[22,65,13,1],"tags":[],"class_list":["post-400727","post","type-post","status-publish","format-standard","has-post-thumbnail","hentry","category-ballina","category-lajme","category-te-fundit","category-uncategorized"],"gt_translate_keys":[{"key":"link","format":"url"}],"_links":{"self":[{"href":"https:\/\/www.hashtag.al\/index.php\/wp-json\/wp\/v2\/posts\/400727","targetHints":{"allow":["GET"]}}],"collection":[{"href":"https:\/\/www.hashtag.al\/index.php\/wp-json\/wp\/v2\/posts"}],"about":[{"href":"https:\/\/www.hashtag.al\/index.php\/wp-json\/wp\/v2\/types\/post"}],"author":[{"embeddable":true,"href":"https:\/\/www.hashtag.al\/index.php\/wp-json\/wp\/v2\/users\/32"}],"replies":[{"embeddable":true,"href":"https:\/\/www.hashtag.al\/index.php\/wp-json\/wp\/v2\/comments?post=400727"}],"version-history":[{"count":0,"href":"https:\/\/www.hashtag.al\/index.php\/wp-json\/wp\/v2\/posts\/400727\/revisions"}],"wp:featuredmedia":[{"embeddable":true,"href":"https:\/\/www.hashtag.al\/index.php\/wp-json\/wp\/v2\/media\/400728"}],"wp:attachment":[{"href":"https:\/\/www.hashtag.al\/index.php\/wp-json\/wp\/v2\/media?parent=400727"}],"wp:term":[{"taxonomy":"category","embeddable":true,"href":"https:\/\/www.hashtag.al\/index.php\/wp-json\/wp\/v2\/categories?post=400727"},{"taxonomy":"post_tag","embeddable":true,"href":"https:\/\/www.hashtag.al\/index.php\/wp-json\/wp\/v2\/tags?post=400727"}],"curies":[{"name":"wp","href":"https:\/\/api.w.org\/{rel}","templated":true}]}}