{"id":400512,"date":"2020-09-18T21:38:07","date_gmt":"2020-09-18T19:38:07","guid":{"rendered":"https:\/\/hashtag.al\/?p=400512"},"modified":"2020-09-18T21:39:40","modified_gmt":"2020-09-18T19:39:40","slug":"u-qellua-bashke-me-te-birin-ne-durres-nderron-jete-ne-spital-39-vjecari","status":"publish","type":"post","link":"https:\/\/www.hashtag.al\/index.php\/2020\/09\/18\/u-qellua-bashke-me-te-birin-ne-durres-nderron-jete-ne-spital-39-vjecari\/","title":{"rendered":"U q\u00ebllua bashk\u00eb me t\u00eb birin n\u00eb Durr\u00ebs, nd\u00ebrron jet\u00eb n\u00eb spital 39-vje\u00e7ari","gt_translate_keys":[{"key":"rendered","format":"text"}]},"content":{"rendered":"<p><span style=\"color: #000000;\"><img loading=\"lazy\" decoding=\"async\" class=\"aligncenter size-full wp-image-400513\" src=\"https:\/\/hashtag.al\/wp-content\/uploads\/2020\/09\/durresplagosje.jpg\" alt=\"\" width=\"840\" height=\"440\" srcset=\"https:\/\/www.hashtag.al\/wp-content\/uploads\/2020\/09\/durresplagosje.jpg 840w, https:\/\/www.hashtag.al\/wp-content\/uploads\/2020\/09\/durresplagosje-300x157.jpg 300w, https:\/\/www.hashtag.al\/wp-content\/uploads\/2020\/09\/durresplagosje-768x402.jpg 768w\" sizes=\"auto, (max-width: 840px) 100vw, 840px\" \/><\/span><\/p>\n<p><span style=\"color: #000000;\">Ka nd\u00ebrruar jet\u00eb n\u00eb spital 39-vje\u00e7ari q\u00eb u plagos mbr\u00ebmjen e sotme n\u00eb Durr\u00ebs. <\/span><\/p>\n<p><span style=\"color: #000000;\">Armando Babo\u00e7i mori nj\u00eb plumb n\u00eb bark, nd\u00ebrsa i biri, 19-vje\u00e7ari Erald Gjini u plagos n\u00eb dor\u00eb. <\/span><\/p>\n<p><span style=\"color: #000000;\">Ngjarja e r\u00ebnd\u00eb ndodhi n\u00eb nj\u00eb lokal n\u00eb lagjen 13 t\u00eb Durr\u00ebsit.<\/span><\/p>\n<p><span style=\"color: #000000;\">Sipas policis\u00eb, b\u00ebhet fjal\u00eb p\u00ebr nj\u00eb p\u00ebrplasje t\u00eb ndodhur mes disa personave ku u p\u00ebrdor\u00ebn edhe arm\u00ebt e zjarrit. <\/span><\/p>\n<p><span style=\"color: #000000;\">Lidhur me ngjarjen jan\u00eb shoq\u00ebruar 6 personave mes t\u00eb cil\u00ebve sipas blvuve t\u00eb Durr\u00ebsit \u00ebsht\u00eb edhe autori i ngjarjes.<\/span><\/p>\n","protected":false,"gt_translate_keys":[{"key":"rendered","format":"html"}]},"excerpt":{"rendered":"<p>Ka nd\u00ebrruar jet\u00eb n\u00eb spital 39-vje\u00e7ari q\u00eb u plagos mbr\u00ebmjen e sotme n\u00eb Durr\u00ebs. Armando Babo\u00e7i mori nj\u00eb plumb n\u00eb bark, nd\u00ebrsa i biri, 19-vje\u00e7ari Erald Gjini u plagos n\u00eb dor\u00eb. Ngjarja e r\u00ebnd\u00eb ndodhi n\u00eb nj\u00eb lokal n\u00eb lagjen 13 t\u00eb Durr\u00ebsit. Sipas policis\u00eb, b\u00ebhet fjal\u00eb p\u00ebr nj\u00eb p\u00ebrplasje t\u00eb ndodhur mes disa personave [&hellip;]<\/p>\n","protected":false,"gt_translate_keys":[{"key":"rendered","format":"html"}]},"author":51,"featured_media":400513,"comment_status":"open","ping_status":"open","sticky":false,"template":"","format":"standard","meta":{"footnotes":""},"categories":[65,13],"tags":[],"class_list":["post-400512","post","type-post","status-publish","format-standard","has-post-thumbnail","hentry","category-lajme","category-te-fundit"],"gt_translate_keys":[{"key":"link","format":"url"}],"_links":{"self":[{"href":"https:\/\/www.hashtag.al\/index.php\/wp-json\/wp\/v2\/posts\/400512","targetHints":{"allow":["GET"]}}],"collection":[{"href":"https:\/\/www.hashtag.al\/index.php\/wp-json\/wp\/v2\/posts"}],"about":[{"href":"https:\/\/www.hashtag.al\/index.php\/wp-json\/wp\/v2\/types\/post"}],"author":[{"embeddable":true,"href":"https:\/\/www.hashtag.al\/index.php\/wp-json\/wp\/v2\/users\/51"}],"replies":[{"embeddable":true,"href":"https:\/\/www.hashtag.al\/index.php\/wp-json\/wp\/v2\/comments?post=400512"}],"version-history":[{"count":0,"href":"https:\/\/www.hashtag.al\/index.php\/wp-json\/wp\/v2\/posts\/400512\/revisions"}],"wp:featuredmedia":[{"embeddable":true,"href":"https:\/\/www.hashtag.al\/index.php\/wp-json\/wp\/v2\/media\/400513"}],"wp:attachment":[{"href":"https:\/\/www.hashtag.al\/index.php\/wp-json\/wp\/v2\/media?parent=400512"}],"wp:term":[{"taxonomy":"category","embeddable":true,"href":"https:\/\/www.hashtag.al\/index.php\/wp-json\/wp\/v2\/categories?post=400512"},{"taxonomy":"post_tag","embeddable":true,"href":"https:\/\/www.hashtag.al\/index.php\/wp-json\/wp\/v2\/tags?post=400512"}],"curies":[{"name":"wp","href":"https:\/\/api.w.org\/{rel}","templated":true}]}}