{"id":400486,"date":"2020-09-18T19:34:20","date_gmt":"2020-09-18T17:34:20","guid":{"rendered":"https:\/\/hashtag.al\/?p=400486"},"modified":"2020-09-18T20:13:32","modified_gmt":"2020-09-18T18:13:32","slug":"shfaqet-nje-tjeter-teori-mbi-navalny-n-su-helmua-me-caj-ne-aeroport-por-me-uje-ne-hotel","status":"publish","type":"post","link":"https:\/\/www.hashtag.al\/index.php\/2020\/09\/18\/shfaqet-nje-tjeter-teori-mbi-navalny-n-su-helmua-me-caj-ne-aeroport-por-me-uje-ne-hotel\/","title":{"rendered":"Shfaqet nj\u00eb tjet\u00ebr teori mbi Navalny-n, s&#8217;u helmua me \u00e7aj n\u00eb aeroport por me uj\u00eb n\u00eb hotel","gt_translate_keys":[{"key":"rendered","format":"text"}]},"content":{"rendered":"<p><img loading=\"lazy\" decoding=\"async\" class=\"aligncenter size-full wp-image-400487\" src=\"https:\/\/hashtag.al\/wp-content\/uploads\/2020\/09\/navalny-2.jpg\" alt=\"\" width=\"980\" height=\"551\" srcset=\"https:\/\/www.hashtag.al\/wp-content\/uploads\/2020\/09\/navalny-2.jpg 980w, https:\/\/www.hashtag.al\/wp-content\/uploads\/2020\/09\/navalny-2-300x169.jpg 300w, https:\/\/www.hashtag.al\/wp-content\/uploads\/2020\/09\/navalny-2-768x432.jpg 768w\" sizes=\"auto, (max-width: 980px) 100vw, 980px\" \/><\/p>\n<p>Gjermania por edhe vendet e tjera t\u00eb BE-s\u00eb kan\u00eb akuzuar Rusin\u00eb p\u00ebr helmimin e liderit t\u00eb opozit\u00ebs, Navalny, duke i k\u00ebrkuar me forc\u00eb q\u00eb t\u00eb gjej\u00eb p\u00ebrgjegj\u00ebsit e t\u2019i nxjerr\u00eb para drejt\u00ebsis\u00eb.<\/p>\n<p>Navaly u s\u00ebmur befas teksa ishte n\u00eb fluturim nga qyteti i Tomsk drejt Mosk\u00eb. Avioni u detyrua t\u00eb b\u00ebj\u00eb ulje t\u00eb detyruar n\u00eb Omsk, ku Navalny u shtrua me urgjenc\u00eb n\u00eb spital para se t\u00eb transportohej drejt Gjermanis\u00eb, ku ndodhet aktualisht.<\/p>\n<p>Pas mb\u00ebrritjes n\u00eb Berlin, u desh\u00ebn disa dit\u00eb para se qeveria gjermane t\u00eb dilte me nj\u00eb deklarat\u00eb zyrtare sipas s\u00eb cil\u00ebs lideri i opozit\u00ebs ruse, Navalny, ishte helmuar me Novichok, nj\u00eb agjent nervor u prodhuar n\u00eb Rusi.<\/p>\n<p>Nj\u00eb p\u00ebrfundim t\u00eb till\u00eb sipas Berlinit zyrtar kishin arritur dhe dy laborarore n\u00eb Franc\u00eb e Suedi. Pas k\u00ebsaj retorika zyrtare e Gjermanis\u00eb dhe vendeve t\u00eb tjera europian\u00eb drejt Mosk\u00ebs zyrtare u ashp\u00ebrsua, duke e k\u00ebrc\u00ebnuar k\u00ebt\u00eb t\u00eb fundit me sanksione.<\/p>\n<p>Fillimisht personat e af\u00ebrt t\u00eb Navalny-t than\u00eb pas s\u00ebmurjes s\u00eb tij se ai ishte helmuar me an\u00eb t\u00eb nj\u00eb gote \u00e7aji t\u00eb cil\u00ebn e kishte pir\u00eb para nisjes drejt Mosk\u00ebs.<\/p>\n<p>S\u00eb fundmi ka dal\u00eb nj\u00eb teori tjet\u00ebr, sipas s\u00eb cil\u00ebs Navalny \u00ebsht\u00eb helmuar n\u00eb hotel. Personat e af\u00ebrt t\u00eb Navalny-t deklaruan dit\u00ebn e djeshme se kishin inspektuar dhom\u00ebn ku kishte q\u00ebndruar lideri i opozit\u00ebs dhe kishin gjetur gjurm\u00eb t\u00eb Novichok-ut n\u00eb nj\u00eb got\u00eb uji, duke pretenduar se ai ishhte helmuar nj\u00eb nat\u00eb para nisjes drejt Mosk\u00ebs.<\/p>\n<p>Ata madje kan\u00eb publikuar n\u00eb Instagram edhe nj\u00eb video t\u00eb kontrollit q\u00eb i kan\u00eb b\u00ebr\u00eb dhom\u00ebs s\u00eb hotelit ku q\u00ebndroi Navalny nat\u00ebn para se t\u00eb s\u00ebmurej. Ata mor\u00ebn aty got\u00ebn q\u00eb pretendohet se helmoi liderin e opozit\u00ebs dhe e \u00e7uan p\u00ebr analiz\u00eb n\u00eb Gjermani ku m\u00eb pas u arrit n\u00eb p\u00ebrfundimin se ai ishte helmuar me Novichok.<\/p>\n<p>Rusia zyrtare i ka hedhur posht\u00eb akuzat e Gjermanis\u00eb dhe vendeve t\u00eb tjera t\u00eb BE-s\u00eb duke th\u00ebn\u00eb se po ushqen histerin\u00eb anti-ruse me k\u00ebrkesat dhe q\u00ebndrimet e saj. Ministri i Jasht\u00ebm, Lavrov, deklaronte para pak dit\u00ebsh se Moska nuk kishte asnj\u00eb p\u00ebrfitim nga vdekja e Navalny-t.<\/p>\n<p>P\u00ebrgatiti p\u00ebr <span style=\"color: #0000ff;\">Hashtag.al<\/span>, Klodian Manjani<\/p>\n","protected":false,"gt_translate_keys":[{"key":"rendered","format":"html"}]},"excerpt":{"rendered":"<p>Gjermania por edhe vendet e tjera t\u00eb BE-s\u00eb kan\u00eb akuzuar Rusin\u00eb p\u00ebr helmimin e liderit t\u00eb opozit\u00ebs, Navalny, duke i k\u00ebrkuar me forc\u00eb q\u00eb t\u00eb gjej\u00eb p\u00ebrgjegj\u00ebsit e t\u2019i nxjerr\u00eb para drejt\u00ebsis\u00eb. Navaly u s\u00ebmur befas teksa ishte n\u00eb fluturim nga qyteti i Tomsk drejt Mosk\u00eb. Avioni u detyrua t\u00eb b\u00ebj\u00eb ulje t\u00eb detyruar n\u00eb [&hellip;]<\/p>\n","protected":false,"gt_translate_keys":[{"key":"rendered","format":"html"}]},"author":51,"featured_media":400487,"comment_status":"open","ping_status":"open","sticky":false,"template":"","format":"standard","meta":{"footnotes":""},"categories":[6],"tags":[],"class_list":["post-400486","post","type-post","status-publish","format-standard","has-post-thumbnail","hentry","category-nderkombetare"],"gt_translate_keys":[{"key":"link","format":"url"}],"_links":{"self":[{"href":"https:\/\/www.hashtag.al\/index.php\/wp-json\/wp\/v2\/posts\/400486","targetHints":{"allow":["GET"]}}],"collection":[{"href":"https:\/\/www.hashtag.al\/index.php\/wp-json\/wp\/v2\/posts"}],"about":[{"href":"https:\/\/www.hashtag.al\/index.php\/wp-json\/wp\/v2\/types\/post"}],"author":[{"embeddable":true,"href":"https:\/\/www.hashtag.al\/index.php\/wp-json\/wp\/v2\/users\/51"}],"replies":[{"embeddable":true,"href":"https:\/\/www.hashtag.al\/index.php\/wp-json\/wp\/v2\/comments?post=400486"}],"version-history":[{"count":0,"href":"https:\/\/www.hashtag.al\/index.php\/wp-json\/wp\/v2\/posts\/400486\/revisions"}],"wp:featuredmedia":[{"embeddable":true,"href":"https:\/\/www.hashtag.al\/index.php\/wp-json\/wp\/v2\/media\/400487"}],"wp:attachment":[{"href":"https:\/\/www.hashtag.al\/index.php\/wp-json\/wp\/v2\/media?parent=400486"}],"wp:term":[{"taxonomy":"category","embeddable":true,"href":"https:\/\/www.hashtag.al\/index.php\/wp-json\/wp\/v2\/categories?post=400486"},{"taxonomy":"post_tag","embeddable":true,"href":"https:\/\/www.hashtag.al\/index.php\/wp-json\/wp\/v2\/tags?post=400486"}],"curies":[{"name":"wp","href":"https:\/\/api.w.org\/{rel}","templated":true}]}}