{"id":400282,"date":"2020-09-16T23:28:06","date_gmt":"2020-09-16T21:28:06","guid":{"rendered":"https:\/\/hashtag.al\/?p=400282"},"modified":"2020-09-16T23:28:06","modified_gmt":"2020-09-16T21:28:06","slug":"7-viktima-dhe-163-raste-te-reja-lidhur-me-covid-19-ne-maqedonine-e-veriut","status":"publish","type":"post","link":"https:\/\/www.hashtag.al\/index.php\/2020\/09\/16\/7-viktima-dhe-163-raste-te-reja-lidhur-me-covid-19-ne-maqedonine-e-veriut\/","title":{"rendered":"7 viktima dhe 163 raste t\u00eb reja lidhur me Covid-19 n\u00eb Maqedonin\u00eb e Veriut","gt_translate_keys":[{"key":"rendered","format":"text"}]},"content":{"rendered":"<p><img loading=\"lazy\" decoding=\"async\" class=\"aligncenter size-full wp-image-383590\" src=\"https:\/\/hashtag.al\/wp-content\/uploads\/2020\/06\/Maqedoni-e-Veriut-1.jpg\" alt=\"\" width=\"917\" height=\"490\" srcset=\"https:\/\/www.hashtag.al\/wp-content\/uploads\/2020\/06\/Maqedoni-e-Veriut-1.jpg 917w, https:\/\/www.hashtag.al\/wp-content\/uploads\/2020\/06\/Maqedoni-e-Veriut-1-300x160.jpg 300w, https:\/\/www.hashtag.al\/wp-content\/uploads\/2020\/06\/Maqedoni-e-Veriut-1-768x410.jpg 768w, https:\/\/www.hashtag.al\/wp-content\/uploads\/2020\/06\/Maqedoni-e-Veriut-1-620x330.jpg 620w\" sizes=\"auto, (max-width: 917px) 100vw, 917px\" \/><\/p>\n<p><span style=\"color: #000000;\">N\u00eb Maqedonin\u00eb e Veriut gjat\u00eb 24 or\u00ebve t\u00eb fundit jan\u00eb regjistruar 163 raste t\u00eb reja me koronavirusin e ri (COVID-19), duke e \u00e7uar numrin e p\u00ebrgjithsh\u00ebm t\u00eb rasteve me k\u00ebt\u00eb virus n\u00eb vend n\u00eb 16.088.<\/span><\/p>\n<p><span style=\"color: #000000;\">Ministria e Sh\u00ebndet\u00ebsis\u00eb b\u00ebri t\u00eb ditur se 7 persona kan\u00eb humbur jet\u00ebn n\u00eb 24 or\u00ebt e fundit, me \u00e7ka numri i p\u00ebrgjithsh\u00ebm i viktimave t\u00eb shkaktuara nga ky virus u rrit n\u00eb 668.<\/span><\/p>\n<p><span style=\"color: #000000;\">Sot, Instituti i Sh\u00ebndetit Publik regjistroi 132 pacient\u00eb t\u00eb sh\u00ebruar nga COVID-19, me \u00e7ka numri i p\u00ebrgjithsh\u00ebm i pacient\u00ebve t\u00eb sh\u00ebruar nga ky virus n\u00eb vend arrin n\u00eb 13.550 nd\u00ebrsa aktualisht numri i rasteve aktive me koronavirus \u00ebsht\u00eb 1.870.<\/span><\/p>\n<p><span style=\"color: #000000;\">Ministria e Sh\u00ebndet\u00ebsis\u00eb informon se n\u00eb 24 or\u00ebt e fundit jan\u00eb kryer 1.721 teste p\u00ebr COVID-19 nd\u00ebrsa deri m\u00eb tani jan\u00eb kryer gjithsej 169.481 teste.<\/span><\/p>\n","protected":false,"gt_translate_keys":[{"key":"rendered","format":"html"}]},"excerpt":{"rendered":"<p>N\u00eb Maqedonin\u00eb e Veriut gjat\u00eb 24 or\u00ebve t\u00eb fundit jan\u00eb regjistruar 163 raste t\u00eb reja me koronavirusin e ri (COVID-19), duke e \u00e7uar numrin e p\u00ebrgjithsh\u00ebm t\u00eb rasteve me k\u00ebt\u00eb virus n\u00eb vend n\u00eb 16.088. Ministria e Sh\u00ebndet\u00ebsis\u00eb b\u00ebri t\u00eb ditur se 7 persona kan\u00eb humbur jet\u00ebn n\u00eb 24 or\u00ebt e fundit, me \u00e7ka numri [&hellip;]<\/p>\n","protected":false,"gt_translate_keys":[{"key":"rendered","format":"html"}]},"author":32,"featured_media":384627,"comment_status":"open","ping_status":"open","sticky":false,"template":"","format":"standard","meta":{"footnotes":""},"categories":[65,13],"tags":[],"class_list":["post-400282","post","type-post","status-publish","format-standard","has-post-thumbnail","hentry","category-lajme","category-te-fundit"],"gt_translate_keys":[{"key":"link","format":"url"}],"_links":{"self":[{"href":"https:\/\/www.hashtag.al\/index.php\/wp-json\/wp\/v2\/posts\/400282","targetHints":{"allow":["GET"]}}],"collection":[{"href":"https:\/\/www.hashtag.al\/index.php\/wp-json\/wp\/v2\/posts"}],"about":[{"href":"https:\/\/www.hashtag.al\/index.php\/wp-json\/wp\/v2\/types\/post"}],"author":[{"embeddable":true,"href":"https:\/\/www.hashtag.al\/index.php\/wp-json\/wp\/v2\/users\/32"}],"replies":[{"embeddable":true,"href":"https:\/\/www.hashtag.al\/index.php\/wp-json\/wp\/v2\/comments?post=400282"}],"version-history":[{"count":0,"href":"https:\/\/www.hashtag.al\/index.php\/wp-json\/wp\/v2\/posts\/400282\/revisions"}],"wp:featuredmedia":[{"embeddable":true,"href":"https:\/\/www.hashtag.al\/index.php\/wp-json\/wp\/v2\/media\/384627"}],"wp:attachment":[{"href":"https:\/\/www.hashtag.al\/index.php\/wp-json\/wp\/v2\/media?parent=400282"}],"wp:term":[{"taxonomy":"category","embeddable":true,"href":"https:\/\/www.hashtag.al\/index.php\/wp-json\/wp\/v2\/categories?post=400282"},{"taxonomy":"post_tag","embeddable":true,"href":"https:\/\/www.hashtag.al\/index.php\/wp-json\/wp\/v2\/tags?post=400282"}],"curies":[{"name":"wp","href":"https:\/\/api.w.org\/{rel}","templated":true}]}}