{"id":400259,"date":"2020-09-16T19:41:12","date_gmt":"2020-09-16T17:41:12","guid":{"rendered":"https:\/\/hashtag.al\/?p=400259"},"modified":"2020-09-16T19:41:12","modified_gmt":"2020-09-16T17:41:12","slug":"situata-me-zjarret-ne-vend-xhacka-ben-bilancin-ndeshkime-per-shkaktaret","status":"publish","type":"post","link":"https:\/\/www.hashtag.al\/index.php\/2020\/09\/16\/situata-me-zjarret-ne-vend-xhacka-ben-bilancin-ndeshkime-per-shkaktaret\/","title":{"rendered":"Situata me zjarret n\u00eb vend, Xha\u00e7ka b\u00ebn bilancin: Nd\u00ebshkime p\u00ebr shkaktar\u00ebt","gt_translate_keys":[{"key":"rendered","format":"text"}]},"content":{"rendered":"<p><img loading=\"lazy\" decoding=\"async\" class=\"aligncenter size-full wp-image-400260\" src=\"https:\/\/hashtag.al\/wp-content\/uploads\/2020\/09\/119717017_3238189556216742_8512314075855182537_n-1-e1600278053185.jpg\" alt=\"\" width=\"720\" height=\"583\" srcset=\"https:\/\/www.hashtag.al\/wp-content\/uploads\/2020\/09\/119717017_3238189556216742_8512314075855182537_n-1-e1600278053185.jpg 720w, https:\/\/www.hashtag.al\/wp-content\/uploads\/2020\/09\/119717017_3238189556216742_8512314075855182537_n-1-e1600278053185-300x243.jpg 300w\" sizes=\"auto, (max-width: 720px) 100vw, 720px\" \/><\/p>\n<p><span style=\"color: #000000;\">Ministrja e Mbrojtjes Olta Xha\u00e7ka ka b\u00ebr\u00eb bilancin mbi situat\u00ebn e zjarreve n\u00eb vendin ton\u00eb.<\/span><\/p>\n<p><span style=\"color: #000000;\">Sipas asaj q\u00eb shkruan ministrja p\u00ebrmes rrjeteve sociale, n\u00eb vendin ton\u00eb jan\u00eb djegur sip\u00ebrfaqe me pyje dhe kullota n\u00eb 8 qarqe t\u00eb vendit.<\/span><\/p>\n<p><span style=\"color: #000000;\">Ajo shton se jan\u00eb angazhuar n\u00eb terren dhjet\u00ebra efektiv\u00eb t\u00eb FA-s\u00eb p\u00ebr disa operacione n\u00eb Fier, Shkod\u00ebr, Vlor\u00eb, Tiran\u00eb dhe Lezh\u00eb.<\/span><\/p>\n<p><span style=\"color: #000000;\">M\u00eb tej ministrja ka paralajm\u00ebruar masa t\u00eb r\u00ebnda p\u00ebr shkaktar\u00ebt e zjarreve si edhe p\u00ebr pushtetin vendor n\u00ebse nuk i p\u00ebrgjigjen situat\u00ebs emergjente.<\/span><\/p>\n<p><span style=\"color: #000000;\">\u201c<em>Flak\u00ebt e shkaktuara nga dora e njeriut m\u00eb shum\u00eb sesa nga temperaturat e larta, kan\u00eb prekur sip\u00ebrfaqe t\u00eb t\u00ebra me pyje e kullota n\u00eb 8 qarqe t\u00eb vendit.<\/em><\/span><\/p>\n<p><span style=\"color: #000000;\"><em>Dhjet\u00ebra efektiv\u00eb t\u00eb Forcave t\u00eb Armatosura, t\u00eb pajisur me mjetet e veshjet e posa\u00e7me kund\u00ebr zjarreve jan\u00eb angazhuar n\u00eb disa operacione n\u00eb Fier, Shkod\u00ebr, Vlor\u00eb, Tiran\u00eb, Lezh\u00eb etj, dit\u00eb e nat\u00eb, p\u00ebr shuarjen e zjarreve q\u00eb famtir\u00ebsisht nuk kan\u00eb cenuar sigurin\u00eb e banor\u00ebve n\u00eb k\u00ebto zona. <\/em><\/span><\/p>\n<p><span style=\"color: #000000;\"><em>Angazhimi i FA nga toka e ajri do t\u00eb jet\u00eb i pakursyer n\u00eb t\u00eb gjitha rastet kur, sipas ligjit, pushteti vendor ka ezauruar t\u00eb gjith\u00eb kapacitetin me njer\u00ebz e mjete.<\/em><\/span><\/p>\n<p><span style=\"color: #000000;\"><em>Ligji \u201cP\u00ebr mbrojtjen Civile\u201d, t\u00eb cilin e kemi miratuar nj\u00eb vit m\u00eb par\u00eb e q\u00eb p\u00ebrben nj\u00eb prej element\u00ebve m\u00eb t\u00eb r\u00ebnd\u00ebsish\u00ebm t\u00eb reform\u00ebs n\u00eb fush\u00ebn e emergjencave civile, nuk kursen as pushtetin vendor n\u00eb rast se nuk i p\u00ebrgjigjet situatave t\u00eb emergjenc\u00ebs, por as individ\u00ebt q\u00eb i v\u00ebn\u00eb zjarrin kullotave e pyjave, duke shkaktuar miliona lek\u00eb d\u00ebm t\u00eb pasuris\u00eb komb\u00ebtare\u201d-<\/em>shkruan Xha\u00e7ka.<\/span><\/p>\n<p>&nbsp;<\/p>\n","protected":false,"gt_translate_keys":[{"key":"rendered","format":"html"}]},"excerpt":{"rendered":"<p>Ministrja e Mbrojtjes Olta Xha\u00e7ka ka b\u00ebr\u00eb bilancin mbi situat\u00ebn e zjarreve n\u00eb vendin ton\u00eb. Sipas asaj q\u00eb shkruan ministrja p\u00ebrmes rrjeteve sociale, n\u00eb vendin ton\u00eb jan\u00eb djegur sip\u00ebrfaqe me pyje dhe kullota n\u00eb 8 qarqe t\u00eb vendit. Ajo shton se jan\u00eb angazhuar n\u00eb terren dhjet\u00ebra efektiv\u00eb t\u00eb FA-s\u00eb p\u00ebr disa operacione n\u00eb Fier, Shkod\u00ebr, [&hellip;]<\/p>\n","protected":false,"gt_translate_keys":[{"key":"rendered","format":"html"}]},"author":32,"featured_media":400260,"comment_status":"open","ping_status":"open","sticky":false,"template":"","format":"standard","meta":{"footnotes":""},"categories":[65,13],"tags":[],"class_list":["post-400259","post","type-post","status-publish","format-standard","has-post-thumbnail","hentry","category-lajme","category-te-fundit"],"gt_translate_keys":[{"key":"link","format":"url"}],"_links":{"self":[{"href":"https:\/\/www.hashtag.al\/index.php\/wp-json\/wp\/v2\/posts\/400259","targetHints":{"allow":["GET"]}}],"collection":[{"href":"https:\/\/www.hashtag.al\/index.php\/wp-json\/wp\/v2\/posts"}],"about":[{"href":"https:\/\/www.hashtag.al\/index.php\/wp-json\/wp\/v2\/types\/post"}],"author":[{"embeddable":true,"href":"https:\/\/www.hashtag.al\/index.php\/wp-json\/wp\/v2\/users\/32"}],"replies":[{"embeddable":true,"href":"https:\/\/www.hashtag.al\/index.php\/wp-json\/wp\/v2\/comments?post=400259"}],"version-history":[{"count":0,"href":"https:\/\/www.hashtag.al\/index.php\/wp-json\/wp\/v2\/posts\/400259\/revisions"}],"wp:featuredmedia":[{"embeddable":true,"href":"https:\/\/www.hashtag.al\/index.php\/wp-json\/wp\/v2\/media\/400260"}],"wp:attachment":[{"href":"https:\/\/www.hashtag.al\/index.php\/wp-json\/wp\/v2\/media?parent=400259"}],"wp:term":[{"taxonomy":"category","embeddable":true,"href":"https:\/\/www.hashtag.al\/index.php\/wp-json\/wp\/v2\/categories?post=400259"},{"taxonomy":"post_tag","embeddable":true,"href":"https:\/\/www.hashtag.al\/index.php\/wp-json\/wp\/v2\/tags?post=400259"}],"curies":[{"name":"wp","href":"https:\/\/api.w.org\/{rel}","templated":true}]}}