{"id":400202,"date":"2020-09-16T14:33:54","date_gmt":"2020-09-16T12:33:54","guid":{"rendered":"https:\/\/hashtag.al\/?p=400202"},"modified":"2020-09-16T14:33:54","modified_gmt":"2020-09-16T12:33:54","slug":"bardhi-rama-ka-ndertuar-shtetin-e-gangstereve-qeveria-e-pd-se-pas-25-prillit-do-e-kete-rendin-prioritet","status":"publish","type":"post","link":"https:\/\/www.hashtag.al\/index.php\/2020\/09\/16\/bardhi-rama-ka-ndertuar-shtetin-e-gangstereve-qeveria-e-pd-se-pas-25-prillit-do-e-kete-rendin-prioritet\/","title":{"rendered":"Bardhi: Rama ka nd\u00ebrtuar shtetin e gangster\u00ebve, qeveria e PD-s\u00eb pas 25 prillit do e ket\u00eb rendin prioritet","gt_translate_keys":[{"key":"rendered","format":"text"}]},"content":{"rendered":"<p><img loading=\"lazy\" decoding=\"async\" class=\"aligncenter size-full wp-image-400203\" src=\"https:\/\/hashtag.al\/wp-content\/uploads\/2020\/09\/bardhi-1.jpg\" alt=\"\" width=\"1280\" height=\"853\" srcset=\"https:\/\/www.hashtag.al\/wp-content\/uploads\/2020\/09\/bardhi-1.jpg 1280w, https:\/\/www.hashtag.al\/wp-content\/uploads\/2020\/09\/bardhi-1-300x200.jpg 300w, https:\/\/www.hashtag.al\/wp-content\/uploads\/2020\/09\/bardhi-1-768x512.jpg 768w, https:\/\/www.hashtag.al\/wp-content\/uploads\/2020\/09\/bardhi-1-1024x682.jpg 1024w\" sizes=\"auto, (max-width: 1280px) 100vw, 1280px\" \/><\/p>\n<p><span style=\"color: #000000;\">Partia Demokratike ka denoncuar kryeministrin Rama p\u00ebr gjendjen n\u00eb t\u00eb cil\u00ebn ndodhet vendi p\u00ebr sa i p\u00ebrket kriminalitetit. <\/span><\/p>\n<p><span style=\"color: #000000;\">Numri dy i selis\u00eb blu, Bardhi, ka th\u00ebn\u00eb sot se shteti q\u00eb ka nd\u00ebrtuar Rama \u00ebsht\u00eb ai i gangster\u00ebve, teksa bandat vriten n\u00eb mes t\u00eb Tiran\u00ebs, n\u00eb mes t\u00eb dit\u00ebs e kriminel\u00ebt bredhin t\u00eb qet\u00eb. <\/span><\/p>\n<p><span style=\"color: #000000;\">Ai theksoi se politika \u2018h\u00ebngshin kokat e nj\u00ebri-tjetrit\u2019 e ka burimin te pakti i Ram\u00ebs me krimin.<\/span><\/p>\n<p><span style=\"color: #000000;\"><em>\u201cShteti q\u00eb ka nd\u00ebrtuar Edi Rama \u00ebsht\u00eb ai i gangster\u00ebve. Bandat vriten n\u00eb mes t\u00eb kryeqytetit, n\u00eb mes t\u00eb dit\u00ebs dhe kriminel\u00ebt nuk kapen, sepse Edi Rama ka d\u00ebshtuar si kryeminist\u00ebr. Goditja mafioze, e p\u00ebrjetuar nga shum\u00eb qytetar\u00eb si nj\u00eb sulm terrorist n\u00eb nj\u00eb nga qendrat m\u00eb t\u00eb populluara t\u00eb Tiran\u00ebs, \u00ebsht\u00eb pasoj\u00eb e politik\u00ebs s\u00eb Edi Ram\u00ebs \u2018h\u00ebngshin kokat e nj\u00ebri-tjetrit\u2019. Nj\u00eb politik\u00eb e till\u00eb ka l\u00ebn\u00eb krimin t\u00eb lir\u00eb t\u00eb b\u00ebj\u00eb \u00e7far\u00eb t\u00eb doj\u00eb, kur t\u00eb doj\u00eb dhe si t\u00eb doj\u00eb, duke b\u00ebr\u00eb viktima t\u00eb luft\u00ebs s\u00eb tyre edhe f\u00ebmij\u00ebt, si\u00e7 ndodhi mbr\u00ebm\u00eb n\u00eb aktin mafioz-terrorist n\u00eb Tiran\u00eb. Politika \u2018h\u00ebngshin kokat e veta\u2019 e ka burimin tek pakti i Edi Ram\u00ebs me krimin, i cili \u00ebsht\u00eb burimi i pasiguris\u00eb s\u00eb qytetar\u00ebve. Kryeministri n\u00eb ikje ka d\u00ebshtuar me vendosjen e rendit dhe siguris\u00eb, sepse ai erdhi dhe q\u00ebndroi n\u00eb pushtet, duke patur ortak krimin dhe bandat. Prioriteti i tij \u00ebsht\u00eb t\u00eb mbroj\u00eb dhe t\u00eb pasuroj\u00eb kriminel\u00ebt q\u00eb i mbajn\u00eb n\u00eb k\u00ebmb\u00eb pushtetin dhe jo t\u00eb mbroj\u00eb qytetar\u00ebt shqiptar\u00eb.\u201d<\/em> &#8211; tha Bardhi.<\/span><\/p>\n<p><span style=\"color: #000000;\">Ai vijoj m\u00eb tej duke th\u00ebn\u00eb se shum\u00eb nga kriminel\u00ebt q\u00eb po vriten rrug\u00ebve kan\u00eb marr\u00eb leje, licenca, tendera, nd\u00ebrtojn\u00eb pallate e pastrojn\u00eb parat\u00eb e trafikut t\u00eb drog\u00ebs, nj\u00eb histori 22-vje\u00e7are e Edi Ram\u00ebs n\u00eb politik\u00eb.<\/span><\/p>\n<p><span style=\"color: #000000;\"><em>\u201cShum\u00eb nga kriminel\u00ebt q\u00eb vriten rrug\u00ebve kan\u00eb marr\u00eb leje, licensa, marrin tendera, nd\u00ebrtojn\u00eb pallate, ku pastrojn\u00eb parat\u00eb e trafikut t\u00eb drog\u00ebs. Jan\u00eb k\u00ebto para me t\u00eb cilat financohet fushata e pist\u00eb elektorale dhe qendrimi n\u00eb politik\u00eb i Edi Ram\u00ebs. Kjo nuk \u00ebsht\u00eb histori e sotme! \u00cbsht\u00eb historia 22 vje\u00e7are e Edi Ram\u00ebs n\u00eb politik\u00eb. Ai ka punuar me krimin, e ka mbrojtur krimin, e ka pasuruar krimin! K\u00ebtu gjendet edhe p\u00ebrgjigja p\u00ebrse vrasjet, shp\u00ebrthimet me tritol, atentatet mafioze nuk parandalohen dhe autor\u00ebt nuk gjenden. Tek qytetar\u00ebt sot mbizot\u00ebron opinioni se shteti mungon dhe territori \u00ebsht\u00eb l\u00ebn\u00eb n\u00ebn thundr\u00ebn e krimit, duke krijuar nj\u00eb situat\u00eb t\u00eb p\u00ebrkeq\u00ebsuar p\u00ebr sigurin\u00eb e jet\u00ebs s\u00eb tyre.\u201d<\/em> \u2013 vijoi Bardhi.<\/span><\/p>\n<p><span style=\"color: #000000;\">Numri dy i PD-s\u00eb komentoi edhe ministrin e Brendsh\u00ebm, Lleshaj, p\u00ebr t\u00eb cilin tha se ai nuk ka asnj\u00eb ndryshim nga gangster\u00ebt q\u00eb l\u00ebvizin n\u00eb rrug\u00eb me makina superluksoze duke u sjell\u00eb si bandit.<\/span><\/p>\n<p><span style=\"color: #000000;\"><em>\u201c\u00c7far\u00eb b\u00ebn Edi Rama p\u00ebr t\u00eb k\u00ebt\u00eb gjendje? Ble nj\u00eb makin\u00eb t\u00eb re t\u00eb fjal\u00ebs s\u00eb fundit p\u00ebr Ministrin e tij t\u00eb Brendsh\u00ebm. Duke zgjedhur spektaklin e luksit, n\u00eb vend q\u00eb t\u00eb b\u00ebj\u00eb detyr\u00ebn p\u00ebr t\u00eb garantuar rend dhe siguri, Sand\u00ebr Lleshaj nuk ka asnj\u00eb ndryshim nga gangster\u00ebt q\u00eb l\u00ebvizin n\u00ebp\u00ebr rrug\u00eb me makina superluksoze, ose t\u00eb vjedhura, ose t\u00eb blera me para nga aktiviteti kriminal. Ministri sillet si bandit, duke e angazhuar Policin\u00eb e Shtetit n\u00eb luft\u00eb me qytetar\u00ebt dhe jo me krimin. Policia p\u00ebrdoret p\u00ebr t\u00eb dhunuar opozit\u00ebn, protestuesit, student\u00ebt, naft\u00ebtar\u00ebt, q\u00eb protestojn\u00eb p\u00ebr t\u00eb drejtat e tyre, por \u00ebsht\u00eb kok\u00ebulur p\u00ebrball\u00eb krimit, sepse \u00ebsht\u00eb e tradh\u00ebtuar nga kupola drejtuese politike e Policis\u00eb s\u00eb Shtetit.\u201d<\/em> \u2013 vijoi Bardhi deklarat\u00ebn.<\/span><\/p>\n<p><span style=\"color: #000000;\">N\u00eb fund, zyrtari i lart\u00eb i PD-s\u00eb tha se qeveria ka d\u00ebshtuar p\u00ebr sa i p\u00ebrket ligjit e rendit n\u00eb vend, ka d\u00ebshtuar n\u00eb ekonomi e n\u00eb t\u00eb gjitha fushat e tjera. Sipas Bardhit, qeveria e re e PD-s\u00eb, q\u00eb do dal\u00eb nga zgjedhjet e 25 prillit do e ket\u00eb rendin e sigurin\u00eb publik prioritet kryesore.<\/span><\/p>\n<p><span style=\"color: #000000;\"><em>\u201cFjal\u00ebt ligj, rend, siguri nuk kan\u00eb asnj\u00eb lidhje me k\u00ebt\u00eb qeveri. Ajo ka d\u00ebshtuar n\u00eb zbulimin e t\u00eb gjitha vrasjeve t\u00eb bujshme dhe nuk ka \u00e7uar para drejt\u00ebsis\u00eb qoft\u00eb edhe vet\u00ebm 1 bos t\u00eb trafikut t\u00eb drog\u00ebs. Kjo qeveri nuk ka m\u00eb asnj\u00eb ofert\u00eb t\u00eb mir\u00eb p\u00ebr qytetar\u00ebt. Qytetar\u00ebt e refuzojn\u00eb politik\u00ebn e Edi Ram\u00ebs \u2018h\u00ebngshin kokat e nj\u00ebri-tjetrit\u2019. N\u00eb k\u00ebt\u00eb gjendje t\u00eb v\u00ebshtir\u00eb ekonomike, sociale, psikologjike dhe politike qytetar\u00ebt kan\u00eb nevoj\u00eb p\u00ebr nj\u00eb qeveri q\u00eb nuk flirton me krimin, nuk \u00ebsht\u00eb n\u00eb ortak\u00ebri me trafikant\u00ebt e drog\u00ebs, nuk mbahet peng nga parat\u00eb e pista t\u00eb krimit t\u00eb organizuar. Qeveria e PD, e dal\u00eb nga zgjedhjet e 25 Prillit, do t\u00eb ket\u00eb rendin dhe sigurin\u00eb publike prioritet kryesor t\u00eb saj. Kush \u00ebsht\u00eb p\u00ebr burg, do t\u00eb shkoj\u00eb n\u00eb burg! Ligji nuk do t\u00eb tregoj\u00eb m\u00ebshir\u00eb p\u00ebr ask\u00ebnd q\u00eb c\u00ebnon jet\u00ebn, pron\u00ebn dhe sigurin\u00eb e qytetar\u00ebve!\u201d<\/em> \u2013 mbylli deklarat\u00ebn Bardhi.<\/span><\/p>\n","protected":false,"gt_translate_keys":[{"key":"rendered","format":"html"}]},"excerpt":{"rendered":"<p>Partia Demokratike ka denoncuar kryeministrin Rama p\u00ebr gjendjen n\u00eb t\u00eb cil\u00ebn ndodhet vendi p\u00ebr sa i p\u00ebrket kriminalitetit. Numri dy i selis\u00eb blu, Bardhi, ka th\u00ebn\u00eb sot se shteti q\u00eb ka nd\u00ebrtuar Rama \u00ebsht\u00eb ai i gangster\u00ebve, teksa bandat vriten n\u00eb mes t\u00eb Tiran\u00ebs, n\u00eb mes t\u00eb dit\u00ebs e kriminel\u00ebt bredhin t\u00eb qet\u00eb. Ai theksoi [&hellip;]<\/p>\n","protected":false,"gt_translate_keys":[{"key":"rendered","format":"html"}]},"author":51,"featured_media":400203,"comment_status":"open","ping_status":"open","sticky":false,"template":"","format":"standard","meta":{"footnotes":""},"categories":[65,13],"tags":[],"class_list":["post-400202","post","type-post","status-publish","format-standard","has-post-thumbnail","hentry","category-lajme","category-te-fundit"],"gt_translate_keys":[{"key":"link","format":"url"}],"_links":{"self":[{"href":"https:\/\/www.hashtag.al\/index.php\/wp-json\/wp\/v2\/posts\/400202","targetHints":{"allow":["GET"]}}],"collection":[{"href":"https:\/\/www.hashtag.al\/index.php\/wp-json\/wp\/v2\/posts"}],"about":[{"href":"https:\/\/www.hashtag.al\/index.php\/wp-json\/wp\/v2\/types\/post"}],"author":[{"embeddable":true,"href":"https:\/\/www.hashtag.al\/index.php\/wp-json\/wp\/v2\/users\/51"}],"replies":[{"embeddable":true,"href":"https:\/\/www.hashtag.al\/index.php\/wp-json\/wp\/v2\/comments?post=400202"}],"version-history":[{"count":0,"href":"https:\/\/www.hashtag.al\/index.php\/wp-json\/wp\/v2\/posts\/400202\/revisions"}],"wp:featuredmedia":[{"embeddable":true,"href":"https:\/\/www.hashtag.al\/index.php\/wp-json\/wp\/v2\/media\/400203"}],"wp:attachment":[{"href":"https:\/\/www.hashtag.al\/index.php\/wp-json\/wp\/v2\/media?parent=400202"}],"wp:term":[{"taxonomy":"category","embeddable":true,"href":"https:\/\/www.hashtag.al\/index.php\/wp-json\/wp\/v2\/categories?post=400202"},{"taxonomy":"post_tag","embeddable":true,"href":"https:\/\/www.hashtag.al\/index.php\/wp-json\/wp\/v2\/tags?post=400202"}],"curies":[{"name":"wp","href":"https:\/\/api.w.org\/{rel}","templated":true}]}}